{"id":6550,"date":"2020-11-16T15:22:58","date_gmt":"2020-11-16T14:22:58","guid":{"rendered":"http:\/\/www.ventimigliablog.it\/blog\/?p=6550"},"modified":"2020-11-16T15:22:58","modified_gmt":"2020-11-16T14:22:58","slug":"eleonora-palmero-assessore-ecco-le-nuove-deleghe-in-piena-condivisione-con-tutta-la-maggioranza","status":"publish","type":"post","link":"https:\/\/www.ventimigliablog.it\/blog\/eleonora-palmero-assessore-ecco-le-nuove-deleghe-in-piena-condivisione-con-tutta-la-maggioranza\/","title":{"rendered":"Eleonora Palmero assessore. Ecco le nuove deleghe \u00abin piena condivisione con tutta la maggioranza\u00bb"},"content":{"rendered":"<p style=\"text-align: justify;\"><img loading=\"lazy\" decoding=\"async\" width=\"225\" height=\"300\" class=\"alignright wp-image-6551 size-medium\" alt=\"\" src=\"http:\/\/www.ventimigliablog.it\/blog\/wp-content\/uploads\/2020\/11\/palmero-225x300.jpg\" srcset=\"https:\/\/www.ventimigliablog.it\/blog\/wp-content\/uploads\/2020\/11\/palmero-225x300.jpg 225w, https:\/\/www.ventimigliablog.it\/blog\/wp-content\/uploads\/2020\/11\/palmero-768x1024.jpg 768w, https:\/\/www.ventimigliablog.it\/blog\/wp-content\/uploads\/2020\/11\/palmero-1152x1536.jpg 1152w, https:\/\/www.ventimigliablog.it\/blog\/wp-content\/uploads\/2020\/11\/palmero.jpg 1200w\" sizes=\"(max-width: 225px) 100vw, 225px\" \/>Questa mattina, 16 novembre, il sindaco Gaetano Scullino, ha ufficialmente nominato Eleonora Palmero nuovo assessore della Giunta ventimigliese in sostituzione della dimissionaria Mabel Riolfo, eletta consigliere regionale. Diventando assessore, Eleonora Palmero si \u00e8 a sua volta dimessa da consigliere comunale, essendo le due cariche incompatibili. Domenico Calimera, gi\u00e0 consigliere comunale, sindacalista e frontaliere, il primo dei non eletti della lista della Lega,&nbsp;assumer\u00e0 la carica di consigliere comunale nella prossima seduta del 27 novembre. Soddisfazione per i due nuovi ingressi per il sindaco Gaetano Scullino: \u00abNel contempo, come avevo preannunciato, con la piena adesione di tutte le forze della coalizione della maggioranza, ho ridefinito tutte le deleghe dei miei assessori per renderle funzionali alla nuova organizzazione della macchina comunale, di recente modificata, e per creare un maggior collegamento con gli obiettivi programmatici che l&#8217;Amministrazione si \u00e8 posta. Lo scopo \u00e8 realizzare concretamente il programma elettorale e mantenere gli impegni assunti con i cittadini. Il tutto, ripeto, in piena condivisione con tutta la mia maggioranza, a differenza di quanto alcuni della minoranza sperassero. Gli assessori sono al servizio dei cittadini per attuare il programma amministrativo, a noi interessa solo questo, tutto il resto lo lascio a chi vuole solo partecipare al teatrino della politica\u00bb.<\/p>\n<p style=\"text-align: justify;\">Ecco le nuove deleghe che creano anche una maggiore connessione con le deleghe degli assessori regionali:<!--more--><\/p>\n<p style=\"text-align: justify;\"><em><strong>ASSESSORI<\/strong><\/em><\/p>\n<div style=\"text-align: justify;\" dir=\"auto\"><strong>GIANNI ASCHERI:<\/strong> Lavori pubblici, Infrastrutture, Difesa del Suolo, Tutela del territorio, Antincendio Boschivo, Patrimonio.<\/div>\n<div style=\"text-align: justify;\" dir=\"auto\"><strong>SIMONE BERTOLUCCI<\/strong>: Vicesindaco, Manifestazioni, Fiere turistiche e Grandi eventi, Marketing e Promozione Territoriale, Cultura e Spettacolo, Sport, Protezione civile, Emergenze, Programmi comunitari di competenza.<\/div>\n<div style=\"text-align: justify;\" dir=\"auto\"><strong>MATTEO DE VILLA:<\/strong> Sviluppo economico, Industria, Commercio, Artigianato, Turismo, Mercati commerciali, Ricerca e Innovazione tecnologica, Energia e Sviluppo occupazionale.&nbsp;<\/div>\n<div style=\"text-align: justify;\" dir=\"auto\"><strong>ELEONORA PALMERO:<\/strong> Frazioni, Agricoltura, Floricoltura, Allevamento, Immigrazione e Emigrazione, Pari Opportunit\u00e0, Disabilit\u00e0 e Progetti terza et\u00e0, Tutela degli Animali d\u2019affezione, Tutela dei Consumatori e Promozione dei prodotti tipici liguri.&nbsp; &nbsp;&nbsp;<\/div>\n<div style=\"text-align: justify;\" dir=\"auto\"><strong>TIZIANA PANETTA:<\/strong> Urbanistica, Pianificazione territoriale, Demanio marittimo e Tutela del Paesaggio, Politiche abitative ed Edilizia, Progetti strategici comunali e regionali, Attivit\u00e0 estrattive, Contenzioso, Servizi Legali e Partecipazioni<\/div>\n\t<div class=\"quickshare-container\">\r\n\t<ul class=\"quickshare-text qs-genericons quickshare-small\">\r\n\t\t<li class=\"quickshare-share\">Condividi :<\/li> \r\n\t\t<li><a href=\"https:\/\/facebook.com\/sharer.php?u=https%3A%2F%2Fwww.ventimigliablog.it%2Fblog%2Feleonora-palmero-assessore-ecco-le-nuove-deleghe-in-piena-condivisione-con-tutta-la-maggioranza%2F&amp;t=Eleonora+Palmero+assessore.+Ecco+le+nuove+deleghe+%C2%ABin+piena+condivisione+con+tutta+la+maggioranza%C2%BB+<+Ventimigliablog\" target=\"_blank\" title=\"Share on Facebook\"><span class=\"quickshare-facebook\">Facebook<\/span><\/a><\/li>\t\t<li><a href=\"https:\/\/twitter.com\/intent\/tweet?url=https%3A%2F%2Fwww.ventimigliablog.it%2Fblog%2Feleonora-palmero-assessore-ecco-le-nuove-deleghe-in-piena-condivisione-con-tutta-la-maggioranza%2F&amp;text=Eleonora+Palmero+assessore.+Ecco+le+nuove+deleghe+%C2%ABin+piena+condivisione+con+tutta+la+maggioranza%C2%BB+<+Ventimigliablog\" target=\"_blank\" title=\"Share on Twitter\"><span class=\"quickshare-twitter\">Twitter<\/span><\/a><\/li>\t\t\t\t\t\t<li><a href=\"https:\/\/plus.google.com\/share?url=https%3A%2F%2Fwww.ventimigliablog.it%2Fblog%2Feleonora-palmero-assessore-ecco-le-nuove-deleghe-in-piena-condivisione-con-tutta-la-maggioranza%2F\" target=\"_blank\" title=\"Share on Google+\"><span class=\"quickshare-googleplus\">Google+<\/span><\/a><\/li>\t\t\t\t\t\t\t\t<li><a href=\"mailto:?subject=Ventimigliablog:+Eleonora+Palmero+assessore.+Ecco+le+nuove+deleghe+%C2%ABin+piena+condivisione+con+tutta+la+maggioranza%C2%BB&amp;body=https%3A%2F%2Fwww.ventimigliablog.it%2Fblog%2Feleonora-palmero-assessore-ecco-le-nuove-deleghe-in-piena-condivisione-con-tutta-la-maggioranza%2F\" target=\"_blank\" title=\"Share via Email\"><span class=\"quickshare-email\">Email<\/span><\/a><\/li>\t<\/ul>\r\n\t<\/div>\r\n","protected":false},"excerpt":{"rendered":"<p>Questa mattina, 16 novembre, il sindaco Gaetano Scullino, ha ufficialmente nominato Eleonora Palmero nuovo assessore della Giunta ventimigliese in sostituzione della dimissionaria Mabel Riolfo, eletta consigliere regionale. Diventando assessore, Eleonora Palmero si \u00e8 a sua volta dimessa da consigliere comunale, &hellip; <a href=\"https:\/\/www.ventimigliablog.it\/blog\/eleonora-palmero-assessore-ecco-le-nuove-deleghe-in-piena-condivisione-con-tutta-la-maggioranza\/\">Continua a leggere<span class=\"meta-nav\">&rarr;<\/span><\/a><\/p>\n","protected":false},"author":153,"featured_media":0,"comment_status":"open","ping_status":"closed","sticky":false,"template":"","format":"standard","meta":{"ngg_post_thumbnail":0,"footnotes":""},"categories":[1],"tags":[],"_links":{"self":[{"href":"https:\/\/www.ventimigliablog.it\/blog\/wp-json\/wp\/v2\/posts\/6550"}],"collection":[{"href":"https:\/\/www.ventimigliablog.it\/blog\/wp-json\/wp\/v2\/posts"}],"about":[{"href":"https:\/\/www.ventimigliablog.it\/blog\/wp-json\/wp\/v2\/types\/post"}],"author":[{"embeddable":true,"href":"https:\/\/www.ventimigliablog.it\/blog\/wp-json\/wp\/v2\/users\/153"}],"replies":[{"embeddable":true,"href":"https:\/\/www.ventimigliablog.it\/blog\/wp-json\/wp\/v2\/comments?post=6550"}],"version-history":[{"count":1,"href":"https:\/\/www.ventimigliablog.it\/blog\/wp-json\/wp\/v2\/posts\/6550\/revisions"}],"predecessor-version":[{"id":6552,"href":"https:\/\/www.ventimigliablog.it\/blog\/wp-json\/wp\/v2\/posts\/6550\/revisions\/6552"}],"wp:attachment":[{"href":"https:\/\/www.ventimigliablog.it\/blog\/wp-json\/wp\/v2\/media?parent=6550"}],"wp:term":[{"taxonomy":"category","embeddable":true,"href":"https:\/\/www.ventimigliablog.it\/blog\/wp-json\/wp\/v2\/categories?post=6550"},{"taxonomy":"post_tag","embeddable":true,"href":"https:\/\/www.ventimigliablog.it\/blog\/wp-json\/wp\/v2\/tags?post=6550"}],"curies":[{"name":"wp","href":"https:\/\/api.w.org\/{rel}","templated":true}]}}