{"id":6587,"date":"2020-12-22T15:03:36","date_gmt":"2020-12-22T14:03:36","guid":{"rendered":"http:\/\/www.ventimigliablog.it\/blog\/?p=6587"},"modified":"2020-12-24T16:12:54","modified_gmt":"2020-12-24T15:12:54","slug":"ce-anche-ventimiglia-nel-nuovo-romanzo-giallo-la-piena-assassina","status":"publish","type":"post","link":"https:\/\/www.ventimigliablog.it\/blog\/ce-anche-ventimiglia-nel-nuovo-romanzo-giallo-la-piena-assassina\/","title":{"rendered":"C&#8217;\u00e8 anche Ventimiglia nel nuovo romanzo giallo \u00abLa piena assassina\u00bb"},"content":{"rendered":"<div id=\"attachment_6588\" style=\"width: 310px\" class=\"wp-caption alignright\"><img loading=\"lazy\" decoding=\"async\" aria-describedby=\"caption-attachment-6588\" class=\"wp-image-6588 size-medium\" src=\"http:\/\/www.ventimigliablog.it\/blog\/wp-content\/uploads\/2020\/12\/IMG_2912-300x216.jpg\" alt=\"\" width=\"300\" height=\"216\" srcset=\"https:\/\/www.ventimigliablog.it\/blog\/wp-content\/uploads\/2020\/12\/IMG_2912-300x216.jpg 300w, https:\/\/www.ventimigliablog.it\/blog\/wp-content\/uploads\/2020\/12\/IMG_2912-1024x737.jpg 1024w, https:\/\/www.ventimigliablog.it\/blog\/wp-content\/uploads\/2020\/12\/IMG_2912-768x553.jpg 768w, https:\/\/www.ventimigliablog.it\/blog\/wp-content\/uploads\/2020\/12\/IMG_2912-417x300.jpg 417w, https:\/\/www.ventimigliablog.it\/blog\/wp-content\/uploads\/2020\/12\/IMG_2912.jpg 1200w\" sizes=\"(max-width: 300px) 100vw, 300px\" \/><p id=\"caption-attachment-6588\" class=\"wp-caption-text\">L&#8217;autore Gian Maria Aliberti Gerbotto con il sindaco di Ventimiglia Scullino<\/p><\/div>\n<p style=\"text-align: justify;\">Tocca anche la Liguria, in particolare le citt\u00e0 di Ventimiglia, Ospedaletti e Sanremo, la trama del nuovo atteso romanzo di Gian Maria Aliberti Gerbotto: \u00abLa piena assassina\u00bb un giallo che vuole anche sensibilizzare al tema sempre pi\u00f9 pressante dell&#8217;emergenza climatica, con Prefazione del meteorologo Colonnello Giuliacci.<br \/>\nIl libro \u00e8 una vera e propria carrellata di personaggi reali, noti e meno noti, liguri e piemontesi, che l\u2019autore si \u00e8 divertito a disseminare nel romanzo, coinvolgendoli nella trama, citandoli con i loro veri nomi.<br \/>\nLa storia che parte dal Piemonte, si snoda poi tra Saluzzo, Cuneo, Alba e Limone, sino ad arrivare alla Liguria, dove sono reali anche i luoghi e le ambientazioni del giallo; caratteristica ormai consolidata dei libri di Aliberti, che l&#8217;anno scorso gli valse anche il plauso dell&#8217;assessore al turismo Gianni Berrino che defin\u00ec i suoi romanzi \u00abUna bella vetrina per le eccellenze del territorio\u00bb.<!--more--><br \/>\nEd \u00e8 cos\u00ec che i protagonisti del giallo alloggiano a Le Ville sul ponente ligure e passano poi una bella serata ad Ospedaletti cenando al ristorante Byblos dove Marco, il titolare, racconta ai suoi commensali le bellezze della citt\u00e0&#8230; la sua storia ai tempi del Casin\u00f2 e del circuito automobilistico su cui corse anche Fangio. Ma c&#8217;\u00e8 spazio anche per una visita alla cantina del Rossese dei Gajaudo, a Isolabona per degustare i migliori vini della riviera. E poi ancora Sanremo con il suo Festival, Ventimiglia e i suoi giardini Hanbury, il Forte e le famose spiagge dei Balzi rossi.&nbsp;<\/p>\n<p style=\"text-align: justify;\">Ma veniamo alla trama: \u00abTutto parte da una tragica alluvione. Un violento nubifragio provoca l&#8217;esondazione di un fiume e sul luogo della catastrofe viene ritrovato il cadavere di un banchiere: Beppe Ghisolfi, personaggio noto dei giorni nostri, assolutamente vivo e vegeto, ma che con ironia si \u00e8 prestato alla mia finzione romanzesca\u00bb. Ci spiega l&#8217;autore, 48enne giornalista saluzzese, ormai al suo sesto giallo.&nbsp;<\/p>\n<p style=\"text-align: justify;\">\u00abMi sembra azzeccata e originale la scelta di Aliberti Gerbotto di ambientare il suo nuovo libro nell\u2019ambito di un\u2019alluvione. Del resto questi fenomeni conseguenti a forti nubifragi non sono eventi naturali improbabili, e ogni anno in Italia se ne verificano almeno un centinaio sempre pi\u00f9 distruttivi, proprio come avviene in questo romanzo\u00bb. Scrive nella Prefazione il meteorologo colonnello Giuliacci, il signor \u201cBuonaseeeera\u201d che tutti ricordiamo alle previsioni del tempo di Canale 5 e poi La 7.<\/p>\n<p style=\"text-align: justify;\">L&#8217;ultimo romanzo di Aliberti, che ha gi\u00e0 all&#8217;attivo anche una decina di libri, spesso dedicati al mondo dei vip e pubblicati da case editrici del calibro di Piemme e Mondadori, o distribuiti da Rizzoli e De Agostini, si pu\u00f2 acquistare in libreria al prezzo di 16 euro ma anche on line su Amazon e il sito internet della Mondadori.<\/p>\n\t<div class=\"quickshare-container\">\r\n\t<ul class=\"quickshare-text qs-genericons quickshare-small\">\r\n\t\t<li class=\"quickshare-share\">Condividi :<\/li> \r\n\t\t<li><a href=\"https:\/\/facebook.com\/sharer.php?u=https%3A%2F%2Fwww.ventimigliablog.it%2Fblog%2Fce-anche-ventimiglia-nel-nuovo-romanzo-giallo-la-piena-assassina%2F&amp;t=C%26%238217%3B%C3%A8+anche+Ventimiglia+nel+nuovo+romanzo+giallo+%C2%ABLa+piena+assassina%C2%BB+<+Ventimigliablog\" target=\"_blank\" title=\"Share on Facebook\"><span class=\"quickshare-facebook\">Facebook<\/span><\/a><\/li>\t\t<li><a href=\"https:\/\/twitter.com\/intent\/tweet?url=https%3A%2F%2Fwww.ventimigliablog.it%2Fblog%2Fce-anche-ventimiglia-nel-nuovo-romanzo-giallo-la-piena-assassina%2F&amp;text=C%26%238217%3B%C3%A8+anche+Ventimiglia+nel+nuovo+romanzo+giallo+%C2%ABLa+piena+assassina%C2%BB+<+Ventimigliablog\" target=\"_blank\" title=\"Share on Twitter\"><span class=\"quickshare-twitter\">Twitter<\/span><\/a><\/li>\t\t\t\t\t\t<li><a href=\"https:\/\/plus.google.com\/share?url=https%3A%2F%2Fwww.ventimigliablog.it%2Fblog%2Fce-anche-ventimiglia-nel-nuovo-romanzo-giallo-la-piena-assassina%2F\" target=\"_blank\" title=\"Share on Google+\"><span class=\"quickshare-googleplus\">Google+<\/span><\/a><\/li>\t\t\t\t\t\t\t\t<li><a href=\"mailto:?subject=Ventimigliablog:+C%26%238217%3B%C3%A8+anche+Ventimiglia+nel+nuovo+romanzo+giallo+%C2%ABLa+piena+assassina%C2%BB&amp;body=https%3A%2F%2Fwww.ventimigliablog.it%2Fblog%2Fce-anche-ventimiglia-nel-nuovo-romanzo-giallo-la-piena-assassina%2F\" target=\"_blank\" title=\"Share via Email\"><span class=\"quickshare-email\">Email<\/span><\/a><\/li>\t<\/ul>\r\n\t<\/div>\r\n","protected":false},"excerpt":{"rendered":"<p>Tocca anche la Liguria, in particolare le citt\u00e0 di Ventimiglia, Ospedaletti e Sanremo, la trama del nuovo atteso romanzo di Gian Maria Aliberti Gerbotto: \u00abLa piena assassina\u00bb un giallo che vuole anche sensibilizzare al tema sempre pi\u00f9 pressante dell&#8217;emergenza climatica, &hellip; <a href=\"https:\/\/www.ventimigliablog.it\/blog\/ce-anche-ventimiglia-nel-nuovo-romanzo-giallo-la-piena-assassina\/\">Continua a leggere<span class=\"meta-nav\">&rarr;<\/span><\/a><\/p>\n","protected":false},"author":153,"featured_media":0,"comment_status":"open","ping_status":"closed","sticky":false,"template":"","format":"standard","meta":{"ngg_post_thumbnail":0,"footnotes":""},"categories":[1],"tags":[],"_links":{"self":[{"href":"https:\/\/www.ventimigliablog.it\/blog\/wp-json\/wp\/v2\/posts\/6587"}],"collection":[{"href":"https:\/\/www.ventimigliablog.it\/blog\/wp-json\/wp\/v2\/posts"}],"about":[{"href":"https:\/\/www.ventimigliablog.it\/blog\/wp-json\/wp\/v2\/types\/post"}],"author":[{"embeddable":true,"href":"https:\/\/www.ventimigliablog.it\/blog\/wp-json\/wp\/v2\/users\/153"}],"replies":[{"embeddable":true,"href":"https:\/\/www.ventimigliablog.it\/blog\/wp-json\/wp\/v2\/comments?post=6587"}],"version-history":[{"count":3,"href":"https:\/\/www.ventimigliablog.it\/blog\/wp-json\/wp\/v2\/posts\/6587\/revisions"}],"predecessor-version":[{"id":6591,"href":"https:\/\/www.ventimigliablog.it\/blog\/wp-json\/wp\/v2\/posts\/6587\/revisions\/6591"}],"wp:attachment":[{"href":"https:\/\/www.ventimigliablog.it\/blog\/wp-json\/wp\/v2\/media?parent=6587"}],"wp:term":[{"taxonomy":"category","embeddable":true,"href":"https:\/\/www.ventimigliablog.it\/blog\/wp-json\/wp\/v2\/categories?post=6587"},{"taxonomy":"post_tag","embeddable":true,"href":"https:\/\/www.ventimigliablog.it\/blog\/wp-json\/wp\/v2\/tags?post=6587"}],"curies":[{"name":"wp","href":"https:\/\/api.w.org\/{rel}","templated":true}]}}