{"id":6596,"date":"2020-12-27T16:10:03","date_gmt":"2020-12-27T15:10:03","guid":{"rendered":"http:\/\/www.ventimigliablog.it\/blog\/?p=6596"},"modified":"2021-01-05T11:22:13","modified_gmt":"2021-01-05T10:22:13","slug":"ventimiglia-i-nostri-articoli-top-10-del-2020","status":"publish","type":"post","link":"https:\/\/www.ventimigliablog.it\/blog\/ventimiglia-i-nostri-articoli-top-10-del-2020\/","title":{"rendered":"Ventimiglia: i nostri articoli top 10 del 2020"},"content":{"rendered":"<p><img loading=\"lazy\" decoding=\"async\" class=\"size-medium wp-image-6597 alignright\" src=\"http:\/\/www.ventimigliablog.it\/blog\/wp-content\/uploads\/2020\/12\/Ventimiglia-300x216.jpg\" alt=\"\" width=\"300\" height=\"216\" srcset=\"https:\/\/www.ventimigliablog.it\/blog\/wp-content\/uploads\/2020\/12\/Ventimiglia-300x216.jpg 300w, https:\/\/www.ventimigliablog.it\/blog\/wp-content\/uploads\/2020\/12\/Ventimiglia-1024x737.jpg 1024w, https:\/\/www.ventimigliablog.it\/blog\/wp-content\/uploads\/2020\/12\/Ventimiglia-768x553.jpg 768w, https:\/\/www.ventimigliablog.it\/blog\/wp-content\/uploads\/2020\/12\/Ventimiglia-417x300.jpg 417w, https:\/\/www.ventimigliablog.it\/blog\/wp-content\/uploads\/2020\/12\/Ventimiglia.jpg 1536w\" sizes=\"(max-width: 300px) 100vw, 300px\" \/><\/p>\n<p style=\"text-align: justify;\">Un anno difficile sta volgendo al termine. Un 2020 che ha messo la citt\u00e0 di Ventimiglia in ginocchio sia per l\u2019emergenza Covid che poi per l\u2019alluvione del 2-3 ottobre, ma che ha visto comunque la forza di una popolazione che ha voluto subito reagire e di un\u2019Amministrazione che non si \u00e8 mai fermata, portando a termine importanti progetti. Vogliamo ripercorrere questo 2020 con la Top10, ovvero riproponendovi i dieci articoli del nostro blog pi\u00f9 letti e pi\u00f9 apprezzati da voi:<!--more--><\/p>\n<p style=\"text-align: justify;\"><strong>1) Le dimissioni di Ioculano (articolo pubblicato in data 19 ottobre 2020)<\/strong><\/p>\n<p style=\"text-align: justify;\">L\u2019articolo pi\u00f9 letto dell\u2019anno \u00e8 la risposta della Lista Civica Scullino al neo eletto consigliere regionale Ioculano &nbsp;sul tema alluvione\u2026 Per leggere tutto l\u2019articolo clicca sul link: <a href=\"http:\/\/www.ventimigliablog.it\/blog\/le-dimissioni-di-ioculano\/\">http:\/\/www.ventimigliablog.it\/blog\/le-dimissioni-di-ioculano\/<\/a><\/p>\n<p style=\"text-align: justify;\"><strong>2) Me lo ricorder\u00f2 per sempre (9 ottobre)<\/strong><\/p>\n<p style=\"text-align: justify;\">Secondo gradino del podio per un breve ma emozionante scritto di Albino Dicerto post alluvione. Lo riproponiamo cliccando su questo link: <a href=\"http:\/\/www.ventimigliablog.it\/blog\/me-lo-ricordero-per-sempre\/\">http:\/\/www.ventimigliablog.it\/blog\/me-lo-ricordero-per-sempre\/<\/a><\/p>\n<p style=\"text-align: justify;\"><strong>3) Tamponi al rientro dalla Francia: quale l\u2019interpretazione? (22 settembre)<\/strong><\/p>\n<p style=\"text-align: justify;\">Sul podio anche l\u2019articolo pi\u00f9 letto del nostro blog nel caos decreti Covid\u2026 <a href=\"http:\/\/www.ventimigliablog.it\/blog\/tamponi-al-rientro-dalla-francia-quale-linterpretazione\/\">http:\/\/www.ventimigliablog.it\/blog\/<strong>tamponi-al-rient\u2026linterpretazione<\/strong>\/<\/a><\/p>\n<p style=\"text-align: justify;\"><strong>4) Colle di Tenda: ferrovia da febbraio e l\u2019opera verso il commissariamento (2 novembre)<\/strong><\/p>\n<p style=\"text-align: justify;\">Il Colle di Tenda, che univa Ventimiglia con Tenda e Cuneo, dopo l\u2019alluvione &nbsp;non c\u2019\u00e8 pi\u00f9: ecco un articolo sul futuro del colle esull\u2019apertura della Ferrovia dopo la conferenza stampa del ministro delle Infrastrutture Paola De Micheli. <a href=\"http:\/\/www.ventimigliablog.it\/blog\/il-ministro-de-micheli-ha-parlato-del-colle-di-tenda-in-videoconferenza-con-la-prefettura-di-cuneo\/\">http:\/\/www.ventimigliablog.it\/blog\/<strong>il-ministro-de-m\u2026fettura-di-cuneo<\/strong>\/<\/a><\/p>\n<p style=\"text-align: justify;\"><strong>5) Riunione a Ventimiglia: esaminata l\u2019ordinanza del Ministro Speranza (28 settembre)<\/strong><\/p>\n<p style=\"text-align: justify;\">Un altro articolo che ha incontrato l\u2019interesse dei lettori di Ventimiglia blog: l\u2019ordinanza, sempre sui tamponi al rientro dalla Francia, esaminata ed interpretata dall\u2019Amministrazione comunale. &nbsp;<a href=\"http:\/\/www.ventimigliablog.it\/blog\/riunione-a-ventimiglia-esaminata-lordinanza-del-ministro-speranza\/\">http:\/\/www.ventimigliablog.it\/blog\/<strong>riunione-a-venti\u2026inistro-speranza<\/strong>\/<\/a><\/p>\n<p style=\"text-align: justify;\"><strong>6) I lavori non vanno in vacanza: Ventimiglia continua la trasformazione (8 agosto)<\/strong><\/p>\n<p style=\"text-align: justify;\">Nonostante sia stato, come dicevamo, un anno difficile, l\u2019Amministrazione Comunale non ha mai smesso di lavorare per trasformare e abbellire la citt\u00e0, anche ad agosto. <a href=\"http:\/\/www.ventimigliablog.it\/blog\/i-lavori-non-vanno-in-vacanza-ventimiglia-continua-la-trasformazione\/\">http:\/\/www.ventimigliablog.it\/blog\/<strong>i-lavori-non-van\u2026a-trasformazione<\/strong>\/<\/a><\/p>\n<p style=\"text-align: justify;\"><strong>7) 2 ottobre: le foto del maltempo a Ventimiglia (2 ottobre)<\/strong><\/p>\n<p style=\"text-align: justify;\">Le ultime foto e video della passerella prima dell\u2019inondazione nella notte del 2-3 ottobre. <a href=\"http:\/\/www.ventimigliablog.it\/blog\/2-ottobre-le-foto-del-maltempo-a-ventimiglia\/\">http:\/\/www.ventimigliablog.it\/blog\/<strong>2-ottobre-le-fot\u2026po-a-ventimiglia<\/strong>\/<\/a><\/p>\n<p style=\"text-align: justify;\"><strong>8) Ventimiglia pi\u00f9 forte delle avversit\u00e0: ecco tutte le opere pubbliche (5 novembre)<\/strong><\/p>\n<p style=\"text-align: justify;\">La citt\u00e0 si \u00e8 rialzata e torner\u00e0 pi\u00f9 forte e bella di prima: con il sindaco Scullino ripercorriamo tutte le opere pubbliche completate e da finire: la pista ciclabile, parcheggi nell\u2019area ferroviaria, pedonalizzazione di vie centrali, ampliamento e riqualificazione marciapiedi, ricostruzione della passerella Squarciafichi e poi ancora un nuovo edificio scolastico, lavori al campo sportivo Morel e manutenzione straordinaria\/restauro della palestra scolastica ex Gil: sono questi, in sintesi, alcuni dei lavori pubblici programmati dall\u2019Amministrazione comunale di Ventimiglia per un totale di quasi 25milioni di euro.<\/p>\n<p style=\"text-align: justify;\"><a href=\"http:\/\/www.ventimigliablog.it\/blog\/ventimiglia-piu-forte-delle-avversita-ecco-tutte-le-opere-pubbliche\/\">http:\/\/www.ventimigliablog.it\/blog\/<strong>ventimiglia-piu-\u2026-opere-pubbliche<\/strong>\/<\/a><\/p>\n<p style=\"text-align: justify;\"><strong>9) Pista ciclopedonale \u201ca sbalzo\u201d con vista mare a Ventimiglia: iniziati i lavori (7 settembre 2020)<\/strong><\/p>\n<p style=\"text-align: justify;\">Uno dei lavori pi\u00f9 attesi e avveniristici, una pista ciclopedonale a sbalzo che far\u00e0 poi parte di una ciclabile che unir\u00e0 tutta la Liguria e non solo. <a href=\"http:\/\/www.ventimigliablog.it\/blog\/pista-ciclopedonale-a-sbalzo-con-vista-mare-iniziati-i-lavori\/\">http:\/\/www.ventimigliablog.it\/blog\/<strong>pista-ciclopedon\u2026niziati-i-lavori<\/strong>\/<\/a><\/p>\n<p style=\"text-align: justify;\"><strong>10) La ferrovia delle Meraviglie sar\u00e0 il Luogo del Cuore FAI? (settembre-dicembre 2020)<\/strong><\/p>\n<p style=\"text-align: justify;\">Mobilitazione anche a Ventimiglia per far vincere la Ferrovia delle Meraviglie come Luogo del Cuore FAI e il 15 dicembre \u00e8 arrivato il verdetto: primo posto nella classifica online. Una vittoria di tutta la comunit\u00e0 piemontese e ligure che si \u00e8 unita per questo importante traguardo. &nbsp;<a href=\"http:\/\/www.ventimigliablog.it\/blog\/luoghi-del-cuore-fai-la-ferrovia-cuneo-ventimiglia-nizza-al-2posto\/\">http:\/\/www.ventimigliablog.it\/blog\/<strong>luoghi-del-cuore\u2026-nizza-al-2posto<\/strong>\/<\/a><\/p>\n<p style=\"text-align: justify;\">Questi sono stati i 10 nostri articoli che voi avete pi\u00f9 apprezzato, continuate a seguirci, vi diamo appuntamento al 2021, sperando che nella top10 non trovino pi\u00f9 spazio articoli su alluvioni o Covid\u2026<\/p>\n\t<div class=\"quickshare-container\">\r\n\t<ul class=\"quickshare-text qs-genericons quickshare-small\">\r\n\t\t<li class=\"quickshare-share\">Condividi :<\/li> \r\n\t\t<li><a href=\"https:\/\/facebook.com\/sharer.php?u=https%3A%2F%2Fwww.ventimigliablog.it%2Fblog%2Fventimiglia-i-nostri-articoli-top-10-del-2020%2F&amp;t=Ventimiglia%3A+i+nostri+articoli+top+10+del+2020+<+Ventimigliablog\" target=\"_blank\" title=\"Share on Facebook\"><span class=\"quickshare-facebook\">Facebook<\/span><\/a><\/li>\t\t<li><a href=\"https:\/\/twitter.com\/intent\/tweet?url=https%3A%2F%2Fwww.ventimigliablog.it%2Fblog%2Fventimiglia-i-nostri-articoli-top-10-del-2020%2F&amp;text=Ventimiglia%3A+i+nostri+articoli+top+10+del+2020+<+Ventimigliablog\" target=\"_blank\" title=\"Share on Twitter\"><span class=\"quickshare-twitter\">Twitter<\/span><\/a><\/li>\t\t\t\t\t\t<li><a href=\"https:\/\/plus.google.com\/share?url=https%3A%2F%2Fwww.ventimigliablog.it%2Fblog%2Fventimiglia-i-nostri-articoli-top-10-del-2020%2F\" target=\"_blank\" title=\"Share on Google+\"><span class=\"quickshare-googleplus\">Google+<\/span><\/a><\/li>\t\t\t\t\t\t\t\t<li><a href=\"mailto:?subject=Ventimigliablog:+Ventimiglia%3A+i+nostri+articoli+top+10+del+2020&amp;body=https%3A%2F%2Fwww.ventimigliablog.it%2Fblog%2Fventimiglia-i-nostri-articoli-top-10-del-2020%2F\" target=\"_blank\" title=\"Share via Email\"><span class=\"quickshare-email\">Email<\/span><\/a><\/li>\t<\/ul>\r\n\t<\/div>\r\n","protected":false},"excerpt":{"rendered":"<p>Un anno difficile sta volgendo al termine. Un 2020 che ha messo la citt\u00e0 di Ventimiglia in ginocchio sia per l\u2019emergenza Covid che poi per l\u2019alluvione del 2-3 ottobre, ma che ha visto comunque la forza di una popolazione che &hellip; <a href=\"https:\/\/www.ventimigliablog.it\/blog\/ventimiglia-i-nostri-articoli-top-10-del-2020\/\">Continua a leggere<span class=\"meta-nav\">&rarr;<\/span><\/a><\/p>\n","protected":false},"author":153,"featured_media":0,"comment_status":"open","ping_status":"closed","sticky":false,"template":"","format":"standard","meta":{"ngg_post_thumbnail":0,"footnotes":""},"categories":[1],"tags":[350,360,311,342,327,361,14],"_links":{"self":[{"href":"https:\/\/www.ventimigliablog.it\/blog\/wp-json\/wp\/v2\/posts\/6596"}],"collection":[{"href":"https:\/\/www.ventimigliablog.it\/blog\/wp-json\/wp\/v2\/posts"}],"about":[{"href":"https:\/\/www.ventimigliablog.it\/blog\/wp-json\/wp\/v2\/types\/post"}],"author":[{"embeddable":true,"href":"https:\/\/www.ventimigliablog.it\/blog\/wp-json\/wp\/v2\/users\/153"}],"replies":[{"embeddable":true,"href":"https:\/\/www.ventimigliablog.it\/blog\/wp-json\/wp\/v2\/comments?post=6596"}],"version-history":[{"count":3,"href":"https:\/\/www.ventimigliablog.it\/blog\/wp-json\/wp\/v2\/posts\/6596\/revisions"}],"predecessor-version":[{"id":6615,"href":"https:\/\/www.ventimigliablog.it\/blog\/wp-json\/wp\/v2\/posts\/6596\/revisions\/6615"}],"wp:attachment":[{"href":"https:\/\/www.ventimigliablog.it\/blog\/wp-json\/wp\/v2\/media?parent=6596"}],"wp:term":[{"taxonomy":"category","embeddable":true,"href":"https:\/\/www.ventimigliablog.it\/blog\/wp-json\/wp\/v2\/categories?post=6596"},{"taxonomy":"post_tag","embeddable":true,"href":"https:\/\/www.ventimigliablog.it\/blog\/wp-json\/wp\/v2\/tags?post=6596"}],"curies":[{"name":"wp","href":"https:\/\/api.w.org\/{rel}","templated":true}]}}