{"id":6605,"date":"2021-01-03T10:28:44","date_gmt":"2021-01-03T09:28:44","guid":{"rendered":"http:\/\/www.ventimigliablog.it\/blog\/?p=6605"},"modified":"2021-01-03T11:07:57","modified_gmt":"2021-01-03T10:07:57","slug":"ecco-il-catamarano-che-colleghera-ventimiglia-a-monaco","status":"publish","type":"post","link":"https:\/\/www.ventimigliablog.it\/blog\/ecco-il-catamarano-che-colleghera-ventimiglia-a-monaco\/","title":{"rendered":"Ecco il catamarano che collegher\u00e0 Ventimiglia a Monaco"},"content":{"rendered":"<p><img loading=\"lazy\" decoding=\"async\" class=\"alignnone wp-image-6606 size-full\" src=\"http:\/\/www.ventimigliablog.it\/blog\/wp-content\/uploads\/2021\/01\/catamarano1.jpg\" alt=\"\" width=\"1008\" height=\"705\" srcset=\"https:\/\/www.ventimigliablog.it\/blog\/wp-content\/uploads\/2021\/01\/catamarano1.jpg 1008w, https:\/\/www.ventimigliablog.it\/blog\/wp-content\/uploads\/2021\/01\/catamarano1-300x210.jpg 300w, https:\/\/www.ventimigliablog.it\/blog\/wp-content\/uploads\/2021\/01\/catamarano1-768x537.jpg 768w, https:\/\/www.ventimigliablog.it\/blog\/wp-content\/uploads\/2021\/01\/catamarano1-429x300.jpg 429w\" sizes=\"(max-width: 1008px) 100vw, 1008px\" \/><\/p>\n<p style=\"text-align: justify;\">Ecco le prime foto, appena uscito dai cantieri navali de La Rochelle, del catamarano che unir\u00e0 il porto di Ventimiglia Cala del Forte con il Principato di Monaco, il primo vero collegamento via mare tra le due citt\u00e0. Un mezzo veloce che in condizioni meteo ottimali pu\u00f2 viaggiare fino a 48 nodi, il che vuol dire essere in 8-10 minuti a Monaco.<\/p>\n<p style=\"text-align: justify;\">Dalla Monaco Ports, nella giornata \u201cinaugurale\u201d di met\u00e0 ottobre, in cui arriv\u00f2 la prima imbarcazione nel porto, il Tuiga, avevano dichiarato che si valuter\u00e0 se fare anche un servizio di trasporto quotidiano, in quanto molto dipender\u00e0 dalle richieste. A breve dovrebbe entrare in funzione, l\u2019idea era quella di iniziare a fine febbraio, primi di marzo.<\/p>\n<p style=\"text-align: justify;\">L\u2019autostrada del mare fu un\u2019idea del sindaco Gaetano Scullino gi\u00e0 nel 2007: l\u2019esempio dell\u2019aliscafo pu\u00f2 diventare infatti l\u2019apripista ad un nuovo mezzo di trasporto via mare pi\u00f9 strutturato, un servizio navetta per i tanti pendolari transfrontalieri ed anche un\u2019attrattiva turistica importante. E potrebbe in futuro, in una visione pi\u00f9 ampia, collegare tutti i porti da Imperia a Cannes.<\/p>\n<p><img loading=\"lazy\" decoding=\"async\" class=\"alignnone size-medium wp-image-6607\" src=\"http:\/\/www.ventimigliablog.it\/blog\/wp-content\/uploads\/2021\/01\/catamarano-3-300x223.jpg\" alt=\"\" width=\"300\" height=\"223\" srcset=\"https:\/\/www.ventimigliablog.it\/blog\/wp-content\/uploads\/2021\/01\/catamarano-3-300x223.jpg 300w, https:\/\/www.ventimigliablog.it\/blog\/wp-content\/uploads\/2021\/01\/catamarano-3-768x570.jpg 768w, https:\/\/www.ventimigliablog.it\/blog\/wp-content\/uploads\/2021\/01\/catamarano-3-404x300.jpg 404w, https:\/\/www.ventimigliablog.it\/blog\/wp-content\/uploads\/2021\/01\/catamarano-3.jpg 972w\" sizes=\"(max-width: 300px) 100vw, 300px\" \/> <img loading=\"lazy\" decoding=\"async\" class=\"alignnone size-medium wp-image-6608\" src=\"http:\/\/www.ventimigliablog.it\/blog\/wp-content\/uploads\/2021\/01\/catamarano2-300x225.jpg\" alt=\"\" width=\"300\" height=\"225\" srcset=\"https:\/\/www.ventimigliablog.it\/blog\/wp-content\/uploads\/2021\/01\/catamarano2-300x225.jpg 300w, https:\/\/www.ventimigliablog.it\/blog\/wp-content\/uploads\/2021\/01\/catamarano2-768x576.jpg 768w, https:\/\/www.ventimigliablog.it\/blog\/wp-content\/uploads\/2021\/01\/catamarano2-400x300.jpg 400w, https:\/\/www.ventimigliablog.it\/blog\/wp-content\/uploads\/2021\/01\/catamarano2.jpg 1024w\" sizes=\"(max-width: 300px) 100vw, 300px\" \/> <img loading=\"lazy\" decoding=\"async\" class=\"alignnone size-medium wp-image-6609\" src=\"http:\/\/www.ventimigliablog.it\/blog\/wp-content\/uploads\/2021\/01\/catamarano4-300x225.jpg\" alt=\"\" width=\"300\" height=\"225\" srcset=\"https:\/\/www.ventimigliablog.it\/blog\/wp-content\/uploads\/2021\/01\/catamarano4-300x225.jpg 300w, https:\/\/www.ventimigliablog.it\/blog\/wp-content\/uploads\/2021\/01\/catamarano4-768x576.jpg 768w, https:\/\/www.ventimigliablog.it\/blog\/wp-content\/uploads\/2021\/01\/catamarano4-400x300.jpg 400w, https:\/\/www.ventimigliablog.it\/blog\/wp-content\/uploads\/2021\/01\/catamarano4.jpg 1024w\" sizes=\"(max-width: 300px) 100vw, 300px\" \/><\/p>\n\t<div class=\"quickshare-container\">\r\n\t<ul class=\"quickshare-text qs-genericons quickshare-small\">\r\n\t\t<li class=\"quickshare-share\">Condividi :<\/li> \r\n\t\t<li><a href=\"https:\/\/facebook.com\/sharer.php?u=https%3A%2F%2Fwww.ventimigliablog.it%2Fblog%2Fecco-il-catamarano-che-colleghera-ventimiglia-a-monaco%2F&amp;t=Ecco+il+catamarano+che+collegher%C3%A0+Ventimiglia+a+Monaco+<+Ventimigliablog\" target=\"_blank\" title=\"Share on Facebook\"><span class=\"quickshare-facebook\">Facebook<\/span><\/a><\/li>\t\t<li><a href=\"https:\/\/twitter.com\/intent\/tweet?url=https%3A%2F%2Fwww.ventimigliablog.it%2Fblog%2Fecco-il-catamarano-che-colleghera-ventimiglia-a-monaco%2F&amp;text=Ecco+il+catamarano+che+collegher%C3%A0+Ventimiglia+a+Monaco+<+Ventimigliablog\" target=\"_blank\" title=\"Share on Twitter\"><span class=\"quickshare-twitter\">Twitter<\/span><\/a><\/li>\t\t\t\t\t\t<li><a href=\"https:\/\/plus.google.com\/share?url=https%3A%2F%2Fwww.ventimigliablog.it%2Fblog%2Fecco-il-catamarano-che-colleghera-ventimiglia-a-monaco%2F\" target=\"_blank\" title=\"Share on Google+\"><span class=\"quickshare-googleplus\">Google+<\/span><\/a><\/li>\t\t\t\t\t\t\t\t<li><a href=\"mailto:?subject=Ventimigliablog:+Ecco+il+catamarano+che+collegher%C3%A0+Ventimiglia+a+Monaco&amp;body=https%3A%2F%2Fwww.ventimigliablog.it%2Fblog%2Fecco-il-catamarano-che-colleghera-ventimiglia-a-monaco%2F\" target=\"_blank\" title=\"Share via Email\"><span class=\"quickshare-email\">Email<\/span><\/a><\/li>\t<\/ul>\r\n\t<\/div>\r\n","protected":false},"excerpt":{"rendered":"<p>Ecco le prime foto, appena uscito dai cantieri navali de La Rochelle, del catamarano che unir\u00e0 il porto di Ventimiglia Cala del Forte con il Principato di Monaco, il primo vero collegamento via mare tra le due citt\u00e0. Un mezzo &hellip; <a href=\"https:\/\/www.ventimigliablog.it\/blog\/ecco-il-catamarano-che-colleghera-ventimiglia-a-monaco\/\">Continua a leggere<span class=\"meta-nav\">&rarr;<\/span><\/a><\/p>\n","protected":false},"author":153,"featured_media":0,"comment_status":"open","ping_status":"closed","sticky":false,"template":"","format":"standard","meta":{"ngg_post_thumbnail":0,"footnotes":""},"categories":[1],"tags":[],"_links":{"self":[{"href":"https:\/\/www.ventimigliablog.it\/blog\/wp-json\/wp\/v2\/posts\/6605"}],"collection":[{"href":"https:\/\/www.ventimigliablog.it\/blog\/wp-json\/wp\/v2\/posts"}],"about":[{"href":"https:\/\/www.ventimigliablog.it\/blog\/wp-json\/wp\/v2\/types\/post"}],"author":[{"embeddable":true,"href":"https:\/\/www.ventimigliablog.it\/blog\/wp-json\/wp\/v2\/users\/153"}],"replies":[{"embeddable":true,"href":"https:\/\/www.ventimigliablog.it\/blog\/wp-json\/wp\/v2\/comments?post=6605"}],"version-history":[{"count":2,"href":"https:\/\/www.ventimigliablog.it\/blog\/wp-json\/wp\/v2\/posts\/6605\/revisions"}],"predecessor-version":[{"id":6611,"href":"https:\/\/www.ventimigliablog.it\/blog\/wp-json\/wp\/v2\/posts\/6605\/revisions\/6611"}],"wp:attachment":[{"href":"https:\/\/www.ventimigliablog.it\/blog\/wp-json\/wp\/v2\/media?parent=6605"}],"wp:term":[{"taxonomy":"category","embeddable":true,"href":"https:\/\/www.ventimigliablog.it\/blog\/wp-json\/wp\/v2\/categories?post=6605"},{"taxonomy":"post_tag","embeddable":true,"href":"https:\/\/www.ventimigliablog.it\/blog\/wp-json\/wp\/v2\/tags?post=6605"}],"curies":[{"name":"wp","href":"https:\/\/api.w.org\/{rel}","templated":true}]}}