{"id":6621,"date":"2021-01-20T12:46:14","date_gmt":"2021-01-20T11:46:14","guid":{"rendered":"http:\/\/www.ventimigliablog.it\/blog\/?p=6621"},"modified":"2021-01-20T12:46:14","modified_gmt":"2021-01-20T11:46:14","slug":"festeggiato-san-sebastiano-patrono-della-polizia-municipale","status":"publish","type":"post","link":"https:\/\/www.ventimigliablog.it\/blog\/festeggiato-san-sebastiano-patrono-della-polizia-municipale\/","title":{"rendered":"Festeggiato San Sebastiano, patrono della Polizia Municipale"},"content":{"rendered":"<p><img loading=\"lazy\" decoding=\"async\" class=\"alignnone size-full wp-image-6622\" src=\"http:\/\/www.ventimigliablog.it\/blog\/wp-content\/uploads\/2021\/01\/san-sebastiano.jpg\" alt=\"\" width=\"1024\" height=\"768\" srcset=\"https:\/\/www.ventimigliablog.it\/blog\/wp-content\/uploads\/2021\/01\/san-sebastiano.jpg 1024w, https:\/\/www.ventimigliablog.it\/blog\/wp-content\/uploads\/2021\/01\/san-sebastiano-300x225.jpg 300w, https:\/\/www.ventimigliablog.it\/blog\/wp-content\/uploads\/2021\/01\/san-sebastiano-768x576.jpg 768w, https:\/\/www.ventimigliablog.it\/blog\/wp-content\/uploads\/2021\/01\/san-sebastiano-400x300.jpg 400w\" sizes=\"(max-width: 1024px) 100vw, 1024px\" \/><\/p>\n<p style=\"text-align: justify;\">Oggi, 20 gennaio, come da tradizione, la Polizia Municipale di Ventimiglia, alla presenza del sindaco Gaetano Scullino, ha festeggiato San Sebastiano Martire, patrono delle Polizie Locali d\u2019Italia. Un\u2019occasione per ringraziare il Corpo di Polizia Municipale per l\u2019impegno a servizio della collettivit\u00e0 per garantire sicurezza e legalit\u00e0 nelle strade e quartieri della citt\u00e0.<\/p>\n<p style=\"text-align: justify;\">Fu Papa Pio XII, negli anni Cinquanta, a scegliere la figura del Martire vissuto durante l\u2019impero di Diocleziano come protettore di tutti i preposti all\u2019ordine pubblico, i \u201cVigili Urbani\u201d. Comandante dei pretoriani, impegnato nell\u2019assistenza e nell\u2019aiuto a poveri e bisognosi, &nbsp;Sebastiano fu messo a morte dall\u2019imperatore Diocleziano e il 20 gennaio \u00e8 la data del suo martirio. L\u2019attivit\u00e0 militare cittadina, cos\u00ec come quella cristiana verso i sofferenti ha fatto s\u00ec che venisse scelto come patrono della Polizia Locale.<\/p>\n\t<div class=\"quickshare-container\">\r\n\t<ul class=\"quickshare-text qs-genericons quickshare-small\">\r\n\t\t<li class=\"quickshare-share\">Condividi :<\/li> \r\n\t\t<li><a href=\"https:\/\/facebook.com\/sharer.php?u=https%3A%2F%2Fwww.ventimigliablog.it%2Fblog%2Ffesteggiato-san-sebastiano-patrono-della-polizia-municipale%2F&amp;t=Festeggiato+San+Sebastiano%2C+patrono+della+Polizia+Municipale+<+Ventimigliablog\" target=\"_blank\" title=\"Share on Facebook\"><span class=\"quickshare-facebook\">Facebook<\/span><\/a><\/li>\t\t<li><a href=\"https:\/\/twitter.com\/intent\/tweet?url=https%3A%2F%2Fwww.ventimigliablog.it%2Fblog%2Ffesteggiato-san-sebastiano-patrono-della-polizia-municipale%2F&amp;text=Festeggiato+San+Sebastiano%2C+patrono+della+Polizia+Municipale+<+Ventimigliablog\" target=\"_blank\" title=\"Share on Twitter\"><span class=\"quickshare-twitter\">Twitter<\/span><\/a><\/li>\t\t\t\t\t\t<li><a href=\"https:\/\/plus.google.com\/share?url=https%3A%2F%2Fwww.ventimigliablog.it%2Fblog%2Ffesteggiato-san-sebastiano-patrono-della-polizia-municipale%2F\" target=\"_blank\" title=\"Share on Google+\"><span class=\"quickshare-googleplus\">Google+<\/span><\/a><\/li>\t\t\t\t\t\t\t\t<li><a href=\"mailto:?subject=Ventimigliablog:+Festeggiato+San+Sebastiano%2C+patrono+della+Polizia+Municipale&amp;body=https%3A%2F%2Fwww.ventimigliablog.it%2Fblog%2Ffesteggiato-san-sebastiano-patrono-della-polizia-municipale%2F\" target=\"_blank\" title=\"Share via Email\"><span class=\"quickshare-email\">Email<\/span><\/a><\/li>\t<\/ul>\r\n\t<\/div>\r\n","protected":false},"excerpt":{"rendered":"<p>Oggi, 20 gennaio, come da tradizione, la Polizia Municipale di Ventimiglia, alla presenza del sindaco Gaetano Scullino, ha festeggiato San Sebastiano Martire, patrono delle Polizie Locali d\u2019Italia. Un\u2019occasione per ringraziare il Corpo di Polizia Municipale per l\u2019impegno a servizio della &hellip; <a href=\"https:\/\/www.ventimigliablog.it\/blog\/festeggiato-san-sebastiano-patrono-della-polizia-municipale\/\">Continua a leggere<span class=\"meta-nav\">&rarr;<\/span><\/a><\/p>\n","protected":false},"author":153,"featured_media":0,"comment_status":"open","ping_status":"closed","sticky":false,"template":"","format":"standard","meta":{"ngg_post_thumbnail":0,"footnotes":""},"categories":[1],"tags":[],"_links":{"self":[{"href":"https:\/\/www.ventimigliablog.it\/blog\/wp-json\/wp\/v2\/posts\/6621"}],"collection":[{"href":"https:\/\/www.ventimigliablog.it\/blog\/wp-json\/wp\/v2\/posts"}],"about":[{"href":"https:\/\/www.ventimigliablog.it\/blog\/wp-json\/wp\/v2\/types\/post"}],"author":[{"embeddable":true,"href":"https:\/\/www.ventimigliablog.it\/blog\/wp-json\/wp\/v2\/users\/153"}],"replies":[{"embeddable":true,"href":"https:\/\/www.ventimigliablog.it\/blog\/wp-json\/wp\/v2\/comments?post=6621"}],"version-history":[{"count":1,"href":"https:\/\/www.ventimigliablog.it\/blog\/wp-json\/wp\/v2\/posts\/6621\/revisions"}],"predecessor-version":[{"id":6623,"href":"https:\/\/www.ventimigliablog.it\/blog\/wp-json\/wp\/v2\/posts\/6621\/revisions\/6623"}],"wp:attachment":[{"href":"https:\/\/www.ventimigliablog.it\/blog\/wp-json\/wp\/v2\/media?parent=6621"}],"wp:term":[{"taxonomy":"category","embeddable":true,"href":"https:\/\/www.ventimigliablog.it\/blog\/wp-json\/wp\/v2\/categories?post=6621"},{"taxonomy":"post_tag","embeddable":true,"href":"https:\/\/www.ventimigliablog.it\/blog\/wp-json\/wp\/v2\/tags?post=6621"}],"curies":[{"name":"wp","href":"https:\/\/api.w.org\/{rel}","templated":true}]}}