{"id":6625,"date":"2021-01-24T18:46:47","date_gmt":"2021-01-24T17:46:47","guid":{"rendered":"http:\/\/www.ventimigliablog.it\/blog\/?p=6625"},"modified":"2021-01-24T19:03:40","modified_gmt":"2021-01-24T18:03:40","slug":"anno-nuovo-problemi-vecchi-che-fine-ha-fatto-il-centro-di-transito","status":"publish","type":"post","link":"https:\/\/www.ventimigliablog.it\/blog\/anno-nuovo-problemi-vecchi-che-fine-ha-fatto-il-centro-di-transito\/","title":{"rendered":"Anno nuovo, problemi vecchi. E che fine ha fatto il Centro di Transito?"},"content":{"rendered":"<div class=\"gs\">\n<div class=\"\">\n<div id=\":193\" class=\"ii gt\">\n<div id=\":192\" class=\"a3s aiL \">\n<div dir=\"auto\">\n<div>\n<div class=\"gmail_quote\">\n<div dir=\"auto\">\n<div dir=\"auto\" style=\"text-align: justify;\">\n<p><img loading=\"lazy\" decoding=\"async\" class=\"alignnone size-full wp-image-6626\" src=\"http:\/\/www.ventimigliablog.it\/blog\/wp-content\/uploads\/2021\/01\/migranti.jpg\" alt=\"\" width=\"1024\" height=\"496\" srcset=\"https:\/\/www.ventimigliablog.it\/blog\/wp-content\/uploads\/2021\/01\/migranti.jpg 1024w, https:\/\/www.ventimigliablog.it\/blog\/wp-content\/uploads\/2021\/01\/migranti-300x145.jpg 300w, https:\/\/www.ventimigliablog.it\/blog\/wp-content\/uploads\/2021\/01\/migranti-768x372.jpg 768w, https:\/\/www.ventimigliablog.it\/blog\/wp-content\/uploads\/2021\/01\/migranti-500x242.jpg 500w\" sizes=\"(max-width: 1024px) 100vw, 1024px\" \/><\/p>\n<p>Anno nuovo problemi vecchi. A Ventimiglia continua ad essere troppo alto il numero di migranti e su questo torna il sindaco Gaetano Scullino, sollecitato dalle numerose proteste dei concittadini e visti anche fatti recenti di cronaca: \u00abI numeri relativi agli arrivi di migranti sono alti. Chiediamo di bloccare gli arrivi gi\u00e0 a Genova delle persone non regolari e riportarli indietro, che venga applicata la normativa nazionale sul covid. Il problema della pandemia non \u00e8 ancora risolto e le restrizioni dovute ai decreti devono essere osservate da tutte le persone presenti nel territorio nazionale\u00bb.<\/p>\n<div dir=\"auto\" style=\"text-align: justify;\">In sospeso inoltre ancora la realizzazione di un centro di transito da circa 300 posti, in provincia di Imperia. \u00abPensavamo di aver risolto &#8211; prosegue Scullino &#8211; dopo l&#8217;incontro con il prefetto del Dipartimento Immigrazione del ministero dell&#8217;Interno con la proposta di istituire e organizzare un centro di transito, non a Ventimiglia ma in provincia di Imperia. Si era parlato di fare una gara pubblica per trovare la struttura ma di questa ipotetica gara, che doveva essere entro il 31 dicembre, non abbiamo pi\u00f9 saputo nulla. Noi siamo favorevoli a dare la possibilit\u00e0 a queste persone di avere un luogo dove possano essere curati, assistiti e identificati ma in base ad accordi, dopo la chiusura del Campo Roja, non pi\u00f9 a Ventimiglia. Chiediamo venga predisposta una struttura dove c&#8217;\u00e8 la disponibilit\u00e0 che noi non abbiamo\u00bb.<\/div>\n<div dir=\"auto\">(a.w.)<\/div>\n<\/div>\n<\/div>\n<\/div>\n<\/div>\n<\/div>\n<\/div>\n<\/div>\n<\/div>\n<\/div>\n\t<div class=\"quickshare-container\">\r\n\t<ul class=\"quickshare-text qs-genericons quickshare-small\">\r\n\t\t<li class=\"quickshare-share\">Condividi :<\/li> \r\n\t\t<li><a href=\"https:\/\/facebook.com\/sharer.php?u=https%3A%2F%2Fwww.ventimigliablog.it%2Fblog%2Fanno-nuovo-problemi-vecchi-che-fine-ha-fatto-il-centro-di-transito%2F&amp;t=Anno+nuovo%2C+problemi+vecchi.+E+che+fine+ha+fatto+il+Centro+di+Transito%3F+<+Ventimigliablog\" target=\"_blank\" title=\"Share on Facebook\"><span class=\"quickshare-facebook\">Facebook<\/span><\/a><\/li>\t\t<li><a href=\"https:\/\/twitter.com\/intent\/tweet?url=https%3A%2F%2Fwww.ventimigliablog.it%2Fblog%2Fanno-nuovo-problemi-vecchi-che-fine-ha-fatto-il-centro-di-transito%2F&amp;text=Anno+nuovo%2C+problemi+vecchi.+E+che+fine+ha+fatto+il+Centro+di+Transito%3F+<+Ventimigliablog\" target=\"_blank\" title=\"Share on Twitter\"><span class=\"quickshare-twitter\">Twitter<\/span><\/a><\/li>\t\t\t\t\t\t<li><a href=\"https:\/\/plus.google.com\/share?url=https%3A%2F%2Fwww.ventimigliablog.it%2Fblog%2Fanno-nuovo-problemi-vecchi-che-fine-ha-fatto-il-centro-di-transito%2F\" target=\"_blank\" title=\"Share on Google+\"><span class=\"quickshare-googleplus\">Google+<\/span><\/a><\/li>\t\t\t\t\t\t\t\t<li><a href=\"mailto:?subject=Ventimigliablog:+Anno+nuovo%2C+problemi+vecchi.+E+che+fine+ha+fatto+il+Centro+di+Transito%3F&amp;body=https%3A%2F%2Fwww.ventimigliablog.it%2Fblog%2Fanno-nuovo-problemi-vecchi-che-fine-ha-fatto-il-centro-di-transito%2F\" target=\"_blank\" title=\"Share via Email\"><span class=\"quickshare-email\">Email<\/span><\/a><\/li>\t<\/ul>\r\n\t<\/div>\r\n","protected":false},"excerpt":{"rendered":"<p>Anno nuovo problemi vecchi. A Ventimiglia continua ad essere troppo alto il numero di migranti e su questo torna il sindaco Gaetano Scullino, sollecitato dalle numerose proteste dei concittadini e visti anche fatti recenti di cronaca: \u00abI numeri relativi agli &hellip; <a href=\"https:\/\/www.ventimigliablog.it\/blog\/anno-nuovo-problemi-vecchi-che-fine-ha-fatto-il-centro-di-transito\/\">Continua a leggere<span class=\"meta-nav\">&rarr;<\/span><\/a><\/p>\n","protected":false},"author":153,"featured_media":0,"comment_status":"open","ping_status":"closed","sticky":false,"template":"","format":"standard","meta":{"ngg_post_thumbnail":0,"footnotes":""},"categories":[1],"tags":[],"_links":{"self":[{"href":"https:\/\/www.ventimigliablog.it\/blog\/wp-json\/wp\/v2\/posts\/6625"}],"collection":[{"href":"https:\/\/www.ventimigliablog.it\/blog\/wp-json\/wp\/v2\/posts"}],"about":[{"href":"https:\/\/www.ventimigliablog.it\/blog\/wp-json\/wp\/v2\/types\/post"}],"author":[{"embeddable":true,"href":"https:\/\/www.ventimigliablog.it\/blog\/wp-json\/wp\/v2\/users\/153"}],"replies":[{"embeddable":true,"href":"https:\/\/www.ventimigliablog.it\/blog\/wp-json\/wp\/v2\/comments?post=6625"}],"version-history":[{"count":4,"href":"https:\/\/www.ventimigliablog.it\/blog\/wp-json\/wp\/v2\/posts\/6625\/revisions"}],"predecessor-version":[{"id":6630,"href":"https:\/\/www.ventimigliablog.it\/blog\/wp-json\/wp\/v2\/posts\/6625\/revisions\/6630"}],"wp:attachment":[{"href":"https:\/\/www.ventimigliablog.it\/blog\/wp-json\/wp\/v2\/media?parent=6625"}],"wp:term":[{"taxonomy":"category","embeddable":true,"href":"https:\/\/www.ventimigliablog.it\/blog\/wp-json\/wp\/v2\/categories?post=6625"},{"taxonomy":"post_tag","embeddable":true,"href":"https:\/\/www.ventimigliablog.it\/blog\/wp-json\/wp\/v2\/tags?post=6625"}],"curies":[{"name":"wp","href":"https:\/\/api.w.org\/{rel}","templated":true}]}}