{"id":6637,"date":"2021-01-26T10:17:19","date_gmt":"2021-01-26T09:17:19","guid":{"rendered":"http:\/\/www.ventimigliablog.it\/blog\/?p=6637"},"modified":"2021-01-26T15:43:35","modified_gmt":"2021-01-26T14:43:35","slug":"ecco-i-cantieri-che-cambieranno-la-citta","status":"publish","type":"post","link":"https:\/\/www.ventimigliablog.it\/blog\/ecco-i-cantieri-che-cambieranno-la-citta\/","title":{"rendered":"Ecco i cantieri che cambieranno la citt\u00e0"},"content":{"rendered":"<p><img loading=\"lazy\" decoding=\"async\" width=\"1051\" height=\"600\" class=\"alignnone size-full wp-image-6638\" alt=\"\" src=\"http:\/\/www.ventimigliablog.it\/blog\/wp-content\/uploads\/2021\/01\/Ventimiglia.jpg\" srcset=\"https:\/\/www.ventimigliablog.it\/blog\/wp-content\/uploads\/2021\/01\/Ventimiglia.jpg 1051w, https:\/\/www.ventimigliablog.it\/blog\/wp-content\/uploads\/2021\/01\/Ventimiglia-300x171.jpg 300w, https:\/\/www.ventimigliablog.it\/blog\/wp-content\/uploads\/2021\/01\/Ventimiglia-1024x585.jpg 1024w, https:\/\/www.ventimigliablog.it\/blog\/wp-content\/uploads\/2021\/01\/Ventimiglia-768x438.jpg 768w, https:\/\/www.ventimigliablog.it\/blog\/wp-content\/uploads\/2021\/01\/Ventimiglia-500x285.jpg 500w\" sizes=\"(max-width: 1051px) 100vw, 1051px\" \/><\/p>\n<p style=\"text-align: justify;\">Tra inaugurazioni e avvio di nuovi cantieri, cosa vedremo in questo 2021?<\/p>\n<p style=\"text-align: justify;\">Tante le novit\u00e0 ed un profondo restyling avviato dall\u2019amministrazione comunale per cambiare il volto della citt\u00e0 e del suo territorio. \u00ab\u00c8 finito il 2020, un anno terribile che ci ha creato enormi difficolt\u00e0 dal punto di vista sanitario ed economico e le preoccupazioni&nbsp; stanno purtroppo continuando \u2013dichiara il sindaco Gaetano Scullino- &nbsp; Speriamo che a seguito della distribuzione dei vaccini e una maggiore attenzione da parte di noi tutti, nei prossimi mesi possiamo lasciarci alle spalle un anno funesto e riprendere&nbsp; migliorando la qualit\u00e0 della nostra vita. Nonostante ci\u00f2 la nostra amministrazione, in questo primo mese del 2021 ha gi\u00e0 predisposto decine di interventi, che appena ultimati cambieranno l\u2019immagine di Ventimiglia e delle sue frazioni, per le quali riserveremo una particolare attenzione\u00bb.&nbsp; &nbsp; &nbsp;<\/p>\n<p><img loading=\"lazy\" decoding=\"async\" width=\"1051\" height=\"400\" class=\"alignnone size-full wp-image-6639\" alt=\"\" src=\"http:\/\/www.ventimigliablog.it\/blog\/wp-content\/uploads\/2021\/01\/DSC_4811.jpg\" srcset=\"https:\/\/www.ventimigliablog.it\/blog\/wp-content\/uploads\/2021\/01\/DSC_4811.jpg 1051w, https:\/\/www.ventimigliablog.it\/blog\/wp-content\/uploads\/2021\/01\/DSC_4811-300x114.jpg 300w, https:\/\/www.ventimigliablog.it\/blog\/wp-content\/uploads\/2021\/01\/DSC_4811-1024x390.jpg 1024w, https:\/\/www.ventimigliablog.it\/blog\/wp-content\/uploads\/2021\/01\/DSC_4811-768x292.jpg 768w, https:\/\/www.ventimigliablog.it\/blog\/wp-content\/uploads\/2021\/01\/DSC_4811-500x190.jpg 500w\" sizes=\"(max-width: 1051px) 100vw, 1051px\" \/><\/p>\n<p style=\"text-align: justify;\"><strong>INTERVENTI &nbsp;FINITI NEL MESE DI GENNAIO.<\/strong> &nbsp;In questo primo mese sono terminati importanti interventi per la viabilit\u00e0 e sicurezza: inaugurato il sottopasso di via Tenda, riaperto corso Toscanini e messe in sicurezza strada Varase e strada Moretti; ultimate anche le pavimentazioni di via Collabassa, via Falerina e vico Lavandaie.<\/p>\n<p style=\"text-align: justify;\"><strong>CANTIERI 2021 \u2013 LA CITTA\u2019 CHE VERRA\u2019<\/strong><\/p>\n<p><img loading=\"lazy\" decoding=\"async\" width=\"1051\" height=\"371\" class=\"alignnone size-full wp-image-6640\" alt=\"\" src=\"http:\/\/www.ventimigliablog.it\/blog\/wp-content\/uploads\/2021\/01\/parcheggi.jpg\" srcset=\"https:\/\/www.ventimigliablog.it\/blog\/wp-content\/uploads\/2021\/01\/parcheggi.jpg 1051w, https:\/\/www.ventimigliablog.it\/blog\/wp-content\/uploads\/2021\/01\/parcheggi-300x106.jpg 300w, https:\/\/www.ventimigliablog.it\/blog\/wp-content\/uploads\/2021\/01\/parcheggi-1024x361.jpg 1024w, https:\/\/www.ventimigliablog.it\/blog\/wp-content\/uploads\/2021\/01\/parcheggi-768x271.jpg 768w, https:\/\/www.ventimigliablog.it\/blog\/wp-content\/uploads\/2021\/01\/parcheggi-500x176.jpg 500w\" sizes=\"(max-width: 1051px) 100vw, 1051px\" \/><\/p>\n<p style=\"text-align: justify;\"><strong>Parcheggi.<\/strong> In&nbsp;corso Genova &nbsp;1100 posti auto con annessa pista ciclabile (Masala), parcheggio Caritas con 150 posti auto (Silvano)&nbsp; e quasi ultimato il parcheggio San Secondo con 110 posti auto. Realizzazione tre parcheggi nel centro storico in via Verdi, via Toscanini, porta Nizza e nuovo parcheggio San Lorenzo (trattativa). In progettazione il parcheggio interrato di piazza Costituente e quello, sempre interrato, ex GIL.<\/p>\n<p><img loading=\"lazy\" decoding=\"async\" width=\"1051\" height=\"371\" class=\"alignnone size-full wp-image-6641\" alt=\"\" src=\"http:\/\/www.ventimigliablog.it\/blog\/wp-content\/uploads\/2021\/01\/corso-genova.jpg\" srcset=\"https:\/\/www.ventimigliablog.it\/blog\/wp-content\/uploads\/2021\/01\/corso-genova.jpg 1051w, https:\/\/www.ventimigliablog.it\/blog\/wp-content\/uploads\/2021\/01\/corso-genova-300x106.jpg 300w, https:\/\/www.ventimigliablog.it\/blog\/wp-content\/uploads\/2021\/01\/corso-genova-1024x361.jpg 1024w, https:\/\/www.ventimigliablog.it\/blog\/wp-content\/uploads\/2021\/01\/corso-genova-768x271.jpg 768w, https:\/\/www.ventimigliablog.it\/blog\/wp-content\/uploads\/2021\/01\/corso-genova-500x176.jpg 500w\" sizes=\"(max-width: 1051px) 100vw, 1051px\" \/><\/p>\n<p style=\"text-align: justify;\"><strong>Pavimentazioni ed asfalti.<\/strong> Rifacimento del marciapiede via Cavour \/Repubblica (cantiere) e del marciapiede in corso Repubblica (appaltato) e allargamento del marciapiede Ponte Doria (in gara). Nuove pavimentazioni in via Zara e via Verdi (in gara).<\/p>\n<p style=\"text-align: justify;\">Asfalti nuovi per piazza Stazione, via Lamboglia, via Dante, via Tenda, via Repubblica, e per le frazioni Calvo\/Bevera. In progettazione rifacimento dei marciapiedi di via Roma, via Biamonti e limitrofe e nuova pavimentazione in piazza San Secondo.<\/p>\n<p><img loading=\"lazy\" decoding=\"async\" width=\"1051\" height=\"371\" class=\"alignnone size-full wp-image-6642\" alt=\"\" src=\"http:\/\/www.ventimigliablog.it\/blog\/wp-content\/uploads\/2021\/01\/via-aprosio.jpg\" srcset=\"https:\/\/www.ventimigliablog.it\/blog\/wp-content\/uploads\/2021\/01\/via-aprosio.jpg 1051w, https:\/\/www.ventimigliablog.it\/blog\/wp-content\/uploads\/2021\/01\/via-aprosio-300x106.jpg 300w, https:\/\/www.ventimigliablog.it\/blog\/wp-content\/uploads\/2021\/01\/via-aprosio-1024x361.jpg 1024w, https:\/\/www.ventimigliablog.it\/blog\/wp-content\/uploads\/2021\/01\/via-aprosio-768x271.jpg 768w, https:\/\/www.ventimigliablog.it\/blog\/wp-content\/uploads\/2021\/01\/via-aprosio-500x176.jpg 500w\" sizes=\"(max-width: 1051px) 100vw, 1051px\" \/><\/p>\n<p style=\"text-align: justify;\"><strong>Pedonalizzazioni.<\/strong> Due importanti strade centrali diventeranno isola pedonale: via Aprosio (Silvano) e via Ruffini (in gara).<\/p>\n<p><img loading=\"lazy\" decoding=\"async\" width=\"1051\" height=\"371\" class=\"alignnone size-full wp-image-6643\" alt=\"\" src=\"http:\/\/www.ventimigliablog.it\/blog\/wp-content\/uploads\/2021\/01\/passerella.jpg\" srcset=\"https:\/\/www.ventimigliablog.it\/blog\/wp-content\/uploads\/2021\/01\/passerella.jpg 1051w, https:\/\/www.ventimigliablog.it\/blog\/wp-content\/uploads\/2021\/01\/passerella-300x106.jpg 300w, https:\/\/www.ventimigliablog.it\/blog\/wp-content\/uploads\/2021\/01\/passerella-1024x361.jpg 1024w, https:\/\/www.ventimigliablog.it\/blog\/wp-content\/uploads\/2021\/01\/passerella-768x271.jpg 768w, https:\/\/www.ventimigliablog.it\/blog\/wp-content\/uploads\/2021\/01\/passerella-500x176.jpg 500w\" sizes=\"(max-width: 1051px) 100vw, 1051px\" \/><\/p>\n<p style=\"text-align: justify;\"><strong>Grandi opere.<\/strong> La maggiore attenzione dell\u2019Amministrazione sar\u00e0 riservata alla costruzione della nuova passerella&nbsp; gi\u00e0 in fase di scelta&nbsp; dei tecnici e della idea progettuale definitiva (scadenza 24 febbraio).&nbsp; Grande attesa anche per l\u2019inaugurazione porto Cala del Forte e delle opere collegate e della avveniristica passeggiata ciclopedonale a sbalzo.<\/p>\n<p><img loading=\"lazy\" decoding=\"async\" width=\"1051\" height=\"372\" class=\"alignnone size-full wp-image-6644\" alt=\"\" src=\"http:\/\/www.ventimigliablog.it\/blog\/wp-content\/uploads\/2021\/01\/strutture.jpg\" srcset=\"https:\/\/www.ventimigliablog.it\/blog\/wp-content\/uploads\/2021\/01\/strutture.jpg 1051w, https:\/\/www.ventimigliablog.it\/blog\/wp-content\/uploads\/2021\/01\/strutture-300x106.jpg 300w, https:\/\/www.ventimigliablog.it\/blog\/wp-content\/uploads\/2021\/01\/strutture-1024x362.jpg 1024w, https:\/\/www.ventimigliablog.it\/blog\/wp-content\/uploads\/2021\/01\/strutture-768x272.jpg 768w, https:\/\/www.ventimigliablog.it\/blog\/wp-content\/uploads\/2021\/01\/strutture-500x177.jpg 500w\" sizes=\"(max-width: 1051px) 100vw, 1051px\" \/><\/p>\n<p style=\"text-align: justify;\"><strong>Strutture.<\/strong> In progettazione la riqualificazione generale del mercato, un nuovo centro sociale, nuovi locali anagrafe, sviluppo della biblioteca Aprosiana, 4 alloggi per anziani via Lamboglia e progetto di riqualificazione del complesso monumentale delle Suore d\u2019Orto.<\/p>\n<p><img loading=\"lazy\" decoding=\"async\" width=\"1051\" height=\"371\" class=\"alignnone size-full wp-image-6645\" alt=\"\" src=\"http:\/\/www.ventimigliablog.it\/blog\/wp-content\/uploads\/2021\/01\/spiagg.jpg\" srcset=\"https:\/\/www.ventimigliablog.it\/blog\/wp-content\/uploads\/2021\/01\/spiagg.jpg 1051w, https:\/\/www.ventimigliablog.it\/blog\/wp-content\/uploads\/2021\/01\/spiagg-300x106.jpg 300w, https:\/\/www.ventimigliablog.it\/blog\/wp-content\/uploads\/2021\/01\/spiagg-1024x361.jpg 1024w, https:\/\/www.ventimigliablog.it\/blog\/wp-content\/uploads\/2021\/01\/spiagg-768x271.jpg 768w, https:\/\/www.ventimigliablog.it\/blog\/wp-content\/uploads\/2021\/01\/spiagg-500x176.jpg 500w\" sizes=\"(max-width: 1051px) 100vw, 1051px\" \/><\/p>\n<p style=\"text-align: justify;\"><strong>Spiagge. &nbsp;<\/strong>Oltre alla gi\u00e0 citata e molto attesa passeggiata ciclopedonale, forte attenzione sul piano di utilizzo delle aree demaniali, realizzazione di due spazi sul mare con giardini e nelle aree demaniali marittime in via&nbsp;Oberdan e via Marconi (in progettazione), spostamento&nbsp;del campo da beach volley (in gara), aree dedicate al parasailing e aree dedicate agli sport acquatici e costruzione nuova scala di accesso alla Margunaira (in gara).<\/p>\n<p><img loading=\"lazy\" decoding=\"async\" width=\"1051\" height=\"371\" class=\"alignnone size-full wp-image-6646\" alt=\"\" src=\"http:\/\/www.ventimigliablog.it\/blog\/wp-content\/uploads\/2021\/01\/JACARANDE.jpg\" srcset=\"https:\/\/www.ventimigliablog.it\/blog\/wp-content\/uploads\/2021\/01\/JACARANDE.jpg 1051w, https:\/\/www.ventimigliablog.it\/blog\/wp-content\/uploads\/2021\/01\/JACARANDE-300x106.jpg 300w, https:\/\/www.ventimigliablog.it\/blog\/wp-content\/uploads\/2021\/01\/JACARANDE-1024x361.jpg 1024w, https:\/\/www.ventimigliablog.it\/blog\/wp-content\/uploads\/2021\/01\/JACARANDE-768x271.jpg 768w, https:\/\/www.ventimigliablog.it\/blog\/wp-content\/uploads\/2021\/01\/JACARANDE-500x176.jpg 500w\" sizes=\"(max-width: 1051px) 100vw, 1051px\" \/><\/p>\n<p style=\"text-align: justify;\"><strong>Altre opere.<\/strong> In arrivo la nuova scuola Cavour (in gara), piantumazione di 15 magnolie e 7 Jacarande, nuova illuminazione in via Gallardi (Enel), nuova condotta fognaria (De Villa), messa in sicurezza corso Monte Carlo (Anas) e realizzazione di una zona ristoro al forte dell\u2019Annunziata (in progettazione). Inoltre in progettazione un nuovo piano urbanistico di Roverino,&nbsp; rifacimento e messa in sicurezza piazzale di Grimaldi, allargamento di via Basso e riqualificazione piazza Marconi. Attenzione anche al commercio con il piano commerciale posti fissi, piano commerciale ambulanti e piano generale della viabilit\u00e0.<\/p>\n\t<div class=\"quickshare-container\">\r\n\t<ul class=\"quickshare-text qs-genericons quickshare-small\">\r\n\t\t<li class=\"quickshare-share\">Condividi :<\/li> \r\n\t\t<li><a href=\"https:\/\/facebook.com\/sharer.php?u=https%3A%2F%2Fwww.ventimigliablog.it%2Fblog%2Fecco-i-cantieri-che-cambieranno-la-citta%2F&amp;t=Ecco+i+cantieri+che+cambieranno+la+citt%C3%A0+<+Ventimigliablog\" target=\"_blank\" title=\"Share on Facebook\"><span class=\"quickshare-facebook\">Facebook<\/span><\/a><\/li>\t\t<li><a href=\"https:\/\/twitter.com\/intent\/tweet?url=https%3A%2F%2Fwww.ventimigliablog.it%2Fblog%2Fecco-i-cantieri-che-cambieranno-la-citta%2F&amp;text=Ecco+i+cantieri+che+cambieranno+la+citt%C3%A0+<+Ventimigliablog\" target=\"_blank\" title=\"Share on Twitter\"><span class=\"quickshare-twitter\">Twitter<\/span><\/a><\/li>\t\t\t\t\t\t<li><a href=\"https:\/\/plus.google.com\/share?url=https%3A%2F%2Fwww.ventimigliablog.it%2Fblog%2Fecco-i-cantieri-che-cambieranno-la-citta%2F\" target=\"_blank\" title=\"Share on Google+\"><span class=\"quickshare-googleplus\">Google+<\/span><\/a><\/li>\t\t\t\t\t\t\t\t<li><a href=\"mailto:?subject=Ventimigliablog:+Ecco+i+cantieri+che+cambieranno+la+citt%C3%A0&amp;body=https%3A%2F%2Fwww.ventimigliablog.it%2Fblog%2Fecco-i-cantieri-che-cambieranno-la-citta%2F\" target=\"_blank\" title=\"Share via Email\"><span class=\"quickshare-email\">Email<\/span><\/a><\/li>\t<\/ul>\r\n\t<\/div>\r\n","protected":false},"excerpt":{"rendered":"<p>Tra inaugurazioni e avvio di nuovi cantieri, cosa vedremo in questo 2021? Tante le novit\u00e0 ed un profondo restyling avviato dall\u2019amministrazione comunale per cambiare il volto della citt\u00e0 e del suo territorio. \u00ab\u00c8 finito il 2020, un anno terribile che &hellip; <a href=\"https:\/\/www.ventimigliablog.it\/blog\/ecco-i-cantieri-che-cambieranno-la-citta\/\">Continua a leggere<span class=\"meta-nav\">&rarr;<\/span><\/a><\/p>\n","protected":false},"author":153,"featured_media":0,"comment_status":"open","ping_status":"closed","sticky":false,"template":"","format":"standard","meta":{"ngg_post_thumbnail":0,"footnotes":""},"categories":[1],"tags":[362,15,14],"_links":{"self":[{"href":"https:\/\/www.ventimigliablog.it\/blog\/wp-json\/wp\/v2\/posts\/6637"}],"collection":[{"href":"https:\/\/www.ventimigliablog.it\/blog\/wp-json\/wp\/v2\/posts"}],"about":[{"href":"https:\/\/www.ventimigliablog.it\/blog\/wp-json\/wp\/v2\/types\/post"}],"author":[{"embeddable":true,"href":"https:\/\/www.ventimigliablog.it\/blog\/wp-json\/wp\/v2\/users\/153"}],"replies":[{"embeddable":true,"href":"https:\/\/www.ventimigliablog.it\/blog\/wp-json\/wp\/v2\/comments?post=6637"}],"version-history":[{"count":2,"href":"https:\/\/www.ventimigliablog.it\/blog\/wp-json\/wp\/v2\/posts\/6637\/revisions"}],"predecessor-version":[{"id":6648,"href":"https:\/\/www.ventimigliablog.it\/blog\/wp-json\/wp\/v2\/posts\/6637\/revisions\/6648"}],"wp:attachment":[{"href":"https:\/\/www.ventimigliablog.it\/blog\/wp-json\/wp\/v2\/media?parent=6637"}],"wp:term":[{"taxonomy":"category","embeddable":true,"href":"https:\/\/www.ventimigliablog.it\/blog\/wp-json\/wp\/v2\/categories?post=6637"},{"taxonomy":"post_tag","embeddable":true,"href":"https:\/\/www.ventimigliablog.it\/blog\/wp-json\/wp\/v2\/tags?post=6637"}],"curies":[{"name":"wp","href":"https:\/\/api.w.org\/{rel}","templated":true}]}}