{"id":6655,"date":"2021-01-31T17:33:56","date_gmt":"2021-01-31T16:33:56","guid":{"rendered":"http:\/\/www.ventimigliablog.it\/blog\/?p=6655"},"modified":"2021-02-01T15:31:38","modified_gmt":"2021-02-01T14:31:38","slug":"e-se-la-ferrovia-da-ventimiglia-arrivasse-fino-al-nord-europa","status":"publish","type":"post","link":"https:\/\/www.ventimigliablog.it\/blog\/e-se-la-ferrovia-da-ventimiglia-arrivasse-fino-al-nord-europa\/","title":{"rendered":"E se la ferrovia da Ventimiglia arrivasse fino al nord Europa?"},"content":{"rendered":"<p><img loading=\"lazy\" decoding=\"async\" class=\"alignnone size-full wp-image-6656\" src=\"http:\/\/www.ventimigliablog.it\/blog\/wp-content\/uploads\/2021\/01\/piantina.jpg\" alt=\"\" width=\"563\" height=\"587\" srcset=\"https:\/\/www.ventimigliablog.it\/blog\/wp-content\/uploads\/2021\/01\/piantina.jpg 563w, https:\/\/www.ventimigliablog.it\/blog\/wp-content\/uploads\/2021\/01\/piantina-288x300.jpg 288w\" sizes=\"(max-width: 563px) 100vw, 563px\" \/><\/p>\n<p><strong>COMITATO \u201cTRAIN D\u2019UNION \u2013 IL TRENO DELLE MERAVIGLIE\u201d: PROMOZIONE DI UN ASSE FERROVIARIO DAL MEDITERRANEO AL NORD EUROPA ATTRAVERSO IL PIEMONTE PER &nbsp;CONTRASTARE L\u2019ISOLAMENTO INFRASTRUTTURALE<\/strong><\/p>\n<p style=\"text-align: justify;\">E&#8217; nato il comitato \u201cTrain d\u2019Union \u2013 Il Treno delle Meraviglie\u201d che, raggruppando comunit\u00e0 di cittadini italiani e francesi sensibili alle esigenze economiche del territorio e realt\u00e0 associative attente ai valori culturali e ambientali, si propone di porre rimedio all\u2019isolamento infrastrutturale mettendo in campo azioni volte a promuovere un asse ferroviario che, partendo dalla Riviera francese, attraverso la Liguria di Ponente, il Piemonte, la Svizzera, unisca il bacino mediterraneo con la Germania e le regioni del Nord Europa.<\/p>\n<p style=\"text-align: justify;\">Come si evidenzia dal nome scelto per l\u2019ente, che si innesta sull\u2019esperienza di un comitato gi\u00e0 operativo da qualche tempo denominato \u201cTreno delle Meraviglie \u2013 Train des Merveilles\u201d, presupposto di questo ambizioso progetto, che intende collegare in modo efficace il Piemonte e la Liguria di Ponente al nord Europa contribuendo ad attivare un sistema di \u201cmobilit\u00e0 sostenibile\u201d su rotaia, rispettoso dell\u2019ambiente e della salute dei cittadini, \u00e8 il potenziamento della storica tratta ferroviaria Torino-Cuneo-Ventimiglia-Nizza, nota con l\u2019appellativo di \u201cTreno delle Meraviglie\u201d.<\/p>\n<p style=\"text-align: justify;\">I soci promotori del Comitato, nato a Torino, si prefiggono di valorizzare questo percorso ferroviario non solo come asse di collegamento volto a servire i territori direttamente interessati, comprendenti in Francia la citt\u00e0 di Nizza e la R\u00e9gion Sud o Paca (Provence-Alpes-C\u00f4te d&#8217;Azur) e sul versante italiano il Ponente ligure e il Piemonte, ma soprattutto concependolo come segmento di un corridoio ferroviario molto pi\u00f9 esteso e di ampio respiro, capace di connettere l\u2019area costiera della Francia sud-orientale, il Principato di Monaco e la Liguria di Ponente, in particolare l\u2019importante scalo portuale di Vado-Savona, con le citt\u00e0 di Berna e Basilea in Svizzera, Strasburgo in Alsazia (R\u00e9gion Grand Est) e il nord della Germania (Francoforte, Berlino, Amburgo), attraversando interamente da sud a nord il Piemonte e apportando quindi alla nostra Regione un significativo vantaggio infrastrutturale, logistico e economico.&nbsp;<\/p>\n<p style=\"text-align: justify;\"><!--more--><\/p>\n<p style=\"text-align: justify;\">Come attesta uno studio commissionato nel 2008 dalla Regione Piemonte al Politecnico di Torino nell&#8217;ambito del Progetto INTERREG IIIA Italia-Francia ALCOTRA denominato &#8220;CALIPSO &#8211; Miglioramento delle relazioni ferroviarie tra la stazione di Torino e Nizza&#8221;, la valorizzazione del Treno delle Meraviglie, recente vincitrice de \u201cI Luoghi del Cuore\u201d FAI, costituirebbe il necessario presupposto per la creazione di un corridoio ferroviario internazionale, usufruibile non solo dai passeggeri, ma anche dal trasporto merci, in grado di mettere in connessione il porto di Vado Ligure, con i centri produttivi della Germania e del Nord Europa.<\/p>\n<p style=\"text-align: justify;\">Quanto illustrato sarebbe agevolmente realizzabile connettendo la ferrovia Torino-Cuneo-Ventimiglia-Nizza alla linea Berna-Domodossola, denominata \u201cTreno verde\u201d tramite la riattivazione e l\u2019adeguamento agli standard attuali della tratta attualmente dismessa Arona-Santhi\u00e0.&nbsp;<\/p>\n<p style=\"text-align: justify;\">&#8220;<em>A livello turistico ed economico sarebbe un&#8217;ottima opportunit\u00e0 per la Liguria di ponente il collegamento con Svizzera e Germania &#8211; <\/em><strong>ha dichiarato il sindaco di Ventimiglia Gaetano Scullino <\/strong><em>&#8211; ora speriamo nella riapertura al pi\u00f9 presto della Cuneo &#8211; Ventimiglia che per noi \u00e8 vitale e un plauso a questo nuovo comitato per la promozione di questo&nbsp; prolungamento verso gli Stati del nord Europa&#8221;.<\/em>&nbsp;<\/p>\n<p style=\"text-align: justify;\">LA STORIA. L\u2019obiettivo che si \u00e8 prefisso il comitato \u201cTrain d\u2019Union \u2013 Il Treno delle Meraviglie\u201d&nbsp; ha solide radici storiche perch\u00e9 l\u2019attivazione di questo asse di comunicazione riporterebbe in auge e promuoverebbe lo sviluppo e l\u2019estensione di un servizio di trasporto su rotaia gi\u00e0 ampiamente utilizzato in passato. Il collegamento ferroviario fra Torino e la citt\u00e0 costiera di Nizza, concepito a partire dal 1854 al tempo del Regno di Sardegna e portato a compimento per fasi successive fino all\u2019inaugurazione dell\u2019intera tratta nel 1928, era infatti entrato storicamente in funzione come tassello di un percorso molto pi\u00f9 ampio, di respiro europeo, che permetteva ai treni provenienti dal Nord Europa, attraverso la Svizzera e il Sempione, di raggiungere Torino, Cuneo e la Costa Azzurra, accorciando del 40% il precedente itinerario. Basti pensare che nel 1929 esisteva una relazione bisettimanale Nizza-Cuneo-Torino-Berlino, mentre \u201cfino al 1940 un treno internazionale diretto collegava in 12 ore Berna a Sanremo, proseguendo poi per Nizza, via Domodossola e Torino, sfruttando la ferrovia Arona-Santhi\u00e0\u201d.<\/p>\n<p style=\"text-align: justify;\">I FONDATORI DEL COMITATO. Soci fondatori del Comitato \u201cTrain d\u2019Union \u2013 Il Treno delle Meraviglie\u201d, presieduto da Bruno Lian\u00f2 Lanteri con vice-presidente Luca Valzano (referente tecnico), sono Daniele Cantore, Piera Levi Montalcini, Gian Furio Guslandi, Giancarlo Guslandi, Stefano Guslandi, Paolo Barosso (referente comunicazione), Pietro Endrizzi.<\/p>\n\t<div class=\"quickshare-container\">\r\n\t<ul class=\"quickshare-text qs-genericons quickshare-small\">\r\n\t\t<li class=\"quickshare-share\">Condividi :<\/li> \r\n\t\t<li><a href=\"https:\/\/facebook.com\/sharer.php?u=https%3A%2F%2Fwww.ventimigliablog.it%2Fblog%2Fe-se-la-ferrovia-da-ventimiglia-arrivasse-fino-al-nord-europa%2F&amp;t=E+se+la+ferrovia+da+Ventimiglia+arrivasse+fino+al+nord+Europa%3F+<+Ventimigliablog\" target=\"_blank\" title=\"Share on Facebook\"><span class=\"quickshare-facebook\">Facebook<\/span><\/a><\/li>\t\t<li><a href=\"https:\/\/twitter.com\/intent\/tweet?url=https%3A%2F%2Fwww.ventimigliablog.it%2Fblog%2Fe-se-la-ferrovia-da-ventimiglia-arrivasse-fino-al-nord-europa%2F&amp;text=E+se+la+ferrovia+da+Ventimiglia+arrivasse+fino+al+nord+Europa%3F+<+Ventimigliablog\" target=\"_blank\" title=\"Share on Twitter\"><span class=\"quickshare-twitter\">Twitter<\/span><\/a><\/li>\t\t\t\t\t\t<li><a href=\"https:\/\/plus.google.com\/share?url=https%3A%2F%2Fwww.ventimigliablog.it%2Fblog%2Fe-se-la-ferrovia-da-ventimiglia-arrivasse-fino-al-nord-europa%2F\" target=\"_blank\" title=\"Share on Google+\"><span class=\"quickshare-googleplus\">Google+<\/span><\/a><\/li>\t\t\t\t\t\t\t\t<li><a href=\"mailto:?subject=Ventimigliablog:+E+se+la+ferrovia+da+Ventimiglia+arrivasse+fino+al+nord+Europa%3F&amp;body=https%3A%2F%2Fwww.ventimigliablog.it%2Fblog%2Fe-se-la-ferrovia-da-ventimiglia-arrivasse-fino-al-nord-europa%2F\" target=\"_blank\" title=\"Share via Email\"><span class=\"quickshare-email\">Email<\/span><\/a><\/li>\t<\/ul>\r\n\t<\/div>\r\n","protected":false},"excerpt":{"rendered":"<p>COMITATO \u201cTRAIN D\u2019UNION \u2013 IL TRENO DELLE MERAVIGLIE\u201d: PROMOZIONE DI UN ASSE FERROVIARIO DAL MEDITERRANEO AL NORD EUROPA ATTRAVERSO IL PIEMONTE PER &nbsp;CONTRASTARE L\u2019ISOLAMENTO INFRASTRUTTURALE E&#8217; nato il comitato \u201cTrain d\u2019Union \u2013 Il Treno delle Meraviglie\u201d che, raggruppando comunit\u00e0 di &hellip; <a href=\"https:\/\/www.ventimigliablog.it\/blog\/e-se-la-ferrovia-da-ventimiglia-arrivasse-fino-al-nord-europa\/\">Continua a leggere<span class=\"meta-nav\">&rarr;<\/span><\/a><\/p>\n","protected":false},"author":153,"featured_media":0,"comment_status":"open","ping_status":"closed","sticky":false,"template":"","format":"standard","meta":{"ngg_post_thumbnail":0,"footnotes":""},"categories":[1],"tags":[363,342,364,365,14],"_links":{"self":[{"href":"https:\/\/www.ventimigliablog.it\/blog\/wp-json\/wp\/v2\/posts\/6655"}],"collection":[{"href":"https:\/\/www.ventimigliablog.it\/blog\/wp-json\/wp\/v2\/posts"}],"about":[{"href":"https:\/\/www.ventimigliablog.it\/blog\/wp-json\/wp\/v2\/types\/post"}],"author":[{"embeddable":true,"href":"https:\/\/www.ventimigliablog.it\/blog\/wp-json\/wp\/v2\/users\/153"}],"replies":[{"embeddable":true,"href":"https:\/\/www.ventimigliablog.it\/blog\/wp-json\/wp\/v2\/comments?post=6655"}],"version-history":[{"count":4,"href":"https:\/\/www.ventimigliablog.it\/blog\/wp-json\/wp\/v2\/posts\/6655\/revisions"}],"predecessor-version":[{"id":6661,"href":"https:\/\/www.ventimigliablog.it\/blog\/wp-json\/wp\/v2\/posts\/6655\/revisions\/6661"}],"wp:attachment":[{"href":"https:\/\/www.ventimigliablog.it\/blog\/wp-json\/wp\/v2\/media?parent=6655"}],"wp:term":[{"taxonomy":"category","embeddable":true,"href":"https:\/\/www.ventimigliablog.it\/blog\/wp-json\/wp\/v2\/categories?post=6655"},{"taxonomy":"post_tag","embeddable":true,"href":"https:\/\/www.ventimigliablog.it\/blog\/wp-json\/wp\/v2\/tags?post=6655"}],"curies":[{"name":"wp","href":"https:\/\/api.w.org\/{rel}","templated":true}]}}