{"id":6766,"date":"2022-07-03T13:57:04","date_gmt":"2022-07-03T11:57:04","guid":{"rendered":"http:\/\/www.ventimigliablog.it\/blog\/?p=6766"},"modified":"2022-07-03T14:04:32","modified_gmt":"2022-07-03T12:04:32","slug":"che-turismo-vogliamo-a-ventimiglia-questo-e-il-momento-di-scegliere","status":"publish","type":"post","link":"https:\/\/www.ventimigliablog.it\/blog\/che-turismo-vogliamo-a-ventimiglia-questo-e-il-momento-di-scegliere\/","title":{"rendered":"Che turismo vogliamo a Ventimiglia? Questo \u00e8 il momento di scegliere."},"content":{"rendered":"<p><img loading=\"lazy\" decoding=\"async\" src=\"http:\/\/www.ventimigliablog.it\/blog\/wp-content\/uploads\/2022\/07\/wellness-300x138.jpg\" alt=\"\" width=\"300\" height=\"138\" class=\"alignnone size-medium wp-image-6773\" srcset=\"https:\/\/www.ventimigliablog.it\/blog\/wp-content\/uploads\/2022\/07\/wellness-300x138.jpg 300w, https:\/\/www.ventimigliablog.it\/blog\/wp-content\/uploads\/2022\/07\/wellness.jpg 331w\" sizes=\"(max-width: 300px) 100vw, 300px\" \/><img loading=\"lazy\" decoding=\"async\" src=\"http:\/\/www.ventimigliablog.it\/blog\/wp-content\/uploads\/2022\/07\/turismo-sostenibile-veneto-800x445-1-300x167.png\" alt=\"\" width=\"300\" height=\"167\" class=\"alignnone size-medium wp-image-6772\" srcset=\"https:\/\/www.ventimigliablog.it\/blog\/wp-content\/uploads\/2022\/07\/turismo-sostenibile-veneto-800x445-1-300x167.png 300w, https:\/\/www.ventimigliablog.it\/blog\/wp-content\/uploads\/2022\/07\/turismo-sostenibile-veneto-800x445-1-768x427.png 768w, https:\/\/www.ventimigliablog.it\/blog\/wp-content\/uploads\/2022\/07\/turismo-sostenibile-veneto-800x445-1-500x278.png 500w, https:\/\/www.ventimigliablog.it\/blog\/wp-content\/uploads\/2022\/07\/turismo-sostenibile-veneto-800x445-1.png 800w\" sizes=\"(max-width: 300px) 100vw, 300px\" \/><img loading=\"lazy\" decoding=\"async\" src=\"http:\/\/www.ventimigliablog.it\/blog\/wp-content\/uploads\/2022\/07\/turismo-enogastronomico.jpg\" alt=\"\" width=\"300\" height=\"168\" class=\"alignnone size-full wp-image-6771\" \/><img loading=\"lazy\" decoding=\"async\" src=\"http:\/\/www.ventimigliablog.it\/blog\/wp-content\/uploads\/2022\/07\/serf-300x168.png\" alt=\"\" width=\"300\" height=\"168\" class=\"alignnone size-medium wp-image-6770\" srcset=\"https:\/\/www.ventimigliablog.it\/blog\/wp-content\/uploads\/2022\/07\/serf-300x168.png 300w, https:\/\/www.ventimigliablog.it\/blog\/wp-content\/uploads\/2022\/07\/serf-1024x574.png 1024w, https:\/\/www.ventimigliablog.it\/blog\/wp-content\/uploads\/2022\/07\/serf-768x431.png 768w, https:\/\/www.ventimigliablog.it\/blog\/wp-content\/uploads\/2022\/07\/serf-500x280.png 500w, https:\/\/www.ventimigliablog.it\/blog\/wp-content\/uploads\/2022\/07\/serf.png 1068w\" sizes=\"(max-width: 300px) 100vw, 300px\" \/>In questi giorni \u00e8 apparso la notizia che \u00e8 stato aperto lo IAT, acronimo di Informazione e Accoglienza Turistica.<br \/>\nUn punto importante del programma dell&#8217;Amministrazione Scullino su cui lo Staff del sindaco ha lavorato molto insieme agli uffici comunali, in particolare la Dott.ssa Monica Bonelli.<\/p>\n<p>Un progetto nato all&#8217;interno del Tavolo del turismo a cui partecipavano anche le Associazioni di categoria Confcommercio e Confesercenti e gli assessori in carica (prima della crisi di agosto 2021) al commercio e alle attivit\u00e0 produttive, Matteo De Villa, alla pianificazione territoriale, Tiziana Panetta, e alle manifestazioni, Simone Bertolucci.<\/p>\n<p>Dietro all&#8217;apertura dello IAT, vi \u00e8 stato quindi un lavoro di pianificazione e programmazione che si \u00e8 concluso con l&#8217;aggiudicazione, prima del Commissariamento, di un bando di gara che prevede un preciso lavoro di squadra, che stante lo scioglimento del consiglio comunale per beghe personali, verr\u00e0 svolto durante l&#8217;anno di commissariamento. Un lavoro con delle fasi precise che partiranno dall&#8217;ascolto delle associazioni sul territorio e di tutti i cittadini che vorranno contribuire, i cos\u00ec detti stakeholder.<\/p>\n<p>Era stato quindi previsto, quando abbiamo pensato a questo progetto, di procedere &#8220;a sviluppare un impianto strategico generale da cui<br \/>\nfar discendere le strategie di marketing e sviluppo turistico. Il Piano Strategico sar\u00e0 redatto in due versioni: estesa (destinata al committente e agli stakeholder a cui il committente riterr\u00e0 utile rilasciare detta versione) e sintetica (destinata agli altri stakeholder, operatori e pubblico vario). Il Piano Strategico sar\u00e0 inoltre corredato da un Piano Attuativo che elencher\u00e0, in forma puntuale, le azioni e le attivit\u00e0 funzionali alla sua implementazione&#8221;. In parole semplici, si deve partire da zero, tutti dobbiamo partecipare a costruire un piano del turismo che riteniamo adatto alla nostra realt\u00e0 e che negli anni dobbiamo accompagnare nella crescita. Non basta dire voglio una citt\u00e0 turistica, bisogna anche individuare che turismo possiamo e vogliamo avere e quindi costruire un&#8217;azione di marketing territoriale e di comunicazione specifica per attirare a Ventimiglia quel turismo che abbiamo programmato e voluto. Dobbiamo realizzare un vero piano del turismo.<\/p>\n<p>Poi dobbiamo preparare gli strumenti attuativi il piano del turismo. Le scelte strategiche devono essere coordinate e formalizzate all\u2019interno di un Piano Strategico. Da esso &#8220;discenderanno le azioni di comunicazione. Azioni puntuali e concrete, che verranno definite attraverso la stesura di un piano operativo atto a definire tutte le attivit\u00e0 creative e strategiche da compiere&#8221;.  Quindi, sempre in parole semplici, piano di comunicazione   media e social, nuovo sito del turismo, marchio e nuovo brand, e un ufficio di informazione turistica attivo, mobile, presente.<br \/>\nUn unico motore propulsore che gestisca e sovraintenda le tre aree di azione: area marketing, area comunicazione e area IAT.<\/p>\n<p>Il Commissario a cui non competono necessariamente le scelte strategiche che spetterebbero alla politica, se lo vorr\u00e0, va aiutato, come peraltro la normativa prevede appunto attraverso l&#8217;ascolto e il coinvolgimento degli stakeholder. Conto molto sulle Associazioni di categoria, culturali e di volontariato del territorio e sulla buona politica che sappia quindi essere lungimirante. <\/p>\n<p>Questo \u00e8 il momento di scegliere, i vincitori del bando sono certamente degli specialisti, non perdiamo l&#8217;occasione di collaborare con loro, diamo gli input necessari. <\/p>\n<p>Ventimiglia, 3 luglio 2022 &#8211; Marco Prestileo<\/p>\n\t<div class=\"quickshare-container\">\r\n\t<ul class=\"quickshare-text qs-genericons quickshare-small\">\r\n\t\t<li class=\"quickshare-share\">Condividi :<\/li> \r\n\t\t<li><a href=\"https:\/\/facebook.com\/sharer.php?u=https%3A%2F%2Fwww.ventimigliablog.it%2Fblog%2Fche-turismo-vogliamo-a-ventimiglia-questo-e-il-momento-di-scegliere%2F&amp;t=Che+turismo+vogliamo+a+Ventimiglia%3F+Questo+%C3%A8+il+momento+di+scegliere.+<+Ventimigliablog\" target=\"_blank\" title=\"Share on Facebook\"><span class=\"quickshare-facebook\">Facebook<\/span><\/a><\/li>\t\t<li><a href=\"https:\/\/twitter.com\/intent\/tweet?url=https%3A%2F%2Fwww.ventimigliablog.it%2Fblog%2Fche-turismo-vogliamo-a-ventimiglia-questo-e-il-momento-di-scegliere%2F&amp;text=Che+turismo+vogliamo+a+Ventimiglia%3F+Questo+%C3%A8+il+momento+di+scegliere.+<+Ventimigliablog\" target=\"_blank\" title=\"Share on Twitter\"><span class=\"quickshare-twitter\">Twitter<\/span><\/a><\/li>\t\t\t\t\t\t<li><a href=\"https:\/\/plus.google.com\/share?url=https%3A%2F%2Fwww.ventimigliablog.it%2Fblog%2Fche-turismo-vogliamo-a-ventimiglia-questo-e-il-momento-di-scegliere%2F\" target=\"_blank\" title=\"Share on Google+\"><span class=\"quickshare-googleplus\">Google+<\/span><\/a><\/li>\t\t\t\t\t\t\t\t<li><a href=\"mailto:?subject=Ventimigliablog:+Che+turismo+vogliamo+a+Ventimiglia%3F+Questo+%C3%A8+il+momento+di+scegliere.&amp;body=https%3A%2F%2Fwww.ventimigliablog.it%2Fblog%2Fche-turismo-vogliamo-a-ventimiglia-questo-e-il-momento-di-scegliere%2F\" target=\"_blank\" title=\"Share via Email\"><span class=\"quickshare-email\">Email<\/span><\/a><\/li>\t<\/ul>\r\n\t<\/div>\r\n","protected":false},"excerpt":{"rendered":"<p>In questi giorni \u00e8 apparso la notizia che \u00e8 stato aperto lo IAT, acronimo di Informazione e Accoglienza Turistica. Un punto importante del programma dell&#8217;Amministrazione Scullino su cui lo Staff del sindaco ha lavorato molto insieme agli uffici comunali, in &hellip; <a href=\"https:\/\/www.ventimigliablog.it\/blog\/che-turismo-vogliamo-a-ventimiglia-questo-e-il-momento-di-scegliere\/\">Continua a leggere<span class=\"meta-nav\">&rarr;<\/span><\/a><\/p>\n","protected":false},"author":3,"featured_media":0,"comment_status":"open","ping_status":"closed","sticky":true,"template":"","format":"standard","meta":{"ngg_post_thumbnail":0,"footnotes":""},"categories":[3,1],"tags":[368,14],"_links":{"self":[{"href":"https:\/\/www.ventimigliablog.it\/blog\/wp-json\/wp\/v2\/posts\/6766"}],"collection":[{"href":"https:\/\/www.ventimigliablog.it\/blog\/wp-json\/wp\/v2\/posts"}],"about":[{"href":"https:\/\/www.ventimigliablog.it\/blog\/wp-json\/wp\/v2\/types\/post"}],"author":[{"embeddable":true,"href":"https:\/\/www.ventimigliablog.it\/blog\/wp-json\/wp\/v2\/users\/3"}],"replies":[{"embeddable":true,"href":"https:\/\/www.ventimigliablog.it\/blog\/wp-json\/wp\/v2\/comments?post=6766"}],"version-history":[{"count":5,"href":"https:\/\/www.ventimigliablog.it\/blog\/wp-json\/wp\/v2\/posts\/6766\/revisions"}],"predecessor-version":[{"id":6775,"href":"https:\/\/www.ventimigliablog.it\/blog\/wp-json\/wp\/v2\/posts\/6766\/revisions\/6775"}],"wp:attachment":[{"href":"https:\/\/www.ventimigliablog.it\/blog\/wp-json\/wp\/v2\/media?parent=6766"}],"wp:term":[{"taxonomy":"category","embeddable":true,"href":"https:\/\/www.ventimigliablog.it\/blog\/wp-json\/wp\/v2\/categories?post=6766"},{"taxonomy":"post_tag","embeddable":true,"href":"https:\/\/www.ventimigliablog.it\/blog\/wp-json\/wp\/v2\/tags?post=6766"}],"curies":[{"name":"wp","href":"https:\/\/api.w.org\/{rel}","templated":true}]}}