{"id":6826,"date":"2022-09-14T21:07:32","date_gmt":"2022-09-14T19:07:32","guid":{"rendered":"http:\/\/www.ventimigliablog.it\/blog\/?p=6826"},"modified":"2022-09-14T21:07:32","modified_gmt":"2022-09-14T19:07:32","slug":"ultima-trincea","status":"publish","type":"post","link":"https:\/\/www.ventimigliablog.it\/blog\/ultima-trincea\/","title":{"rendered":"Ultima trincea"},"content":{"rendered":"<div dir=\"auto\">Questa mattina un galoppino della Lega Carbonara a corredo di un servizio di Pietro Zampedroni su Sanremonews.it dal titolo: \u201cVentimiglia ultimo e unico laboratorio politico in provincia tra fratture interne al centrodestra e moti di protesta per le strade\u201d mi ha fatto avere il dispositivo della sentenza di condanna a morte del dittatore e tiranno Adolfo Benito Francisco Franco Scullino detto \u201cTano\u201d, emessa a Ventimiglia, provincia di Norimberga, dalle &#8220;segreterie cittadine e provinciali di Lega, Fratelli d\u2019Italia e Forza Italia\u201d in data 23 giugno 2022, giorno dello sciacallo.<\/div>\n<div dir=\"auto\">Francamente non mi aspettavo la prosa gelida e curiale della Santa Inquisizione e neppure quella alchemica, forbita e al veleno che nella DC in casi come questo le correnti distillavano con l\u2019alambicco.<\/div>\n<div dir=\"auto\">Ma qualcosa di sensato e in pace con consecutio temporum, logica, buonsenso, grammatica e sintassi, beh! almeno questo mi era dovuto, e invece niente, neppure il minimo sindacale.<\/div>\n<div dir=\"auto\">*****<\/div>\n<div dir=\"auto\">Lacuna che per\u00f2 con la pagliacciata dell\u2019inaugurazione del point elettorale in via Cavour aiuta a separare la realt\u00e0 dalla sua rappresentazione romanzata che trovo nel servizio di cui sopra, al netto di alcune verit\u00e0.<\/div>\n<div dir=\"auto\">La prima verit\u00e0 riguarda la ribellione al \u201cpensiero unico\u201d attraverso le Liste Civiche. Nel 2019 in Consiglio comunale erano 5 a fronte di 4 Partiti, avevano 7 consiglieri a fronte di 10 con la tessera in tasca, e con \u201cTano\u201d Scullino esprimevano il sindaco.<\/div>\n<div dir=\"auto\">Nei tre anni successivi mentre le Liste Civiche, di destra e di sinistra, marciavano compatte il marasma dei Partiti ha gettato benzina sul fuoco della ribellione.<\/div>\n<div dir=\"auto\">Un Partito, Forza Italia, \u00e8 sparito dai radar, un altro, Fratelli d\u2019Italia, si \u00e8 dimezzato, un altro, Cambiamo! \u00e8 nato, la Lega in ammollo si \u00e8 colorata di rosso e ha cominciato a perdere i pezzi e solo il PD coi suoi due tesserati \u00e8 rimasto stabile grazie al \u201crigor mortis\u201d.<\/div>\n<div dir=\"auto\">Una seconda verit\u00e0 \u00e8 la \u201cdeflagrazione del centrodestra\u201d, espressione corretta in fisica, ma romanzata in politica e crimine amministrativo al cospetto della Citt\u00e0.<\/div>\n<div dir=\"auto\">Mi spiego.<\/div>\n<div dir=\"auto\">1\u00b0. I 9 consiglieri necessari e sufficienti per sciogliere il Consiglio comunale sono stati PD (2), Liste Civiche di sinistra (4) e Lega (3 su 5). Dunque la deflagrazione \u201cpolitica\u201d \u00e8 di 3 da una parte e 8 dall\u2019altra parte poich\u00e9 la maggioranza di centrodestra era di 11. Ergo 9 versus 8, una scorreggia ha \u201cdeflagrato\u201d, non una bomba.<\/div>\n<div dir=\"auto\">2\u00b0. L\u2019operazione non ha nulla di politico ma \u00e8 stata, come si usa dire, \u201cdi bassa Lega\u201d. Il miracolato sulla via di Montecitorio consapevole che i miracoli non si ripetono, specie dopo il taglio delle poltrone e i sondaggi al ribasso, si era pianificato un lunario di dodici mesi, da onorevole calante, da commissario politico pieno e da sindaco crescente. Ma un mese dopo aver sciolto il Consiglio comunale di Ventimiglia Mattarella gli ha sciolto la Camera e il suo piano di collocamento personale a fasi lunari \u00e8 saltato.<\/div>\n<div dir=\"auto\">3\u00b0. Ma \u00e8 in amministrazione che la \u201cdeflagrazione\u201d ha profili di autentico dolo che per\u00f2 non compare nella sgrammaticata e farneticante sentenza di condanna che addirittura ignora la materia, ma dalla affannosa e maldestra difesa dalle accuse del \u201cDuce\u201d Scullino.<\/div>\n<div dir=\"auto\">*****<\/div>\n<div dir=\"auto\">Troppo da dire, mi limito a un solo flash che dice tutto della malafede dei tre leghisti carbonari e dei loro mandanti e sodali.<\/div>\n<div dir=\"auto\">Pratica COOP: il 28 giugno il caporione carbonaro replica a \u201cTano\u201d: \u201cCi siamo schierati contro, da sempre, perch\u00e9 non riteniamo quel luogo adeguato e non rileviamo l&#8217;interesse pubblico per un nuovo supermercato alimentare in centro citt\u00e0. Glielo hanno detto i residenti, le associazioni di categoria dei commercianti, il centrodestra, perfino un consigliere comunale della sua lista, ma niente, ha preferito votare con il PD (a proposito di inciuci).\u201d \u201cAbbiamo aperto la crisi perch\u00e9 Scullino ha votato con il Pd, non la Lega.\u201d<\/div>\n<div dir=\"auto\">Leggo il dispositivo dell\u2019Atto n\u00b0 499-2022 &#8211; Seduta n\u00b0 3741 &#8211; del 01\/06\/2022 &#8211; Numero d\u2019Ordine 25 Prot\/2022\/391754 della Giunta Regionale Ligure, organo competente ad approvare la variante del distretto di trasformazione per realizzare una Media Struttura di Vendita commerciale.<\/div>\n<div dir=\"auto\">Alessandro Piana \u00e8 vice Presidente dell\u2019Organo deliberativo, \u00e8 presente e votante ed \u00e8 pure Commissario Provinciale della Lega e attuale capolista al Senato nel proporzionale.<\/div>\n<div dir=\"auto\">Ecco la decisione: \u201cDelibera: 2) di approvare la variante al vigente PUC del Comune di Ventimiglia \u2026 consistente nella creazione, all\u2019interno del distretto di trasformazione\u2026 di un nuovo Ambito di Riqualificazione denominato \u201cA.RI.com3 \u2013 Cabagni Baccini\u201d.<\/div>\n<div dir=\"auto\">*****<\/div>\n<div dir=\"auto\">L\u2019antefatto comunale sulla \u201cprocedibilit\u00e0\u201d della pratica sarebbe stato un misfatto comunale se l\u2019istruttoria tecnica non fosse stata portata nei termini di legge all\u2019esame dell\u2019Assemblea cittadina, cosa avvenuta il 5 agosto dell\u2019anno scorso.<\/div>\n<div dir=\"auto\">Quel giorno la Lega intemelia ha votato CONTRO il medesimo provvedimento sul quale la Lega provinciale e regionale, politicamente e giuridicamente titolare della competenza esclusiva, voter\u00e0 A FAVORE e il bello \u00e8 che tutti gli altri Partiti del centrodestra hanno votato anche loro A FAVORE.<\/div>\n<div dir=\"auto\">Neppure il PD, non ostante la cinghia di trasmissione COOP, ha votato compatta, 2\/3 A FAVORE e 1\/3 CONTRO e ASTENUTO.<\/div>\n<div dir=\"auto\">Per\u00f2 il capro espiatorio \u00e8 \u201cTano\u201d per aver compiuto da Sindaco un atto dovuto.<\/div>\n<div dir=\"auto\">\u00c8 solo un flash, ma lascia intuire il resto sui deliri della Lega carbonara.<\/p>\n<p>Bruno Giri <img loading=\"lazy\" decoding=\"async\" class=\"alignnone size-medium wp-image-6827\" src=\"http:\/\/www.ventimigliablog.it\/blog\/wp-content\/uploads\/2022\/09\/trincea-300x211.jpeg\" alt=\"\" width=\"300\" height=\"211\" srcset=\"https:\/\/www.ventimigliablog.it\/blog\/wp-content\/uploads\/2022\/09\/trincea-300x211.jpeg 300w, https:\/\/www.ventimigliablog.it\/blog\/wp-content\/uploads\/2022\/09\/trincea-426x300.jpeg 426w, https:\/\/www.ventimigliablog.it\/blog\/wp-content\/uploads\/2022\/09\/trincea.jpeg 720w\" sizes=\"(max-width: 300px) 100vw, 300px\" \/><\/div>\n\t<div class=\"quickshare-container\">\r\n\t<ul class=\"quickshare-text qs-genericons quickshare-small\">\r\n\t\t<li class=\"quickshare-share\">Condividi :<\/li> \r\n\t\t<li><a href=\"https:\/\/facebook.com\/sharer.php?u=https%3A%2F%2Fwww.ventimigliablog.it%2Fblog%2Fultima-trincea%2F&amp;t=Ultima+trincea+<+Ventimigliablog\" target=\"_blank\" title=\"Share on Facebook\"><span class=\"quickshare-facebook\">Facebook<\/span><\/a><\/li>\t\t<li><a href=\"https:\/\/twitter.com\/intent\/tweet?url=https%3A%2F%2Fwww.ventimigliablog.it%2Fblog%2Fultima-trincea%2F&amp;text=Ultima+trincea+<+Ventimigliablog\" target=\"_blank\" title=\"Share on Twitter\"><span class=\"quickshare-twitter\">Twitter<\/span><\/a><\/li>\t\t\t\t\t\t<li><a href=\"https:\/\/plus.google.com\/share?url=https%3A%2F%2Fwww.ventimigliablog.it%2Fblog%2Fultima-trincea%2F\" target=\"_blank\" title=\"Share on Google+\"><span class=\"quickshare-googleplus\">Google+<\/span><\/a><\/li>\t\t\t\t\t\t\t\t<li><a href=\"mailto:?subject=Ventimigliablog:+Ultima+trincea&amp;body=https%3A%2F%2Fwww.ventimigliablog.it%2Fblog%2Fultima-trincea%2F\" target=\"_blank\" title=\"Share via Email\"><span class=\"quickshare-email\">Email<\/span><\/a><\/li>\t<\/ul>\r\n\t<\/div>\r\n","protected":false},"excerpt":{"rendered":"<p>Questa mattina un galoppino della Lega Carbonara a corredo di un servizio di Pietro Zampedroni su Sanremonews.it dal titolo: \u201cVentimiglia ultimo e unico laboratorio politico in provincia tra fratture interne al centrodestra e moti di protesta per le strade\u201d mi &hellip; <a href=\"https:\/\/www.ventimigliablog.it\/blog\/ultima-trincea\/\">Continua a leggere<span class=\"meta-nav\">&rarr;<\/span><\/a><\/p>\n","protected":false},"author":9,"featured_media":0,"comment_status":"open","ping_status":"closed","sticky":true,"template":"","format":"standard","meta":{"ngg_post_thumbnail":0,"footnotes":""},"categories":[1],"tags":[],"_links":{"self":[{"href":"https:\/\/www.ventimigliablog.it\/blog\/wp-json\/wp\/v2\/posts\/6826"}],"collection":[{"href":"https:\/\/www.ventimigliablog.it\/blog\/wp-json\/wp\/v2\/posts"}],"about":[{"href":"https:\/\/www.ventimigliablog.it\/blog\/wp-json\/wp\/v2\/types\/post"}],"author":[{"embeddable":true,"href":"https:\/\/www.ventimigliablog.it\/blog\/wp-json\/wp\/v2\/users\/9"}],"replies":[{"embeddable":true,"href":"https:\/\/www.ventimigliablog.it\/blog\/wp-json\/wp\/v2\/comments?post=6826"}],"version-history":[{"count":1,"href":"https:\/\/www.ventimigliablog.it\/blog\/wp-json\/wp\/v2\/posts\/6826\/revisions"}],"predecessor-version":[{"id":6828,"href":"https:\/\/www.ventimigliablog.it\/blog\/wp-json\/wp\/v2\/posts\/6826\/revisions\/6828"}],"wp:attachment":[{"href":"https:\/\/www.ventimigliablog.it\/blog\/wp-json\/wp\/v2\/media?parent=6826"}],"wp:term":[{"taxonomy":"category","embeddable":true,"href":"https:\/\/www.ventimigliablog.it\/blog\/wp-json\/wp\/v2\/categories?post=6826"},{"taxonomy":"post_tag","embeddable":true,"href":"https:\/\/www.ventimigliablog.it\/blog\/wp-json\/wp\/v2\/tags?post=6826"}],"curies":[{"name":"wp","href":"https:\/\/api.w.org\/{rel}","templated":true}]}}