{"id":6833,"date":"2022-10-01T13:49:25","date_gmt":"2022-10-01T11:49:25","guid":{"rendered":"http:\/\/www.ventimigliablog.it\/blog\/?p=6833"},"modified":"2022-10-01T13:49:25","modified_gmt":"2022-10-01T11:49:25","slug":"100-giorni-dal-tradimento","status":"publish","type":"post","link":"https:\/\/www.ventimigliablog.it\/blog\/100-giorni-dal-tradimento\/","title":{"rendered":"100 giorni dal tradimento"},"content":{"rendered":"<div class=\"\" dir=\"auto\">\n<div id=\"jsc_c_56\" class=\"d2hqwtrz r227ecj6 ez8dtbzv gt60zsk1\" data-ad-comet-preview=\"message\" data-ad-preview=\"message\">\n<div class=\"alzwoclg cqf1kptm siwo0mpr gu5uzgus\">\n<div class=\"jroqu855 nthtkgg5\">\n<div class=\"m8h3af8h l7ghb35v kjdc1dyq kmwttqpk gh25dzvf n3t5jt4f\">\n<div dir=\"auto\">Oggi, sabato 1\u00b0 ottobre 2022, \u00e8 il 100esimo giorno del \u201cGolpe\u201d del 23 giugno scorso, data del tradimento del patto elettorale con i cittadini di Ventimiglia dopo tre anni di attivit\u00e0 dell\u2019Amministrazione del Sindaco Gaetano Scullino.<\/div>\n<div dir=\"auto\">Di solito i 100 giorni rappresentano per le Amministrazioni pubbliche la luna di miele con i cittadini, un periodo in cui i peccati sono tutti veniali e ottengono indulgenza, in questo caso, invece, la luna \u00e8 di fiele ed \u00e8 servita a mostrare ai ventimigliesi i peccati mortali dei golpisti e a mandarli all\u2019Inferno.<\/div>\n<div dir=\"auto\">Di solito la Nemesi Storica tarda a venire e se ne perde la memoria, di solito, ma non in questo caso perch\u00e9 95 giorni dopo i cittadini traditi sono stati chiamati alle urne.<\/div>\n<div dir=\"auto\">Segno che San Secundin non si \u00e8 distratto.<\/div>\n<\/div>\n<div class=\"l7ghb35v kjdc1dyq kmwttqpk gh25dzvf jikcssrz n3t5jt4f\">\n<div dir=\"auto\">*****<\/div>\n<\/div>\n<div class=\"l7ghb35v kjdc1dyq kmwttqpk gh25dzvf jikcssrz n3t5jt4f\">\n<div dir=\"auto\">La fine del Pinochet de noantri era annunciata, anche gli astrologi erano d\u2019accordo, era soltanto questione di tempo, la Lega lo sapeva e infatti lo mummificher\u00e0 al terzo posto di una lista proporzionale dall\u2019esito blindato unicamente per il primo.<\/div>\n<div dir=\"auto\">\u201cOh fortuna volubile e leggiera!<\/div>\n<div dir=\"auto\">Appena vidi il Sol, che ne fui privo<\/div>\n<div dir=\"auto\">e al cominciar del d\u00ec giunse la sera.\u201d<\/div>\n<div dir=\"auto\">Era il sonetto che, col Poeta, avrebbe mestamente cantato il Nostro se non avesse pensato invece di andare alla conquista della Terra Promessa usurpata da Tano e come Giosu\u00e8 di ordinare 95 giorni fa da un notaio: \u201cFermati, o Sole!\u201d.<\/div>\n<div dir=\"auto\">Da 100 giorni su Ventimiglia il Sole ha effettivamente lasciato il posto al buio della notte commissariale rotto da lampi che illuminano i tanti peccati mortali del golpista.<\/div>\n<div dir=\"auto\">E, come sappiamo, finalmente il 25 settembre scorso la Nemesi elettorale ha finito col punire lui e a imprimere un marchio indelebile sui congiurati.<\/div>\n<\/div>\n<div class=\"l7ghb35v kjdc1dyq kmwttqpk gh25dzvf jikcssrz n3t5jt4f\">\n<div dir=\"auto\">*****<\/div>\n<\/div>\n<div class=\"l7ghb35v kjdc1dyq kmwttqpk gh25dzvf jikcssrz n3t5jt4f\">\n<div dir=\"auto\">Neppure il tempo di fare l\u2019inventario della disastrosa eredit\u00e0 ricevuta senza beneficio dal PD e su Ventimiglia il 2-3 ottobre 2020 si \u00e8 abbattuto il meteorite Alex a devastarla, a portarsi via la passerella Squarciafichi e a far sentire l\u2019intero suo territorio molto pi\u00f9 esposto e vulnerabile di quanto gi\u00e0 si sapesse.<\/div>\n<div dir=\"auto\">Per la gente non era solo un comodo viadotto per scavalcare a piedi il Roya ma un simbolo cittadino e nel suo cuore quella tragedia assomiglia in piccolo all\u2019incidente della funivia che otto mesi dopo colpir\u00e0 Stresa.<\/div>\n<div dir=\"auto\">Al netto delle attivit\u00e0 tecniche, l\u2019istruttoria amministrativa per la ricostruzione di quel simbolo e dei relativi argini si \u00e8 conclusa il 12 aprile 2022 dopo soli 365 giorni con la conferenza dei servizi decisoria di approvazione del progetto definitivo indispensabile per accedere ai finanziamenti tempestivamente prenotati e preliminarmente ammessi, separatamente, sui fondi del \u201cProgramma Regionale di Rigenerazione Urbana\u201d (PRRU), su quelli della \u201cProgrammazione regionale degli interventi strutturali e di manutenzione straordinaria, monitoraggi e progettazioni in materia di viabilit\u00e0 e mobilit\u00e0 ciclistica\u201d e poi, ovvio, su quelli ordinari della programmazione opere pubbliche regionali trattandosi di argini demaniali.<\/div>\n<div dir=\"auto\">Il fascicolo era pronto per la centrale unica di appalto del lotto 1, passerella in prefabbricato metallico scatolare, e i delicati contatti con gli Enti finanziatori erano ormai nella fase conclusiva, e il golpe ha incenerito ogni cosa e nei prossimi 12 mesi di inerzia commissariale far\u00e0 saltare in particolare il quadro economico esposto a una bufera inflattiva senza precedenti.<\/div>\n<div dir=\"auto\">Ma questo \u00e8 soltanto uno, e neppure il pi\u00f9 grave, dei peccati mortali.<\/div>\n<\/div>\n<div class=\"l7ghb35v kjdc1dyq kmwttqpk gh25dzvf jikcssrz n3t5jt4f\">\n<div dir=\"auto\">*****<\/div>\n<\/div>\n<div class=\"l7ghb35v kjdc1dyq kmwttqpk gh25dzvf jikcssrz n3t5jt4f\">\n<div dir=\"auto\">Solo delle mezze calzette miopi e col paraocchi non vedono il Peccato Originale dei carbonari, aver decapitato la loro Citt\u00e0 proprio quando la sua presenza politica era richiesta da fondamentali trasformazioni in atto.<\/div>\n<div dir=\"auto\">Sulla privatizzazione di Rivieracqua in tutti i Consigli comunali dell\u2019Imperiese in questi giorni \u00e8 in atto un vivace e democratico confronto e a Ventimiglia il Commissario prefettizio con un ukase d\u00e0 a Scajola la delega in bianco.<\/div>\n<div dir=\"auto\">C\u2019\u00e8 da aspettarsi che la stessa cosa accada con il gas e ancor peggio sta gi\u00e0 verificandosi con la falsa partenza di Teknoservice che \u00e8 alla base della scandalosa situazione igienica attuale.<\/div>\n<\/div>\n<div class=\"l7ghb35v kjdc1dyq kmwttqpk gh25dzvf jikcssrz n3t5jt4f\">\n<div dir=\"auto\">*****<\/div>\n<\/div>\n<div class=\"l7ghb35v kjdc1dyq kmwttqpk gh25dzvf jikcssrz n3t5jt4f\">\n<div dir=\"auto\">Dopo Alex una seconda batosta, questa volta sociale, ha colpito Ventimiglia, la chiusura del centro immigrati gestito da Croce Rossa-Caritas-Onlus varie, disposta dal Viminale, attento unicamente agli aspetti di polizia e di ordine pubblico e incurante di tutte le altre conseguenze a carico delle persone, ventimigliesi messi di fronte a situazioni inaccettabili e immigrati trattati peggio dei cinghiali ammessi invece a grufolare nelle aiuole cittadine.<\/div>\n<div dir=\"auto\">Il golpe leghista \u00e8 avvenuto proprio nel momento esatto in cui il cambio della guardia a Roma e a Imperia esprimeva un indirizzo del Viminale pi\u00f9 attento alle conseguenze e tra il Prefetto, il sindaco Scullino e la Regione, Toti, Scajola jr e Berrino c\u2019era l\u2019intesa su un centro di transito e smistamento immigrati alla Mortola con consenso generoso degli abitanti della frazione.<\/div>\n<div dir=\"auto\">Le mezze calzette ignorano tutto questo e l\u2019unica speranza \u00e8 che il nuovo parlamentare che sostituisce il trombato se ne ricordi.<\/div>\n<div dir=\"auto\">E\u2019 persona seria che conosco e stimo fin da quando era praticante dello Studio Rovere a Sanremo, e sono certo che trover\u00e0 modo di metterci una toppa.<\/div>\n<\/div>\n<div class=\"l7ghb35v kjdc1dyq kmwttqpk gh25dzvf jikcssrz n3t5jt4f\">\n<div dir=\"auto\">*****<\/div>\n<\/div>\n<div class=\"l7ghb35v kjdc1dyq kmwttqpk gh25dzvf jikcssrz n3t5jt4f\">\n<div dir=\"auto\">Chiudo il mio saluto al 100esimo giorno di infamia lasciandomi dietro mille altri peccati mortali, occasioni perse, treni passati e appuntamenti mancati.<\/div>\n<div dir=\"auto\">Mille, ho detto mille e non per vuota retorica ma perch\u00e9 sono mille e forse pi\u00f9.<\/div>\n<div dir=\"auto\">Le mezze calzette miopi e col paraocchi non vedono al di l\u00e0 della loro scrivania e si mobilitano per fare seghe a un morto, il commissario prefettizio.<\/div>\n<div dir=\"auto\">Meglio raccogliere i cocci, capire, conoscere e riconoscere le tante novit\u00e0 politiche in corso e immaginare come cavalcarle tra 9 mesi, il tempo di una gravidanza.<\/p>\n<p>Bruno Giri<\/p><\/div>\n<\/div>\n<\/div>\n<\/div>\n<\/div>\n<\/div>\n\t<div class=\"quickshare-container\">\r\n\t<ul class=\"quickshare-text qs-genericons quickshare-small\">\r\n\t\t<li class=\"quickshare-share\">Condividi :<\/li> \r\n\t\t<li><a href=\"https:\/\/facebook.com\/sharer.php?u=https%3A%2F%2Fwww.ventimigliablog.it%2Fblog%2F100-giorni-dal-tradimento%2F&amp;t=100+giorni+dal+tradimento+<+Ventimigliablog\" target=\"_blank\" title=\"Share on Facebook\"><span class=\"quickshare-facebook\">Facebook<\/span><\/a><\/li>\t\t<li><a href=\"https:\/\/twitter.com\/intent\/tweet?url=https%3A%2F%2Fwww.ventimigliablog.it%2Fblog%2F100-giorni-dal-tradimento%2F&amp;text=100+giorni+dal+tradimento+<+Ventimigliablog\" target=\"_blank\" title=\"Share on Twitter\"><span class=\"quickshare-twitter\">Twitter<\/span><\/a><\/li>\t\t\t\t\t\t<li><a href=\"https:\/\/plus.google.com\/share?url=https%3A%2F%2Fwww.ventimigliablog.it%2Fblog%2F100-giorni-dal-tradimento%2F\" target=\"_blank\" title=\"Share on Google+\"><span class=\"quickshare-googleplus\">Google+<\/span><\/a><\/li>\t\t\t\t\t\t\t\t<li><a href=\"mailto:?subject=Ventimigliablog:+100+giorni+dal+tradimento&amp;body=https%3A%2F%2Fwww.ventimigliablog.it%2Fblog%2F100-giorni-dal-tradimento%2F\" target=\"_blank\" title=\"Share via Email\"><span class=\"quickshare-email\">Email<\/span><\/a><\/li>\t<\/ul>\r\n\t<\/div>\r\n","protected":false},"excerpt":{"rendered":"<p>Oggi, sabato 1\u00b0 ottobre 2022, \u00e8 il 100esimo giorno del \u201cGolpe\u201d del 23 giugno scorso, data del tradimento del patto elettorale con i cittadini di Ventimiglia dopo tre anni di attivit\u00e0 dell\u2019Amministrazione del Sindaco Gaetano Scullino. Di solito i 100 &hellip; <a href=\"https:\/\/www.ventimigliablog.it\/blog\/100-giorni-dal-tradimento\/\">Continua a leggere<span class=\"meta-nav\">&rarr;<\/span><\/a><\/p>\n","protected":false},"author":9,"featured_media":0,"comment_status":"open","ping_status":"closed","sticky":true,"template":"","format":"standard","meta":{"ngg_post_thumbnail":0,"footnotes":""},"categories":[1],"tags":[],"_links":{"self":[{"href":"https:\/\/www.ventimigliablog.it\/blog\/wp-json\/wp\/v2\/posts\/6833"}],"collection":[{"href":"https:\/\/www.ventimigliablog.it\/blog\/wp-json\/wp\/v2\/posts"}],"about":[{"href":"https:\/\/www.ventimigliablog.it\/blog\/wp-json\/wp\/v2\/types\/post"}],"author":[{"embeddable":true,"href":"https:\/\/www.ventimigliablog.it\/blog\/wp-json\/wp\/v2\/users\/9"}],"replies":[{"embeddable":true,"href":"https:\/\/www.ventimigliablog.it\/blog\/wp-json\/wp\/v2\/comments?post=6833"}],"version-history":[{"count":2,"href":"https:\/\/www.ventimigliablog.it\/blog\/wp-json\/wp\/v2\/posts\/6833\/revisions"}],"predecessor-version":[{"id":6835,"href":"https:\/\/www.ventimigliablog.it\/blog\/wp-json\/wp\/v2\/posts\/6833\/revisions\/6835"}],"wp:attachment":[{"href":"https:\/\/www.ventimigliablog.it\/blog\/wp-json\/wp\/v2\/media?parent=6833"}],"wp:term":[{"taxonomy":"category","embeddable":true,"href":"https:\/\/www.ventimigliablog.it\/blog\/wp-json\/wp\/v2\/categories?post=6833"},{"taxonomy":"post_tag","embeddable":true,"href":"https:\/\/www.ventimigliablog.it\/blog\/wp-json\/wp\/v2\/tags?post=6833"}],"curies":[{"name":"wp","href":"https:\/\/api.w.org\/{rel}","templated":true}]}}