{"id":6849,"date":"2022-10-07T17:12:34","date_gmt":"2022-10-07T15:12:34","guid":{"rendered":"http:\/\/www.ventimigliablog.it\/blog\/?p=6849"},"modified":"2022-10-08T09:42:17","modified_gmt":"2022-10-08T07:42:17","slug":"la-mia-replica-da-ex-sindaco-al-consigliere-regionale-mabel-riolfo","status":"publish","type":"post","link":"https:\/\/www.ventimigliablog.it\/blog\/la-mia-replica-da-ex-sindaco-al-consigliere-regionale-mabel-riolfo\/","title":{"rendered":"La mia replica da ex Sindaco al consigliere Regionale Mabel Riolfo"},"content":{"rendered":"<div dir=\"auto\">Leggo con stupore le esternazioni che la Lega, tramite il suo consigliere regionale Mabel Riolfo, presenta in merito alla passata alluvione di fango a Ventimiglia ed alla mancata costruzione della passerella sul Roja.<\/div>\n<div dir=\"auto\">Stupisco nel leggere che la consigliera Riolfo auspica un prossimo Sindaco capace di costruire la passerella ed in grado di rendere la citt\u00e0 vivibile e sicura per i residenti.<\/div>\n<div dir=\"auto\">E stupisco non poco, perch\u00e9 la consigliera conosce bene i fatti accaduti che, a scanso di equivoci, le voglio rammentare.<\/div>\n<div dir=\"auto\"><\/div>\n<div dir=\"auto\">Il sottoscritto, in qualit\u00e0 di Sindaco, ha fatto approvare il progetto esecutivo per ricostruire la passerella senza perdere un solo giorno di tempo e, nonostante la mostruosa burocrazia incontrata, \u00e8 riuscito a presentarlo ai ben 17 Enti necessari, \u00a0che lo hanno approvato e sottoscritto.<\/div>\n<div dir=\"auto\">la passerella in se avr\u00e0 un costo di 6 milioni, a cui si sommano lavori collaterali imprescindibili.<\/p>\n<\/div>\n<div dir=\"auto\">Precisamente: il \u00a0costo della passerella \u00a0\u00e8 di \u20ac 6.100.000 a cui vanno aggiunti :<br \/>\nimporto di <b>2.319.012,20 euro <\/b>per lavori a ponte e spalle,<b>764.779,18 euro<\/b>\u00a0per l&#8217;adeguamento argini,\u00a0<b>380.106,24 euro\u00a0<\/b>per gli impianti elettrici,<b>260.112,26 euro\u00a0<\/b>per gli\u00a0impianti idraulici e<b>2.308.721,59 euro<\/b>\u00a0per la riqualificazione urbana.Un progetto dal costo totale di\u00a0<b>12.132.731,47 euro<\/b>,<br \/>\nE&#8217; chiaro che se si continua a parlare a vanvera e a non mettere in pratica la vera ricostruzione affermando che la prossima amministrazione 2023 dovr\u00e0 procedere ad una nuova progettazione meno costosa, sicuramente i prezzi aumenteranno, ma soprattutto passeranno tanti anni, e purtroppo non si \u00e8 ancora capito che, quella soluzione in acciaio a campata unica senza pile centrali nell&#8217;alveo del fiume \u00e8 la unica che ha i requisiti determinati dai vincoli ambientali gravanti nell&#8217;area.<\/p>\n<\/div>\n<div dir=\"auto\">A giugno, quando una parte dei consiglieri leghisti ha fatto l&#8217;inciucio con la sinistra e, in modo carbonaro, \u00e8 andata dal notaio per far cadere la mia Amministrazione, il progetto si \u00e8 bloccato.<\/div>\n<div dir=\"auto\">Bravi!<\/div>\n<div dir=\"auto\">Un grande tempismo senza dubbio, perch\u00e9, se ci avessero dato il tempo, oggi saremmo in fase di gare di appalto ed a novembre partirebbero i lavori !<\/div>\n<div dir=\"auto\">\u00a0Proprio bravi!<\/div>\n<div dir=\"auto\">Anche perch\u00e9, grazie a loro ed alla loro lungimiranza, perderemo con certezza, oltre al tempo necessario a ri-percorrere le varie tappe gi\u00e0 percorse, anche il contributo di circa 4 milioni di euro che il Presidente Toti aveva promesso.<\/div>\n<div dir=\"auto\">E la stessa fine sembra fare il progetto di messa in sicurezza degli argini del Roja.<\/div>\n<div dir=\"auto\">\n<p>Altro che speranze di pronte realizzazioni!<\/p>\n<\/div>\n<div dir=\"auto\"><\/div>\n<div dir=\"auto\">La consigliera Riolfo, nelle sue speranze intorno al prossimo sindaco, metta pure quella di un sindaco che non sia appoggiato dalla Lega, ed ancor pi\u00f9 non abbia a governare con quei leghisti carbonari che tramano alle spalle, ovviamente \u2018 nell\u2019interesse della citt\u00e0\u2019!!!<\/div>\n<div dir=\"auto\"><\/div>\n<div dir=\"auto\">E la Lega, se vuole fare davvero il bene della citt\u00e0, anzich\u00e9 parlare, cominci a darsi da fare.\u00a0 Ha due assessori regionali e numerosi consiglieri: si rivolga a loro e si faccia garantire i fondi per ricostruire Ventimiglia dopo l\u2019alluvione!<\/div>\n<div dir=\"auto\">Aveva anche un deputato \u2013 ora non pi\u00f9 eletto- si rivolga a lui per sapere dove sono i soldi per il ristoro dei cittadini e dei commercianti rimasti alluvionati, perch\u00e9 ad essi lo Stato aveva fatto precise promesse.<\/div>\n<div dir=\"auto\">E chieda ai suoi rappresentati perch\u00e9 i 500 mila euro che il Principe di Monaco mise a disposizione della citt\u00e0 a seguito dell\u2019evento siano stati bloccati per due anni in Regione e ad oggi non si abbia ancora notizia della promessa donazione.<\/div>\n<div dir=\"auto\">Chieda ! Ai suoi rappresentanti.<\/div>\n<div dir=\"auto\">Ed agisca di seguito.<\/div>\n<div dir=\"auto\"><\/div>\n<div dir=\"auto\">La Lega ha iniziato la sua campagna elettorale.\u00a0 Indubbio. Perch\u00e9 le risposte a questi interrogativi, ben conosciute &#8211; come conosciute sono le possibilit\u00e0 di intervento -, fanno pensare pi\u00f9 ad un avvio di campagna elettorale che ad un reale interesse di soluzione.<\/div>\n<div dir=\"auto\">\n<p>Ma se la Lega vuole risolvere i problemi della citt\u00e0, non si limiti a parlare, ma si assuma le sue responsabilit\u00e0. Che sono molte. E agisca di conseguenza.<\/p>\n<p>Gaetano Scullino<\/p>\n<\/div>\n\t<div class=\"quickshare-container\">\r\n\t<ul class=\"quickshare-text qs-genericons quickshare-small\">\r\n\t\t<li class=\"quickshare-share\">Condividi :<\/li> \r\n\t\t<li><a href=\"https:\/\/facebook.com\/sharer.php?u=https%3A%2F%2Fwww.ventimigliablog.it%2Fblog%2Fla-mia-replica-da-ex-sindaco-al-consigliere-regionale-mabel-riolfo%2F&amp;t=La+mia+replica+da+ex+Sindaco+al+consigliere+Regionale+Mabel+Riolfo+<+Ventimigliablog\" target=\"_blank\" title=\"Share on Facebook\"><span class=\"quickshare-facebook\">Facebook<\/span><\/a><\/li>\t\t<li><a href=\"https:\/\/twitter.com\/intent\/tweet?url=https%3A%2F%2Fwww.ventimigliablog.it%2Fblog%2Fla-mia-replica-da-ex-sindaco-al-consigliere-regionale-mabel-riolfo%2F&amp;text=La+mia+replica+da+ex+Sindaco+al+consigliere+Regionale+Mabel+Riolfo+<+Ventimigliablog\" target=\"_blank\" title=\"Share on Twitter\"><span class=\"quickshare-twitter\">Twitter<\/span><\/a><\/li>\t\t\t\t\t\t<li><a href=\"https:\/\/plus.google.com\/share?url=https%3A%2F%2Fwww.ventimigliablog.it%2Fblog%2Fla-mia-replica-da-ex-sindaco-al-consigliere-regionale-mabel-riolfo%2F\" target=\"_blank\" title=\"Share on Google+\"><span class=\"quickshare-googleplus\">Google+<\/span><\/a><\/li>\t\t\t\t\t\t\t\t<li><a href=\"mailto:?subject=Ventimigliablog:+La+mia+replica+da+ex+Sindaco+al+consigliere+Regionale+Mabel+Riolfo&amp;body=https%3A%2F%2Fwww.ventimigliablog.it%2Fblog%2Fla-mia-replica-da-ex-sindaco-al-consigliere-regionale-mabel-riolfo%2F\" target=\"_blank\" title=\"Share via Email\"><span class=\"quickshare-email\">Email<\/span><\/a><\/li>\t<\/ul>\r\n\t<\/div>\r\n","protected":false},"excerpt":{"rendered":"<p>Leggo con stupore le esternazioni che la Lega, tramite il suo consigliere regionale Mabel Riolfo, presenta in merito alla passata alluvione di fango a Ventimiglia ed alla mancata costruzione della passerella sul Roja. Stupisco nel leggere che la consigliera Riolfo &hellip; <a href=\"https:\/\/www.ventimigliablog.it\/blog\/la-mia-replica-da-ex-sindaco-al-consigliere-regionale-mabel-riolfo\/\">Continua a leggere<span class=\"meta-nav\">&rarr;<\/span><\/a><\/p>\n","protected":false},"author":9,"featured_media":0,"comment_status":"open","ping_status":"closed","sticky":true,"template":"","format":"standard","meta":{"ngg_post_thumbnail":0,"footnotes":""},"categories":[1],"tags":[],"_links":{"self":[{"href":"https:\/\/www.ventimigliablog.it\/blog\/wp-json\/wp\/v2\/posts\/6849"}],"collection":[{"href":"https:\/\/www.ventimigliablog.it\/blog\/wp-json\/wp\/v2\/posts"}],"about":[{"href":"https:\/\/www.ventimigliablog.it\/blog\/wp-json\/wp\/v2\/types\/post"}],"author":[{"embeddable":true,"href":"https:\/\/www.ventimigliablog.it\/blog\/wp-json\/wp\/v2\/users\/9"}],"replies":[{"embeddable":true,"href":"https:\/\/www.ventimigliablog.it\/blog\/wp-json\/wp\/v2\/comments?post=6849"}],"version-history":[{"count":4,"href":"https:\/\/www.ventimigliablog.it\/blog\/wp-json\/wp\/v2\/posts\/6849\/revisions"}],"predecessor-version":[{"id":6856,"href":"https:\/\/www.ventimigliablog.it\/blog\/wp-json\/wp\/v2\/posts\/6849\/revisions\/6856"}],"wp:attachment":[{"href":"https:\/\/www.ventimigliablog.it\/blog\/wp-json\/wp\/v2\/media?parent=6849"}],"wp:term":[{"taxonomy":"category","embeddable":true,"href":"https:\/\/www.ventimigliablog.it\/blog\/wp-json\/wp\/v2\/categories?post=6849"},{"taxonomy":"post_tag","embeddable":true,"href":"https:\/\/www.ventimigliablog.it\/blog\/wp-json\/wp\/v2\/tags?post=6849"}],"curies":[{"name":"wp","href":"https:\/\/api.w.org\/{rel}","templated":true}]}}