{"id":6910,"date":"2022-10-23T19:18:48","date_gmt":"2022-10-23T17:18:48","guid":{"rendered":"http:\/\/www.ventimigliablog.it\/blog\/?p=6910"},"modified":"2022-10-23T19:18:48","modified_gmt":"2022-10-23T17:18:48","slug":"nella-fattoria-politica-intemelia-ce-chi-e-convinto-di-avere-trovato-la-password-per-entrare-negli-arcana-imperii-ma-e-solo-photoshop","status":"publish","type":"post","link":"https:\/\/www.ventimigliablog.it\/blog\/nella-fattoria-politica-intemelia-ce-chi-e-convinto-di-avere-trovato-la-password-per-entrare-negli-arcana-imperii-ma-e-solo-photoshop\/","title":{"rendered":"Nella fattoria politica intemelia c\u2019\u00e8 chi \u00e8 convinto di avere trovato la password per entrare negli \u201cArcana Imperii\u201d, ma \u00e8 solo Photoshop"},"content":{"rendered":"<div class=\"\" dir=\"auto\">\n<div id=\"jsc_c_dn\" class=\"x1iorvi4 x1pi30zi x1l90r2v x1swvt13\" data-ad-comet-preview=\"message\" data-ad-preview=\"message\">\n<div class=\"x78zum5 xdt5ytf xz62fqu x16ldp7u\">\n<div class=\"xu06os2 x1ok221b\">\n<div class=\"xdj266r x11i5rnm xat24cr x1mh8g0r x1vvkbs x126k92a\">\n<div dir=\"auto\">Nella fattoria politica intemelia c\u2019\u00e8 chi \u00e8 convinto di avere trovato la password per entrare negli \u201cArcana Imperii\u201d dopo aver pelato patate e lavato piatti per qualche anno in cucina.<\/div>\n<div dir=\"auto\">L\u2019opinione individuale non esiste per questi hacker della democrazia, per loro il consenso collettivo si conquista dietro lo schermo di un computer muovendo telematicamente legioni di anonimi burattini.<\/div>\n<div dir=\"auto\">\u00c8 sufficiente disegnare sui social i profili senza volto di alcuni diadochi di Tano e subito i Metternich della tastiera organizzano un Congresso di Vienna e allacciano i fili invisibili del Potere sulle rive del Roya.<\/div>\n<div dir=\"auto\">Condividono, in pratica, con l\u2019uomo della Santa Alleanza che anche \u201cVentimiglia\u201d e non soltanto l\u2019Italia \u00e8 una \u201cespressione geografica\u201d e che il suo concetto di popolo riguarda il dialetto e non ha \u201cvalore politico\u201d.<\/div>\n<div dir=\"auto\">Senza per\u00f2 il finale: \u201cIn Europa allo stato attuale esiste un solo vero uomo politico, ma disgraziatamente \u00e8 contro di noi. \u00c8 il conte di Cavour\u201d.<\/div>\n<div dir=\"auto\">Lo nascondono non perch\u00e9 luned\u00ec scorso se ne \u00e8 impossessato Berlusconi ma perch\u00e9 pensano a Tano, uno che \u00e8 contro di loro.<\/div>\n<\/div>\n<div class=\"x11i5rnm xat24cr x1mh8g0r x1vvkbs xtlvy1s x126k92a\">\n<div dir=\"auto\">*****<\/div>\n<\/div>\n<div class=\"x11i5rnm xat24cr x1mh8g0r x1vvkbs xtlvy1s x126k92a\">\n<div dir=\"auto\">Pi\u00f9 passa il tempo e pi\u00f9 mi persuado che Gramsci aveva ragione da vendere quando gi\u00e0 87 anni fa scriveva che il potere sovrano \u201cper Grazia di Dio e Volont\u00e0 della Nazione\u201d non esiste pi\u00f9: \u201cIl potere \u00e8 la capacit\u00e0 di fare, la politica \u00e8 decidere che cosa fare.\u201d<\/div>\n<div dir=\"auto\">Il problema \u00e8 che il \u201cfare\u201d che occorre decidere e di cui bisogna essere capaci non \u00e8 pi\u00f9 quello dei suoi tempi.<\/div>\n<div dir=\"auto\">Oggi, diciamocelo chiaro e guardandoci negli occhi, il politico \u201ccasual\u201d eletto in qualsiasi ruolo in un qualsiasi Comune italiano e quindi anche a Ventimiglia, ha di fronte un \u201ctrilemma\u201d.<\/div>\n<div dir=\"auto\">O si adatta a essere il pupazzo \u201cRockfeller\u201d di un burocrate apicale ventriloquo a sua volta incaprettato in un modello organizzativo connesso, tipo l\u2019urbanistica intemelia dell\u2019ultimo triennio.<\/div>\n<div dir=\"auto\">Oppure non lo accetta per i pi\u00f9 vari motivi, tipo scontro frontale sulla protezione civile o buccia di banana della Coop di via Tacito.<\/div>\n<div dir=\"auto\">Oppure, e questo \u00e8 il caso di Tano, esternalizza e appalta i servizi in cucina e in sala e nei briefing quotidiani detta il menu, e come si fa nell\u2019impresa impartisce le informazioni e le istruzioni necessarie, consapevole del proprio ruolo di \u201cdecisore\u201d politico e non di esecutore tecnico o burocratico.<\/div>\n<\/div>\n<div class=\"x11i5rnm xat24cr x1mh8g0r x1vvkbs xtlvy1s x126k92a\">\n<div dir=\"auto\">*****<\/div>\n<\/div>\n<div class=\"x11i5rnm xat24cr x1mh8g0r x1vvkbs xtlvy1s x126k92a\">\n<div dir=\"auto\">Una specialit\u00e0 trend sui social \u00e8 quella culinaria, con immagini di manicaretti sui fornelli o impiattati.<\/div>\n<div dir=\"auto\">L\u2019altro giorno il nostro metaforico cuoco capo partita ne ha pubblicato una sui social, precotta e alle Calandre e al Porto degli Scoglietti.<\/div>\n<div dir=\"auto\">La sua intenzione era chiaramente quella di far sapere al mondo di essere presente negli \u201cArcana Imperii\u201d a dare una mano al loro titolare, il Commissario prefettizio.<\/div>\n<div dir=\"auto\">Per\u00f2 lo ha fatto usurpando le competenze tecniche del responsabile del procedimento, il burocrate apicale rimasto senza un pupazzo \u201cRockfeller\u201d da far parlare.<\/div>\n<div dir=\"auto\">Minestra riscaldata sul fornello di una Conferenza dei Servizi, tipo quella decisoria del<br \/>\n1\u00b0 luglio scorso che ha approvato il progetto definitivo della pista ciclopedonale tra via Tacito e via Dante e della traslazione della passeggiata a mare, o tipo quella del precedente 12 aprile che ha fatto altrettanto per il progetto definitivo della passerella ciclopedonale sul fiume Roya, messa in sicurezza degli argini nel tratto terminale e riqualificazione urbana.<\/div>\n<div dir=\"auto\">In questo caso, per\u00f2, non si \u00e8 trattato di opera pubblica comunale ma di opera di difesa costiera di un privato sub-concessionario del Demanio marittimo pubblico, progettata e eseguita a sua cura e spese per mettere in sicurezza la Falesia di Punta della Rocca, precedenti opere da lui eseguite in sub-concessione e altri ambiti marini e terrestri da esse interessati e coinvolti, esposti a criticit\u00e0 di varia natura.<\/div>\n<div dir=\"auto\">Cinque mesi ad oggi, domenica 23 ottobre 2022, si era concluso il procedimento tecnico-burocratico di approvazione del progetto definitivo con la determinazione conclusiva del 23 maggio 2022 n. 408 che ha chiuso la relativa Conferenza dei Servizi.<\/div>\n<\/div>\n<div class=\"x11i5rnm xat24cr x1mh8g0r x1vvkbs xtlvy1s x126k92a\">\n<div dir=\"auto\">*****<\/div>\n<\/div>\n<div class=\"x11i5rnm xat24cr x1mh8g0r x1vvkbs xtlvy1s x126k92a\">\n<div dir=\"auto\">\u00c8 un manicaretto fatto col Photoshop perch\u00e9 i meriti aggiunti sono postumi e surreali, tutto si \u00e8 svolto \u201csecundum natura\u201d direbbe Lucrezio, come il sorgere del sole o il cadere della pioggia.<\/div>\n<div dir=\"auto\">Per\u00f2 c\u2019\u00e8 anche un risvolto apologetico in tutto questo.<\/div>\n<div dir=\"auto\">\n<p>Ieri mattina il soggetto privato ha iniziato i lavori mentre il soggetto pubblico delle due Conferenze dei Servizi che citavo prima e di ogni altra Conferenza futura e\/o in corso dovr\u00e0 aspettare anni e anni prima di poterlo fare e questo a onta e discredito dei carbonari ai quali i cuochi insubordinati e i loro\u00a0 adesso fanno la serenata dietro lo schermo di un computer.<\/p>\n<p><img loading=\"lazy\" decoding=\"async\" class=\"alignnone size-medium wp-image-6912\" src=\"http:\/\/www.ventimigliablog.it\/blog\/wp-content\/uploads\/2022\/10\/giri-1-300x219.jpg\" alt=\"\" width=\"300\" height=\"219\" srcset=\"https:\/\/www.ventimigliablog.it\/blog\/wp-content\/uploads\/2022\/10\/giri-1-300x219.jpg 300w, https:\/\/www.ventimigliablog.it\/blog\/wp-content\/uploads\/2022\/10\/giri-1-410x300.jpg 410w, https:\/\/www.ventimigliablog.it\/blog\/wp-content\/uploads\/2022\/10\/giri-1.jpg 509w\" sizes=\"(max-width: 300px) 100vw, 300px\" \/>Bruno Giri<\/p>\n<\/div>\n<\/div>\n<\/div>\n<\/div>\n<\/div>\n<\/div>\n\t<div class=\"quickshare-container\">\r\n\t<ul class=\"quickshare-text qs-genericons quickshare-small\">\r\n\t\t<li class=\"quickshare-share\">Condividi :<\/li> \r\n\t\t<li><a href=\"https:\/\/facebook.com\/sharer.php?u=https%3A%2F%2Fwww.ventimigliablog.it%2Fblog%2Fnella-fattoria-politica-intemelia-ce-chi-e-convinto-di-avere-trovato-la-password-per-entrare-negli-arcana-imperii-ma-e-solo-photoshop%2F&amp;t=Nella+fattoria+politica+intemelia+c%E2%80%99%C3%A8+chi+%C3%A8+convinto+di+avere+trovato+la+password+per+entrare+negli+%E2%80%9CArcana+Imperii%E2%80%9D%2C+ma+%C3%A8+solo+Photoshop+<+Ventimigliablog\" target=\"_blank\" title=\"Share on Facebook\"><span class=\"quickshare-facebook\">Facebook<\/span><\/a><\/li>\t\t<li><a href=\"https:\/\/twitter.com\/intent\/tweet?url=https%3A%2F%2Fwww.ventimigliablog.it%2Fblog%2Fnella-fattoria-politica-intemelia-ce-chi-e-convinto-di-avere-trovato-la-password-per-entrare-negli-arcana-imperii-ma-e-solo-photoshop%2F&amp;text=Nella+fattoria+politica+intemelia+c%E2%80%99%C3%A8+chi+%C3%A8+convinto+di+avere+trovato+la+password+per+entrare+negli+%E2%80%9CArcana+Imperii%E2%80%9D%2C+ma+%C3%A8+solo+Photoshop+<+Ventimigliablog\" target=\"_blank\" title=\"Share on Twitter\"><span class=\"quickshare-twitter\">Twitter<\/span><\/a><\/li>\t\t\t\t\t\t<li><a href=\"https:\/\/plus.google.com\/share?url=https%3A%2F%2Fwww.ventimigliablog.it%2Fblog%2Fnella-fattoria-politica-intemelia-ce-chi-e-convinto-di-avere-trovato-la-password-per-entrare-negli-arcana-imperii-ma-e-solo-photoshop%2F\" target=\"_blank\" title=\"Share on Google+\"><span class=\"quickshare-googleplus\">Google+<\/span><\/a><\/li>\t\t\t\t\t\t\t\t<li><a href=\"mailto:?subject=Ventimigliablog:+Nella+fattoria+politica+intemelia+c%E2%80%99%C3%A8+chi+%C3%A8+convinto+di+avere+trovato+la+password+per+entrare+negli+%E2%80%9CArcana+Imperii%E2%80%9D%2C+ma+%C3%A8+solo+Photoshop&amp;body=https%3A%2F%2Fwww.ventimigliablog.it%2Fblog%2Fnella-fattoria-politica-intemelia-ce-chi-e-convinto-di-avere-trovato-la-password-per-entrare-negli-arcana-imperii-ma-e-solo-photoshop%2F\" target=\"_blank\" title=\"Share via Email\"><span class=\"quickshare-email\">Email<\/span><\/a><\/li>\t<\/ul>\r\n\t<\/div>\r\n","protected":false},"excerpt":{"rendered":"<p>Nella fattoria politica intemelia c\u2019\u00e8 chi \u00e8 convinto di avere trovato la password per entrare negli \u201cArcana Imperii\u201d dopo aver pelato patate e lavato piatti per qualche anno in cucina. L\u2019opinione individuale non esiste per questi hacker della democrazia, per &hellip; <a href=\"https:\/\/www.ventimigliablog.it\/blog\/nella-fattoria-politica-intemelia-ce-chi-e-convinto-di-avere-trovato-la-password-per-entrare-negli-arcana-imperii-ma-e-solo-photoshop\/\">Continua a leggere<span class=\"meta-nav\">&rarr;<\/span><\/a><\/p>\n","protected":false},"author":9,"featured_media":0,"comment_status":"open","ping_status":"closed","sticky":true,"template":"","format":"standard","meta":{"ngg_post_thumbnail":0,"footnotes":""},"categories":[1],"tags":[],"_links":{"self":[{"href":"https:\/\/www.ventimigliablog.it\/blog\/wp-json\/wp\/v2\/posts\/6910"}],"collection":[{"href":"https:\/\/www.ventimigliablog.it\/blog\/wp-json\/wp\/v2\/posts"}],"about":[{"href":"https:\/\/www.ventimigliablog.it\/blog\/wp-json\/wp\/v2\/types\/post"}],"author":[{"embeddable":true,"href":"https:\/\/www.ventimigliablog.it\/blog\/wp-json\/wp\/v2\/users\/9"}],"replies":[{"embeddable":true,"href":"https:\/\/www.ventimigliablog.it\/blog\/wp-json\/wp\/v2\/comments?post=6910"}],"version-history":[{"count":6,"href":"https:\/\/www.ventimigliablog.it\/blog\/wp-json\/wp\/v2\/posts\/6910\/revisions"}],"predecessor-version":[{"id":6918,"href":"https:\/\/www.ventimigliablog.it\/blog\/wp-json\/wp\/v2\/posts\/6910\/revisions\/6918"}],"wp:attachment":[{"href":"https:\/\/www.ventimigliablog.it\/blog\/wp-json\/wp\/v2\/media?parent=6910"}],"wp:term":[{"taxonomy":"category","embeddable":true,"href":"https:\/\/www.ventimigliablog.it\/blog\/wp-json\/wp\/v2\/categories?post=6910"},{"taxonomy":"post_tag","embeddable":true,"href":"https:\/\/www.ventimigliablog.it\/blog\/wp-json\/wp\/v2\/tags?post=6910"}],"curies":[{"name":"wp","href":"https:\/\/api.w.org\/{rel}","templated":true}]}}