{"id":6940,"date":"2022-10-29T17:59:54","date_gmt":"2022-10-29T15:59:54","guid":{"rendered":"http:\/\/www.ventimigliablog.it\/blog\/?p=6940"},"modified":"2022-10-29T17:59:54","modified_gmt":"2022-10-29T15:59:54","slug":"gli-inquisitori-della-santa-lega-carbonara-intemelia-hanno-accoltellato-fra-gaetano-giordano-bruno-scullino","status":"publish","type":"post","link":"https:\/\/www.ventimigliablog.it\/blog\/gli-inquisitori-della-santa-lega-carbonara-intemelia-hanno-accoltellato-fra-gaetano-giordano-bruno-scullino\/","title":{"rendered":"Gli Inquisitori della Santa Lega Carbonara Intemelia hanno accoltellato fra Gaetano Giordano Bruno Scullino."},"content":{"rendered":"<p><span class=\"x193iq5w xeuugli x13faqbe x1vvkbs xlh3980 xvmahel x1n0sxbx x1lliihq x1s928wv xhkezso x1gmr53x x1cpjm7i x1fgarty x1943h6x xudqn12 x3x7a5m x6prxxf xvq8zen xo1l8bm xzsf02u\" dir=\"auto\"><\/p>\n<p><img loading=\"lazy\" decoding=\"async\" class=\"alignnone  wp-image-6941\" src=\"http:\/\/www.ventimigliablog.it\/blog\/wp-content\/uploads\/2022\/10\/giri-4-300x168.jpg\" alt=\"\" width=\"681\" height=\"393\" \/><\/p>\n<p>Uno dei capi d\u2019accusa postumi contestati a Tano dalla cellula carbonara intemelia che il 23 giugno scorso lo ha pugnalato alla schiena \u00e8 quello di \u201cschizofrenia migratoria\u201d.<br \/>\nSindrome psichiatrica da lui manifestata sotto forma di deliri e di allucinazioni nella accoglienza degli alieni, attivit\u00e0 che come \u00e8 noto non spetta al Comune ma che rientra nella competenza esclusiva dello Stato.<br \/>\nNello specifico il sindaco-nostromo senza sentire il comandante leghista del brigantino e all\u2019insaputa della ciurma \u00e8 colpevole di aver abbassato lo scalandrone e di aver fatto salire a bordo il Prefetto Armando Nanei per un sopralluogo alle stive dove accogliere gli alieni.<br \/>\nPer molto meno Nelson ha impiccato l\u2019ammiraglio Caracciolo, reo di essersi ribellato al Borbone.<br \/>\nTano addirittura ha osato ammutinarsi alla Regia Lega di lotta e di governo, dunque giustizia andava fatta!<\/p>\n<p>*****<\/p>\n<p>Oggi \u00e8 il 28 ottobre 2022, centenario della marcia su Roma, un giorno che mi ricorda le parole di Emilio Lussu nel libro da lui intitolato a quel \u201csuicidio parlamentare\u201d e \u201cdintorni\u201d: \u201cIl mondo non va n\u00e9 a destra n\u00e9 a sinistra. Il mondo continua a girare attorno a s\u00e9 stesso, con regolari eclissi di sole e di luna.\u201d<br \/>\nNon so quale dei due astri paragonare Tano, per\u00f2 l\u2019astronomo politico che \u00e8 in me sa per certo che la sua eclisse terminer\u00e0 presto mentre la rivoluzione di Ventimiglia intorno al proprio asse prosegue tranquilla nonostante gli sciami di meteoriti, alcuni cadenti altri all\u2019arrembaggio.<br \/>\nL\u2019onda lunga del cataclisma politico del 25 settembre sull\u2019immigrazione non \u00e8 ancora arrivata da queste parti e \u201cla tranquillit\u00e9 r\u00e9gne \u00e0 Varsovie\u201d per dirla con Horace Sebastiani che riferiva sull\u2019ennesima invasione russa in Polonia.<\/p>\n<p>*****<\/p>\n<p>Per\u00f2 tutti noi abbiamo ascoltato le parole del Presidente del Consiglio che in chiusura del suo discorso programmatico ha toccato il tema degli sbarchi degli alieni.<br \/>\nHa assicurato \u201cin alcun modo [di non voler] mettere in discussione il diritto d\u2019asilo per chi fugge da guerre e persecuzioni\u201d e di avere come unico obbiettivo \u201cimpedire che sull\u2019immigrazione l\u2019Italia continui a farsi fare la selezione in ingresso dagli scafisti\u201d.<br \/>\nLo ha fatto riesumando la terza fase dell\u2019Operazione EU \u201cSophia\u201d del 2015 per addolcire la brutale e disumana espressione di \u201cblocco navale\u201d dei Fratelli d\u2019Italia in versione elettorale citando la formula di un precedente comunitario meno sgradevole.<br \/>\nSi tratta di una vecchia iniziativa, subito fallita, di contrasto militare al traffico di vite umane in terra e in mare all\u2019interno delle acque territoriali nazionali, da eseguire attraverso la distruzione delle imbarcazioni e delle strutture logistiche nelle basi di partenza dei trafficanti.<br \/>\nPer\u00f2 doveva compiersi previa risoluzione ONU e col consenso degli Stati costieri interessati, condizioni all\u2019epoca venute entrambe a mancare.<br \/>\nFin qui per ci\u00f2 che riguarda l\u2019ingresso degli alieni sul pianeta EU, ma a Ventimiglia loro non sbarcano sul lungomare e alle Calandre, sono gi\u00e0 sbarcati o entrati da altri pertugi di frontiera e ci arrivano dopo una odissea lungo lo stivale, sono di passaggio, in transito verso la Francia che per\u00f2 li respinge.<br \/>\nE qui casca l\u2019asino.<br \/>\n*****<\/p>\n<p>\u00c8 cascato quando il Presidente del Consiglio ha proseguito integrando il suo programma con \u201cla creazione sui territori africani di hotspot, gestiti da organizzazioni internazionali, dove poter vagliare le richieste di asilo e distinguere chi ha diritto ad essere accolto in Europa da chi quel diritto non ce l\u2019ha.\u201d<br \/>\nAzz! Mi sono detto, ma \u00e8 ci\u00f2 che Tano lo Schizofrenico stava facendo \u201csui territori intemeli\u201d quando \u00e8 stato accoltellato!<br \/>\nMi ricordo bene tutto.<br \/>\nL\u2019anno scorso qualcuno al Viminale doveva aver scoperto che gli alieni sono esseri umani e deve averlo rivelato alla Lamorgese la quale a novembre aveva impartito il \u201ccontrordine, compagni!\u201d a Michele Di Bari, capo del dipartimento per le Libert\u00e0 civili e l&#8217;Immigrazione, cio\u00e8 la stessa persona che l\u2019anno prima aveva chiuso il Campo Roya con dentro 500 alieni dispersi allo stato brado come i cinghiali.<br \/>\nPoco dopo a Roma al dipartimento ci sar\u00e0 il cambio della guardia con l\u2019arrivo di Francesca Ferrandino mentre lo stesso avverr\u00e0 a Imperia tra il prefetto Alberto Intini e il suo successore da Armando Nanei.<br \/>\nAvvicendamenti che hanno contribuito ad accelerare la traduzione in pratica dell\u2019idea di Tano, Toti, Berrino e Scajola jr di un hotspot nel rio Sorba alla Mortola \u201cdove poter vagliare le richieste di asilo e distinguere chi ha diritto ad essere accolto in Europa da chi quel diritto non ce l\u2019ha\u201d come oggi il Governo intente fare in Africa.<\/p>\n<p>*****<\/p>\n<p>Per quella idea sacrilega e eretica maturata in nome dell\u2019articolo 13 della Costituzione e dell\u2019articolo 5 della Convenzione Europea dei Diritti Dell\u2019Uomo, cio\u00e8 dell\u2019\u201chabeas corpus\u201d degli alieni riconosciuti come esseri umani e non selvaggina gli Inquisitori della Santa Lega Carbonara Intemelia hanno accoltellato fra Gaetano Giordano Bruno Scullino.<br \/>\nPer\u00f2 gli hanno risparmiato il rogo ed \u00e8 qui che hanno sbagliato, perch\u00e9 prima o poi l\u2019eclisse finisce e a Campo dei Fiori di Ventimiglia gli elettori stanno gi\u00e0 preparando il suo monumento, ma da vivo.<\/p>\n<p>Bruno Giri<br \/>\n<\/span><\/p>\n\t<div class=\"quickshare-container\">\r\n\t<ul class=\"quickshare-text qs-genericons quickshare-small\">\r\n\t\t<li class=\"quickshare-share\">Condividi :<\/li> \r\n\t\t<li><a href=\"https:\/\/facebook.com\/sharer.php?u=https%3A%2F%2Fwww.ventimigliablog.it%2Fblog%2Fgli-inquisitori-della-santa-lega-carbonara-intemelia-hanno-accoltellato-fra-gaetano-giordano-bruno-scullino%2F&amp;t=Gli+Inquisitori+della+Santa+Lega+Carbonara+Intemelia+hanno+accoltellato+fra+Gaetano+Giordano+Bruno+Scullino.+<+Ventimigliablog\" target=\"_blank\" title=\"Share on Facebook\"><span class=\"quickshare-facebook\">Facebook<\/span><\/a><\/li>\t\t<li><a href=\"https:\/\/twitter.com\/intent\/tweet?url=https%3A%2F%2Fwww.ventimigliablog.it%2Fblog%2Fgli-inquisitori-della-santa-lega-carbonara-intemelia-hanno-accoltellato-fra-gaetano-giordano-bruno-scullino%2F&amp;text=Gli+Inquisitori+della+Santa+Lega+Carbonara+Intemelia+hanno+accoltellato+fra+Gaetano+Giordano+Bruno+Scullino.+<+Ventimigliablog\" target=\"_blank\" title=\"Share on Twitter\"><span class=\"quickshare-twitter\">Twitter<\/span><\/a><\/li>\t\t\t\t\t\t<li><a href=\"https:\/\/plus.google.com\/share?url=https%3A%2F%2Fwww.ventimigliablog.it%2Fblog%2Fgli-inquisitori-della-santa-lega-carbonara-intemelia-hanno-accoltellato-fra-gaetano-giordano-bruno-scullino%2F\" target=\"_blank\" title=\"Share on Google+\"><span class=\"quickshare-googleplus\">Google+<\/span><\/a><\/li>\t\t\t\t\t\t\t\t<li><a href=\"mailto:?subject=Ventimigliablog:+Gli+Inquisitori+della+Santa+Lega+Carbonara+Intemelia+hanno+accoltellato+fra+Gaetano+Giordano+Bruno+Scullino.&amp;body=https%3A%2F%2Fwww.ventimigliablog.it%2Fblog%2Fgli-inquisitori-della-santa-lega-carbonara-intemelia-hanno-accoltellato-fra-gaetano-giordano-bruno-scullino%2F\" target=\"_blank\" title=\"Share via Email\"><span class=\"quickshare-email\">Email<\/span><\/a><\/li>\t<\/ul>\r\n\t<\/div>\r\n","protected":false},"excerpt":{"rendered":"<p>Uno dei capi d\u2019accusa postumi contestati a Tano dalla cellula carbonara intemelia che il 23 giugno scorso lo ha pugnalato alla schiena \u00e8 quello di \u201cschizofrenia migratoria\u201d. Sindrome psichiatrica da lui manifestata sotto forma di deliri e di allucinazioni nella &hellip; <a href=\"https:\/\/www.ventimigliablog.it\/blog\/gli-inquisitori-della-santa-lega-carbonara-intemelia-hanno-accoltellato-fra-gaetano-giordano-bruno-scullino\/\">Continua a leggere<span class=\"meta-nav\">&rarr;<\/span><\/a><\/p>\n","protected":false},"author":9,"featured_media":0,"comment_status":"open","ping_status":"closed","sticky":true,"template":"","format":"standard","meta":{"ngg_post_thumbnail":0,"footnotes":""},"categories":[1],"tags":[],"_links":{"self":[{"href":"https:\/\/www.ventimigliablog.it\/blog\/wp-json\/wp\/v2\/posts\/6940"}],"collection":[{"href":"https:\/\/www.ventimigliablog.it\/blog\/wp-json\/wp\/v2\/posts"}],"about":[{"href":"https:\/\/www.ventimigliablog.it\/blog\/wp-json\/wp\/v2\/types\/post"}],"author":[{"embeddable":true,"href":"https:\/\/www.ventimigliablog.it\/blog\/wp-json\/wp\/v2\/users\/9"}],"replies":[{"embeddable":true,"href":"https:\/\/www.ventimigliablog.it\/blog\/wp-json\/wp\/v2\/comments?post=6940"}],"version-history":[{"count":1,"href":"https:\/\/www.ventimigliablog.it\/blog\/wp-json\/wp\/v2\/posts\/6940\/revisions"}],"predecessor-version":[{"id":6942,"href":"https:\/\/www.ventimigliablog.it\/blog\/wp-json\/wp\/v2\/posts\/6940\/revisions\/6942"}],"wp:attachment":[{"href":"https:\/\/www.ventimigliablog.it\/blog\/wp-json\/wp\/v2\/media?parent=6940"}],"wp:term":[{"taxonomy":"category","embeddable":true,"href":"https:\/\/www.ventimigliablog.it\/blog\/wp-json\/wp\/v2\/categories?post=6940"},{"taxonomy":"post_tag","embeddable":true,"href":"https:\/\/www.ventimigliablog.it\/blog\/wp-json\/wp\/v2\/tags?post=6940"}],"curies":[{"name":"wp","href":"https:\/\/api.w.org\/{rel}","templated":true}]}}