{"id":6956,"date":"2022-11-03T11:08:23","date_gmt":"2022-11-03T10:08:23","guid":{"rendered":"http:\/\/www.ventimigliablog.it\/blog\/?p=6956"},"modified":"2022-11-03T11:08:23","modified_gmt":"2022-11-03T10:08:23","slug":"con-lauspicio-che-i-gabbiani-tornino-a-volare","status":"publish","type":"post","link":"https:\/\/www.ventimigliablog.it\/blog\/con-lauspicio-che-i-gabbiani-tornino-a-volare\/","title":{"rendered":"Con l&#8217;auspicio che i gabbiani tornino a volare"},"content":{"rendered":"<p><img loading=\"lazy\" decoding=\"async\" class=\" wp-image-6957 aligncenter\" src=\"http:\/\/www.ventimigliablog.it\/blog\/wp-content\/uploads\/2022\/11\/giri1-225x300.jpg\" alt=\"\" width=\"475\" height=\"625\" \/><\/p>\n<div class=\"\" dir=\"auto\">\n<div id=\"jsc_c_th\" class=\"x1iorvi4 x1pi30zi x1l90r2v x1swvt13\" data-ad-comet-preview=\"message\" data-ad-preview=\"message\">\n<div class=\"x78zum5 xdt5ytf xz62fqu x16ldp7u\">\n<div class=\"xu06os2 x1ok221b\">\n<div class=\"xdj266r x11i5rnm xat24cr x1mh8g0r x1vvkbs x126k92a\">\n<div dir=\"auto\">Lo \u201cspirito del tempo\u201d oggi \u00e8 diventato il limbo di una moratoria su tutto, a partire da s\u00e9 stessi e dalla propria identit\u00e0 perduta.<\/div>\n<div dir=\"auto\">Le categorie sociali e politiche che ci rendevano riconoscibili sono scomparse, quelle giuridiche sono confuse e sbadite e le appartenenze biologiche di genere sono sotto attacco.<\/div>\n<div dir=\"auto\">Chi dissente e si oppone alla deriva viene relegato nel ghetto dei complottisti che dietro alla evoluzione egualitaria e globalista vedono oscure trame sataniche.<\/div>\n<div dir=\"auto\">Il Ministro della Difesa che si inginocchia davanti al Milite Ignoto adesso \u00e8 simbolo dello \u201cZeitgeist\u201d di tregua, un armistizio che fermi la demolizione del patriottismo italiano da troppo tempo celebrato solo notarilmente alle feste comandate come si ottempera a un atto dovuto.<\/div>\n<div dir=\"auto\">Quando, pi\u00f9 di 80 anni fa, ho raggiunto l\u2019et\u00e0 della ragione mi hanno detto che la Patria era l\u2019Italia, la sua bandiera era il Tricolore, che mio Padre era andato in Russia a difenderla, che io ero stato battezzato in una Chiesa cattolica dove avrei imparato il suo catechismo e partecipato ai suoi riti, e che la mia Famiglia era composta da Pap\u00e0, Mamma e sorellina.<\/div>\n<div dir=\"auto\">Ho anche capito da funzioni biologiche di essere un maschietto, il che avrebbe avuto i primi effetti di genere sul colore del mio grembiulino.<\/div>\n<\/div>\n<div class=\"x11i5rnm xat24cr x1mh8g0r x1vvkbs xtlvy1s x126k92a\">\n<div dir=\"auto\">*****<\/div>\n<\/div>\n<div class=\"x11i5rnm xat24cr x1mh8g0r x1vvkbs xtlvy1s x126k92a\">\n<div dir=\"auto\">Oggi nulla \u00e8 pi\u00f9 come allora, non sappiamo pi\u00f9 chi siamo.<\/div>\n<div dir=\"auto\">Cominciamo finalmente a aprire gli occhi e a accorgercene dall\u2019arrivo a Palazzo Chigi di una donna controcorrente, da gesti come quello del Ministro della Difesa, dalla sconfessione dei dogmi vaccinali fino a ieri imposti come atti di fede e dalla estrema difesa contro l\u2019invasione delle propriet\u00e0 private da parte di orde di invasati.<\/div>\n<div dir=\"auto\">Perch\u00e9 non siano una sterile geremiade le mie considerazioni le ancoro alla quotidianit\u00e0.<\/div>\n<div dir=\"auto\">Ieri pomeriggio i miei Nipotini facevano il ponte e Davide mi ha chiesto di portarlo a fare un giretto a Ventimiglia Alta, uno dei suoi luoghi \u201cmagici\u201d, dove zio Tano gli aveva \u201cWhatsAppato\u201d di andare ad ammirare un \u201cmurale\u201d sulla facciata di una casa alla Colletta, donato dal signor Thielen, un cittadino olandese.<\/div>\n<div dir=\"auto\">Combinazione la Chiesa romanica di San Michele Arcangelo era aperta al pubblico e cos\u00ec abbiamo fatto un selfie e detto la preghierina anche alla Madonna di serie B, quella di Polsi, alla quale \u00e8 preclusa la processione per il suo concorso esterno ad associazione mafiosa.<\/div>\n<div dir=\"auto\">Abbiamo parcheggiato sotto il Palazzo dei Conti di Ventimiglia che ultimamente ospitava le suore giannelline, quelle \u201cdell\u2019orto\u201d e Sandra, una anziana Signora, amica di Davide, che siamo passati a salutare ci ha parlato della devastazione di quell\u2019angolo di Paradiso da parte di migranti in cerca d\u2019asilo notturno.<\/div>\n<div dir=\"auto\">Combinazione era la sera di Halloween e le strade al nostro rientro a Sanremo erano invase da zombie, metafora di come ci siamo ridotti negli altri 364 giorni dell\u2019anno.<\/div>\n<\/div>\n<div class=\"x11i5rnm xat24cr x1mh8g0r x1vvkbs xtlvy1s x126k92a\">\n<div dir=\"auto\">*****<\/div>\n<\/div>\n<div class=\"x11i5rnm xat24cr x1mh8g0r x1vvkbs xtlvy1s x126k92a\">\n<div dir=\"auto\">Dettagli quotidiani che come i gabbiani del \u201cmurale\u201d non volano via ma che restano l\u00ec a parlare alla coscienza di ciascuno di noi per farci tornare quelli che eravamo.<\/div>\n<div dir=\"auto\">Il 27 maggio dell\u2019anno scorso Tano salutava la stagione di rigenerazione che quel giorno si apriva, \u201curbana\u201d per l\u2019Advisor, \u201ccivile\u201d per Scullino.<\/div>\n<div dir=\"auto\">Ricordo le sue parole: \u201c\u2026sulle ceneri dell\u2019antico palazzo dei Conti di Ventimiglia Guerra-Lascaris, poi diventato Convento, nasce il futuro della Citt\u00e0 alta con una nuova e grande vocazione turistica.<\/div>\n<div dir=\"auto\">E\u2019 il nostro auspicio, che vogliamo fortemente diventi realt\u00e0.<\/div>\n<div dir=\"auto\">Riteniamo che questo progetto pubblico-privato di enorme importanza possa completare la rigenerazione del \u201cCentro storico\u201d, un obbiettivo da noi avviata negli anni precedenti attraverso investimenti finanziati con i fondi comunitari Par-Fas e altri, investiti nella illuminazione, nei parcheggi, nell\u2019arredo delle piazze dei sestieri e nel restauro di edifici.<\/div>\n<div dir=\"auto\">Oggi abbiamo il nuovo porto, il collegamento verticale tra la zona della Marina San Giuseppe e il \u201cCentro storico\u201d attraverso un ascensore e in questo nuovo progetto inseriamo nuovi parcheggi pubblici per gli abitanti di Ventimiglia Alta.<\/div>\n<div dir=\"auto\">La Chiesa Barocca e il giardino del Corsaro Nero, che sono parte di questo progetto rimarranno per\u00f2 esterni ad esso, come sue pertinenze ma con accesso autonomo e aperte al pubblico.<\/div>\n<div dir=\"auto\">Lo storico palazzo dei Conti di Ventimiglia rinascer\u00e0 a nuova vita, e mi piace dire che \u00e8 il fiore all\u2019occhiello dell\u2019intera operazione di rilancio turistico e culturale della Citt\u00e0 Alta\u201d.<\/div>\n<\/div>\n<div class=\"x11i5rnm xat24cr x1mh8g0r x1vvkbs xtlvy1s x126k92a\">\n<div dir=\"auto\">*****<\/div>\n<\/div>\n<div class=\"x11i5rnm xat24cr x1mh8g0r x1vvkbs xtlvy1s x126k92a\">\n<div dir=\"auto\">Dopo un anno di intenso lavoro per realizzare questi auspici che, tra l\u2019altro, in quella struttura \u201cmedical\u201d di eccellenza avrebbero portato alla creazione di 180 nuovi posti di lavoro, voil\u00e0! ecco che tre zombi gli hanno fatto lo scherzetto.<\/div>\n<div dir=\"auto\">Anzi lo hanno fatto alla loro Citt\u00e0, alla loro categoria politica e di Partito di appartenenza e a quella sociale di cittadini condannati in altre epoche all\u2019esilio e nell\u2019antica Roma alla \u201cacquae et ignis interditio\u201d.<\/div>\n<div dir=\"auto\">\u00c8 tempo che la moratoria finisca, che la Madonna sia promossa in serie A e che il gabbiano Tano torni a volare, lo dicono anche i muri.<br \/>\n<img loading=\"lazy\" decoding=\"async\" class=\"alignnone size-medium wp-image-6958\" src=\"http:\/\/www.ventimigliablog.it\/blog\/wp-content\/uploads\/2022\/11\/giri2-225x300.jpg\" alt=\"\" width=\"225\" height=\"300\" srcset=\"https:\/\/www.ventimigliablog.it\/blog\/wp-content\/uploads\/2022\/11\/giri2-225x300.jpg 225w, https:\/\/www.ventimigliablog.it\/blog\/wp-content\/uploads\/2022\/11\/giri2.jpg 768w\" sizes=\"(max-width: 225px) 100vw, 225px\" \/>Bruno Giri<\/div>\n<\/div>\n<\/div>\n<\/div>\n<\/div>\n<\/div>\n\t<div class=\"quickshare-container\">\r\n\t<ul class=\"quickshare-text qs-genericons quickshare-small\">\r\n\t\t<li class=\"quickshare-share\">Condividi :<\/li> \r\n\t\t<li><a href=\"https:\/\/facebook.com\/sharer.php?u=https%3A%2F%2Fwww.ventimigliablog.it%2Fblog%2Fcon-lauspicio-che-i-gabbiani-tornino-a-volare%2F&amp;t=Con+l%26%238217%3Bauspicio+che+i+gabbiani+tornino+a+volare+<+Ventimigliablog\" target=\"_blank\" title=\"Share on Facebook\"><span class=\"quickshare-facebook\">Facebook<\/span><\/a><\/li>\t\t<li><a href=\"https:\/\/twitter.com\/intent\/tweet?url=https%3A%2F%2Fwww.ventimigliablog.it%2Fblog%2Fcon-lauspicio-che-i-gabbiani-tornino-a-volare%2F&amp;text=Con+l%26%238217%3Bauspicio+che+i+gabbiani+tornino+a+volare+<+Ventimigliablog\" target=\"_blank\" title=\"Share on Twitter\"><span class=\"quickshare-twitter\">Twitter<\/span><\/a><\/li>\t\t\t\t\t\t<li><a href=\"https:\/\/plus.google.com\/share?url=https%3A%2F%2Fwww.ventimigliablog.it%2Fblog%2Fcon-lauspicio-che-i-gabbiani-tornino-a-volare%2F\" target=\"_blank\" title=\"Share on Google+\"><span class=\"quickshare-googleplus\">Google+<\/span><\/a><\/li>\t\t\t\t\t\t\t\t<li><a href=\"mailto:?subject=Ventimigliablog:+Con+l%26%238217%3Bauspicio+che+i+gabbiani+tornino+a+volare&amp;body=https%3A%2F%2Fwww.ventimigliablog.it%2Fblog%2Fcon-lauspicio-che-i-gabbiani-tornino-a-volare%2F\" target=\"_blank\" title=\"Share via Email\"><span class=\"quickshare-email\">Email<\/span><\/a><\/li>\t<\/ul>\r\n\t<\/div>\r\n","protected":false},"excerpt":{"rendered":"<p>Lo \u201cspirito del tempo\u201d oggi \u00e8 diventato il limbo di una moratoria su tutto, a partire da s\u00e9 stessi e dalla propria identit\u00e0 perduta. Le categorie sociali e politiche che ci rendevano riconoscibili sono scomparse, quelle giuridiche sono confuse e &hellip; <a href=\"https:\/\/www.ventimigliablog.it\/blog\/con-lauspicio-che-i-gabbiani-tornino-a-volare\/\">Continua a leggere<span class=\"meta-nav\">&rarr;<\/span><\/a><\/p>\n","protected":false},"author":9,"featured_media":0,"comment_status":"open","ping_status":"closed","sticky":true,"template":"","format":"standard","meta":{"ngg_post_thumbnail":0,"footnotes":""},"categories":[1],"tags":[],"_links":{"self":[{"href":"https:\/\/www.ventimigliablog.it\/blog\/wp-json\/wp\/v2\/posts\/6956"}],"collection":[{"href":"https:\/\/www.ventimigliablog.it\/blog\/wp-json\/wp\/v2\/posts"}],"about":[{"href":"https:\/\/www.ventimigliablog.it\/blog\/wp-json\/wp\/v2\/types\/post"}],"author":[{"embeddable":true,"href":"https:\/\/www.ventimigliablog.it\/blog\/wp-json\/wp\/v2\/users\/9"}],"replies":[{"embeddable":true,"href":"https:\/\/www.ventimigliablog.it\/blog\/wp-json\/wp\/v2\/comments?post=6956"}],"version-history":[{"count":1,"href":"https:\/\/www.ventimigliablog.it\/blog\/wp-json\/wp\/v2\/posts\/6956\/revisions"}],"predecessor-version":[{"id":6959,"href":"https:\/\/www.ventimigliablog.it\/blog\/wp-json\/wp\/v2\/posts\/6956\/revisions\/6959"}],"wp:attachment":[{"href":"https:\/\/www.ventimigliablog.it\/blog\/wp-json\/wp\/v2\/media?parent=6956"}],"wp:term":[{"taxonomy":"category","embeddable":true,"href":"https:\/\/www.ventimigliablog.it\/blog\/wp-json\/wp\/v2\/categories?post=6956"},{"taxonomy":"post_tag","embeddable":true,"href":"https:\/\/www.ventimigliablog.it\/blog\/wp-json\/wp\/v2\/tags?post=6956"}],"curies":[{"name":"wp","href":"https:\/\/api.w.org\/{rel}","templated":true}]}}