{"id":6977,"date":"2022-11-12T10:05:16","date_gmt":"2022-11-12T09:05:16","guid":{"rendered":"http:\/\/www.ventimigliablog.it\/blog\/?p=6977"},"modified":"2022-11-12T10:05:16","modified_gmt":"2022-11-12T09:05:16","slug":"chi-fa-e-chi-dice","status":"publish","type":"post","link":"https:\/\/www.ventimigliablog.it\/blog\/chi-fa-e-chi-dice\/","title":{"rendered":"Chi fa e chi dice &#8230;"},"content":{"rendered":"<p><span class=\"x193iq5w xeuugli x13faqbe x1vvkbs xlh3980 xvmahel x1n0sxbx x1lliihq x1s928wv xhkezso x1gmr53x x1cpjm7i x1fgarty x1943h6x xudqn12 x3x7a5m x6prxxf xvq8zen xo1l8bm xzsf02u\" dir=\"auto\">Gli orfani di Tano ieri guardavano all\u2019albero e oggi piantano bandierine, lui invece ha sempre guardato alla foresta e continua a lavorare per la collettivit\u00e0.<br \/>\nDopo l\u2019exploit della leghista carbonara che con un emendamento in Consiglio regionale scopre la medicina sportiva in una sanit\u00e0 dove a Ventimiglia lei quando era assessore non ha saputo neppure riaprire l\u2019ambulatorio comunale, oggi \u00e8 il turno della ex assessore delegata al territorio che si pianta una bandierina sull\u2019alluce incarnito scoprendo i benefici del surf in un abitato devastato dalla \u201cTempesta Alex\u201d e rimasto come era la notte tra il 2 e il 3 ottobre 2020, sempre pi\u00f9 vulnerabile e indifeso.<br \/>\nLa Pulzella voleva intestarsi un autogol e c\u2019\u00e8 riuscita.<\/p>\n<p>*****<\/p>\n<p>La notizia \u00e8 una minestra riscaldata e riguarda il versante ligure del finanziamento dei fondi che il PNRR Missione 2 Componente 4 Investimento 2.1b \u201cMisure per la gestione del rischio di alluvione e per la riduzione del rischio idrogeologico\u201d.<br \/>\nMateria di competenza del Dipartimento della Protezione Civile di Palazzo Chigi e precisamente in questo caso concernente l\u2019applicazione di una precisa norma del relativo \u201cTesto Unico\u201d.<br \/>\nPer gli appassionati della materia dir\u00f2 che si tratta dell\u2019articolo 25 \u201cOrdinanze di protezione civile\u201d che al comma 2 lettera d) incarica il Dipartimento: \u201cdella realizzazione di interventi, anche strutturali, per la riduzione del rischio residuo nelle aree colpite dagli eventi calamitosi, STRETTAMENTE connesso all&#8217;evento e finalizzati PRIORITARIAMENTE alla tutela della pubblica e privata incolumit\u00e0, in coerenza con gli strumenti di programmazione e pianificazione esistenti\u201d.<\/p>\n<p>*****<\/p>\n<p>La minestra l\u2019aveva scodellata il Capo del Dipartimento Fabrizio Curcio fin dal 18 dicembre 2021 con una lettera al Presidente Toti per dirgli che le sue proposte di finanziamento presentate il 30 novembre 2021 erano state accolte a copertura finanziaria di quattro macro-interventi \u201cRIFERITI AGLI EVENTI AVVERSI OCCORSI NEL MESE DI OTTOBRE 2018, NOVEMBRE 2019 E OTTOBRE 2020 PER CUI \u00c8 STATO DELIBERATO LO STATO DI EMERGENZA\u201d il tutto \u201cper un totale di \u20ac 20.861.457,13\u201d al quale si aggiungono altri \u20ac 10.430.728,57 per quattro ratei relativi a lavori \u201cin essere\u201d sui torrenti Argentina, Centa e Vara.<br \/>\nFabrizio Curcio allegava alla lettera la \u201cslide\u201d dei quattro \u201cnuovi interventi regionali di mitigazione del rischio idraulico\u201d che -a costo di stancare i lettori con date e numeri- riproduco testualmente:<br \/>\n1\u00b0. Evento calamitoso 29-30 ottobre 2018 &#8211; DCM 8 novembre 2018 su intero territorio ligure \u20ac 3.476.909,13.<br \/>\n2\u00b0. Eventi calamitosi ottobre, novembre, dicembre 2019 &#8211; DCM 21 novembre 2019 (per il periodo 14 ottobre-8 novembre); DCM 2 dicembre 2019 (per il periodo 22-24 novembre) e DCM 13 febbraio 2020 (per il periodo 20-21 dicembre 2019) su intero territorio ligure \u20ac 3.476.909,13.<br \/>\n3\u00b0. Evento calamitoso 2-3 ottobre 2020 &#8211; DCM 22 ottobre 2020 in provincia di Imperia \u20ac 3.476.909,13<br \/>\n4\u00b0. Evento calamitoso 29-30 ottobre 2018 \u2013 DCM 8 novembre 2018 su intero territorio ligure \u20ac 10.430.728,13.<br \/>\nDunque Ventimiglia \u00e8 stata prevista e finanziata al 3\u00b0 e al 4\u00b0 PUNTO, il primo riguarda l\u2019evento calamitoso \u201cTEMPESTA ALEX\u201d e l\u2019altro la mareggiata e il maltempo di due anni prima.<br \/>\nAmbedue i macro-eventi sono finanziati dal Dipartimento della Protezione Civile di Palazzo Chigi in base all\u2019articolo 25, comma 2, lettera d) e, come dicevo, devono essere \u201cSTRETTAMENTE connessi all\u2019evento\u201d e devono essere \u201cfinalizzati PRIORITARIAMENTE alla tutela della pubblica e privata incolumit\u00e0\u201d.<\/p>\n<p>*****<\/p>\n<p>Per l\u2019ex assessore delegata al territorio il primo stralcio del \u201cProgetto di fattibilit\u00e0 tecnica ed economica del completamento della riqualificazione delle spiagge del centro abitato comprese tra via Lamboglia e la foce del fiume Roya &#8211; Studio Sirito associazione professionale &#8211; Savona\u201d approvato col numero 49 il 15 aprile 2021 dalla Giunta Comunale RISPONDE A QUESTI REQUISITI.<br \/>\nAnche se nel dispositivo si d\u00e0 atto che \u201cl\u2019intervento rientra nel Progetto Liguria 2001\u201d vecchio di vent\u2019anni fa consistente nella demolizione delle scogliere posate dal Genio Civile negli Anni \u201980 e \u201990 per favorire il naturale ripascimento degli arenili grazie all\u2019apporto naturale di materiali lapidei provenienti dal fiume Roya e dal torrente Nervia e al loro contenimento.<br \/>\nQuanto alle opere fisse \u201cstrategiche di difesa della costa\u201d consistenti in due secche, una sommersa a forma di \u201cV\u201d rovesciata di m. 130 x 111 con asse Sud\/Sud-Ovest e una semi-affiorante davanti al Belvedere Resentello, ci sono forti dubbi sull\u2019onda \u201csurfabile\u201d alta pi\u00f9 di un metro e mezzo, cio\u00e8 se le due finalit\u00e0 turistico-sportiva del surf e \u201ctutela prioritaria della pubblica e privata incolumit\u00e0\u201d siano davvero compatibili.<br \/>\nOppure se la prima sacrifichi la seconda.<\/p>\n<p>*****<\/p>\n<p>Per Tano, invece, le cose sono diametralmente opposte e su questo i ventimigliesi (e NON SOLO loro) dovrebbero trovare la differenza.<br \/>\nLui intanto si \u00e8 preoccupato di ottenere -e il 26 ottobre 2021 con delibera n. 935 della Giunta regionale ha effettivamente OTTENUTO- l\u2019inserimento nel Programma Regionale di Rigenerazione Urbana e nel Piano degli Interventi per l&#8217;annualit\u00e0 2022 di undici progetti definitivi regolarmente approvati, questo grazie agli assessori Berrino e Scajola jr.<br \/>\nNell\u2019elenco OVVIAMENTE non figura il fantomatico \u201cProgetto Sirito\u201d che il Consiglio comunale non ha mai neppure promosso da \u201cstudio di fattibilit\u00e0 tecnica e economica\u201d a \u201cprogetto definitivo\u201d.<br \/>\nTano invece aveva messo una ipoteca di primo grado in parte degli \u20ac 3.476.909,13 del macro-intervento \u201cTEMPESTA ALEX\u201d per finanziare i lotti 2 e 3 del progetto definitivo concernenti la messa in sicurezza idrogeologica dei due argini approvato dalla Conferenza dei Servizi il 12 aprile 2022 e dalla Giunta regionale alla voce \u201c11- Riqualificazione sponde fiume Roya \u20ac 2.080.000,00 (\u20ac 800.000,00 + \u20ac 1.280.000,00).<br \/>\n\u201cAveva\u201d ma adesso che \u00e8 stato accoltellato \u201cnon ha pi\u00f9\u201d.<br \/>\nA meno che il Commissario prefettizio a \u201ctutela prioritaria della pubblica e privata incolumit\u00e0\u201d minacciata dalle condizioni CRITICHE degli argini latistanti il centro urbano e considerato che il finanziamento \u00e8 condizionato alla cantierabilit\u00e0 entro il 30 giugno 2022, non stabilisca di indire la gara d\u2019appalto, come con la pista ciclabile.<\/p>\n<p>*****<br \/>\nTutte cose inimmaginabili per la bandierina della suffragetta del surf sul lungomare che vorrebbe chiedere al Commissario prefettizio di indossare la tuta da surfista col marchio di Superman e cavalcare l\u2019onda coi poteri del Consiglio Comunale dribblando le Stazioni della Via Crucis che abbiamo inflitto a S.A.S. Alberto II per una scogliera sommersa a protezione delle Calandre e del Porto degli Scoglietti.<br \/>\nLei e il suo spin-doctor dovrebbero riflettere prima di esultare, aspettino il VAR.<\/p>\n<p><img loading=\"lazy\" decoding=\"async\" class=\"alignnone size-full wp-image-6978\" src=\"http:\/\/www.ventimigliablog.it\/blog\/wp-content\/uploads\/2022\/11\/giri.jpg\" alt=\"\" width=\"533\" height=\"320\" srcset=\"https:\/\/www.ventimigliablog.it\/blog\/wp-content\/uploads\/2022\/11\/giri.jpg 533w, https:\/\/www.ventimigliablog.it\/blog\/wp-content\/uploads\/2022\/11\/giri-300x180.jpg 300w, https:\/\/www.ventimigliablog.it\/blog\/wp-content\/uploads\/2022\/11\/giri-500x300.jpg 500w\" sizes=\"(max-width: 533px) 100vw, 533px\" \/><br \/>\nBruno Giri<br \/>\n<\/span><\/p>\n\t<div class=\"quickshare-container\">\r\n\t<ul class=\"quickshare-text qs-genericons quickshare-small\">\r\n\t\t<li class=\"quickshare-share\">Condividi :<\/li> \r\n\t\t<li><a href=\"https:\/\/facebook.com\/sharer.php?u=https%3A%2F%2Fwww.ventimigliablog.it%2Fblog%2Fchi-fa-e-chi-dice%2F&amp;t=Chi+fa+e+chi+dice+%26%238230%3B+<+Ventimigliablog\" target=\"_blank\" title=\"Share on Facebook\"><span class=\"quickshare-facebook\">Facebook<\/span><\/a><\/li>\t\t<li><a href=\"https:\/\/twitter.com\/intent\/tweet?url=https%3A%2F%2Fwww.ventimigliablog.it%2Fblog%2Fchi-fa-e-chi-dice%2F&amp;text=Chi+fa+e+chi+dice+%26%238230%3B+<+Ventimigliablog\" target=\"_blank\" title=\"Share on Twitter\"><span class=\"quickshare-twitter\">Twitter<\/span><\/a><\/li>\t\t\t\t\t\t<li><a href=\"https:\/\/plus.google.com\/share?url=https%3A%2F%2Fwww.ventimigliablog.it%2Fblog%2Fchi-fa-e-chi-dice%2F\" target=\"_blank\" title=\"Share on Google+\"><span class=\"quickshare-googleplus\">Google+<\/span><\/a><\/li>\t\t\t\t\t\t\t\t<li><a href=\"mailto:?subject=Ventimigliablog:+Chi+fa+e+chi+dice+%26%238230%3B&amp;body=https%3A%2F%2Fwww.ventimigliablog.it%2Fblog%2Fchi-fa-e-chi-dice%2F\" target=\"_blank\" title=\"Share via Email\"><span class=\"quickshare-email\">Email<\/span><\/a><\/li>\t<\/ul>\r\n\t<\/div>\r\n","protected":false},"excerpt":{"rendered":"<p>Gli orfani di Tano ieri guardavano all\u2019albero e oggi piantano bandierine, lui invece ha sempre guardato alla foresta e continua a lavorare per la collettivit\u00e0. Dopo l\u2019exploit della leghista carbonara che con un emendamento in Consiglio regionale scopre la medicina &hellip; <a href=\"https:\/\/www.ventimigliablog.it\/blog\/chi-fa-e-chi-dice\/\">Continua a leggere<span class=\"meta-nav\">&rarr;<\/span><\/a><\/p>\n","protected":false},"author":9,"featured_media":0,"comment_status":"open","ping_status":"closed","sticky":true,"template":"","format":"standard","meta":{"ngg_post_thumbnail":0,"footnotes":""},"categories":[1],"tags":[],"_links":{"self":[{"href":"https:\/\/www.ventimigliablog.it\/blog\/wp-json\/wp\/v2\/posts\/6977"}],"collection":[{"href":"https:\/\/www.ventimigliablog.it\/blog\/wp-json\/wp\/v2\/posts"}],"about":[{"href":"https:\/\/www.ventimigliablog.it\/blog\/wp-json\/wp\/v2\/types\/post"}],"author":[{"embeddable":true,"href":"https:\/\/www.ventimigliablog.it\/blog\/wp-json\/wp\/v2\/users\/9"}],"replies":[{"embeddable":true,"href":"https:\/\/www.ventimigliablog.it\/blog\/wp-json\/wp\/v2\/comments?post=6977"}],"version-history":[{"count":1,"href":"https:\/\/www.ventimigliablog.it\/blog\/wp-json\/wp\/v2\/posts\/6977\/revisions"}],"predecessor-version":[{"id":6979,"href":"https:\/\/www.ventimigliablog.it\/blog\/wp-json\/wp\/v2\/posts\/6977\/revisions\/6979"}],"wp:attachment":[{"href":"https:\/\/www.ventimigliablog.it\/blog\/wp-json\/wp\/v2\/media?parent=6977"}],"wp:term":[{"taxonomy":"category","embeddable":true,"href":"https:\/\/www.ventimigliablog.it\/blog\/wp-json\/wp\/v2\/categories?post=6977"},{"taxonomy":"post_tag","embeddable":true,"href":"https:\/\/www.ventimigliablog.it\/blog\/wp-json\/wp\/v2\/tags?post=6977"}],"curies":[{"name":"wp","href":"https:\/\/api.w.org\/{rel}","templated":true}]}}