{"id":6981,"date":"2022-11-14T16:16:00","date_gmt":"2022-11-14T15:16:00","guid":{"rendered":"http:\/\/www.ventimigliablog.it\/blog\/?p=6981"},"modified":"2022-11-14T16:16:00","modified_gmt":"2022-11-14T15:16:00","slug":"la-triplice-presa-per-la-marmellata-campo-roya-centro-di-accoglienza-e-transito-congiura-del-pd-con-la-lega-carbonara","status":"publish","type":"post","link":"https:\/\/www.ventimigliablog.it\/blog\/la-triplice-presa-per-la-marmellata-campo-roya-centro-di-accoglienza-e-transito-congiura-del-pd-con-la-lega-carbonara\/","title":{"rendered":"La triplice &#8216;presa per la marmellata&#8217; : Campo Roya, Centro di accoglienza e transito,  congiura del PD con la Lega \u201ccarbonara\u201d"},"content":{"rendered":"<p>C\u2019\u00e8 un piddino a Ventimiglia che mi ricorda quando ogni tanto da bambino rubavo la marmellata e poi puntavo il dito sporco di marmellata per accusare mia sorella.<br \/>\nIl Presidente Toti fa bene a prendersela con la Francia per\u00f2 non pu\u00f2 accettare di essere preso per il culo da un suo consigliere regionale del PD, e anche Gaetano Scullino ex Sindaco della Citt\u00e0 non pu\u00f2 passare la cosa sotto silenzio.<br \/>\nIl piddino anche lui ex sindaco 2014-19 accusa Toti di aver \u201cdeciso scientemente di non occuparsi della questione\u201d e di aver \u201cpermesso, grazie ai partiti a lui alleati, lo smantellamento di quei presidi minimi di umana assistenza degni di un paese civile che con fatica avevamo creato quando amministravamo la citt\u00e0\u201d.<\/p>\n<p>*****<\/p>\n<p>La presa per il culo \u00e8 triplice e riguarda la chiusura del Campo Roya (1), il Centro di accoglienza e transito alla Mortola (2) e la congiura del PD con la Lega \u201ccarbonara\u201d che lo ha fatto naufragare e che ha creato l\u2019attuale situazione \u201cal di qua della frontiera\u201d nella met\u00e0 campo italiana (3).<\/p>\n<p>*****<\/p>\n<p>Punto n. 1: \u201cChiusura Campo Roya\u201d, \u00e8 avvenuta il 31 luglio 2020 dopo una gestione quadriennale 2016-2020 di \u201cCroce Rossa-Caritas- varie ONG\u201d e con la sola parentesi del periodo del lockdown covid quando l\u2019accoglienza dei migranti in transito verso la Francia e altri Paesi europei \u00e8 rimasta sospesa.<br \/>\nEra un palliativo generato dal territorio e non dalle Istituzioni pubbliche, un semplice compromesso ibrido senza alcuno status giuridico che lo legittimasse, il male minore dopo che la Francia a giugno 2015 aveva sospeso il Trattato di Schengen che, come sappiamo, prevede la libera circolazione delle persone in Europa e aveva chiuso la frontiera con il nostro Paese, scossa dall\u2019attentato terroristico di Charlie Hebdo del gennaio 2015 e sconvolta poco dopo dalla strage del Bataclan nel novembre successivo.<br \/>\nIn precedenza non \u00e8 che a Ventimiglia fosse tutto rose e fiori, anzi, tra l\u2019accampamento sul sagrato, nell\u2019oratorio e dentro la Chiesa di Sant\u2019Antonio alle Gianchette che accoglieva donne sole, minori non accompagnati e famiglie e il campo autogestito di via Tenda sotto il cavalcavia.<br \/>\nPer non parlare dei precedenti dei Governi PD di Letta e di Renzi con Angelino Alfano al Viminale tra il 28 aprile 2013 e il 12 dicembre 2016 e con gli accampamenti sugli scogli e gli scontri della Polizia con i no-border, in uno dei quali \u00e8 morto per infarto Diego Turra, agente del reparto mobile di Genova.<\/p>\n<p>*****<\/p>\n<p>(Segue Punto n. 1: \u201cChiusura Campo Roya\u201d)<br \/>\nBene o male tra il 2 dicembre 2016 e il 1\u00ba giugno 2018 con Marco Minniti al Viminale nel Governo Gentiloni e poi tra il 1\u00ba giugno 2018 e il 5 settembre 2019 con Salvini nel Governo gialloverde di Conte I, il \u201cCampo Roya\u201d ha affrontato degnamente le criticit\u00e0, soprattutto perch\u00e9 il primo contrastava le partenze d\u2019accordo con la Guardia costiera libica e il secondo scoraggiava e dirottava gli arrivi con quella costiera italiana.<br \/>\nChe il \u201cCampo Roya\u201d funzionasse a dirlo non sono io ma il Vaticano che il 19 Marzo 2019 ha inviato a visitarlo nientemeno che Padre Fabio Baggio, sottosegretario della sezione \u201cMigranti e Rifugiati\u201d del Dicastero dello Sviluppo umano integrale istituito tre anni prima da Papa Francesco con il motu proprio, \u201cHumanam progressionem\u201d, il quale dichiarer\u00e0 alla stampa: \u201cHo trovato un luogo degno, con persone trattate in modo altrettanto degno; strutture adeguate alle esigenze e operatori motivati e competenti, ma preoccupa il dopo.\u201d<br \/>\nE il \u201cdopo\u201d \u00e8 stato quello della Luciana Lamorgese arrivata al Viminale il 5 settembre 2019 per restarvi tre anni fino a 20 giorni fa con i Governi Conte II e Draghi.<br \/>\nAveva il compito di mettere in pratica la \u201cDottrina woke di Letta\u201d che in nome del progressismo e dell\u2019anticonformismo cancella tutto, dai Decreti Sicurezza ai confini nazionali, dalla differenza di genere a quella etnica, dalla legittima difesa della persona e del domicilio alla tutela della propriet\u00e0 nei rave-party, tutto.<br \/>\nE lei il 2 luglio 2020 ha subito eseguito, spedendo a Ventimiglia al \u201cCampo Roya\u201d il prefetto Michele Di Bari capo del Dipartimento Libert\u00e0 Civili e Immigrazione del Ministero con l\u2019ordine di chiuderlo.<br \/>\nOrdine fulmineamente eseguito dal prefetto di Imperia Alberto Intini nei 29 giorni successivi, tra le vibrate proteste dell\u2019ex sindaco Gaetano Scullino preoccupato dell\u2019abbandono allo stato brado come cinghiali dei migranti sul territorio e nel centro urbano e con il tacito consenso del PD locale e della nascente fronda \u201ccarbonara\u201d della Lega dietro la scusa che il \u201cCampo\u201d era in zona Bevera esondabile.<\/p>\n<p>*****<\/p>\n<p>Punto n. 2: \u201cCentro di accoglienza e transito alla Mortola\u201d.<br \/>\nNon so se ha influito il ritorno di Salvini in maggioranza nel Governo Draghi avvenuto il 13 febbraio 2021 oppure se davvero 10 mesi dopo, il 14 dicembre 2021, Michele Di Bari si sia dimesso per lo scandalo del caporalato migranti nel quale era coinvolta sua Moglie, sta di fatto che l\u2019arrivo di Francesca Ferrandino al vertice del Dipartimento Libert\u00e0 Civili e Immigrazione del Viminale ha rivoluzionato tutto anche grazie alla sostituzione di Alberto Intini con Armando Nanei nella Prefettura di Imperia.<br \/>\nA onor del vero il sindaco di Ventimiglia Gaetano Scullino si era gi\u00e0 portato avanti con il lavoro e il 19 novembre 2021, un mese prima del cambio della guardia al Viminale, e dopo un sopralluogo di Michele Di Bari alla Mortola accompagnato dai vertici delle Forze dell\u2019Ordine, era riuscito a strappare la promessa di approvare entro 30 giorni il Centro di identificazione di Rio Sorba inclusi i servizi essenziali di urbanizzazione, illuminazione, impianto fognario oltre alla messa in sicurezza dell\u2019area esterna con la precisazione che la struttura gestita dalla Prefettura era prevista per ospitare un centinaio di persone con una permanenza massima di circa una settimana e la seguente ulteriore specificazione: \u201cLa formula giuridica individuata \u00e8 quella del Centro di transito, per permettere alle Forze di polizia di individuare le persone e di verificare la loro posizione giuridica\u201d.<br \/>\nPoi Di Bari sar\u00e0 sostituito dalla Ferrandino, gi\u00e0 valorosa Prefetto di Bologna la quale il 24 maggio 2022 si \u00e8 precipitata a Ventimiglia per un nuovo sopralluogo e per una riunione conclusiva in Prefettura con intorno al tavolo i due Scajola senior e junior, lo Zio Presidente della Provincia e il nipote Assessore regionale all\u2019Urbanistica e Gaetano Scullino, Sindaco di Ventimiglia, oltre ovviamente al padrone di casa Armando Nanei e al suo braccio destro Giuseppe Felice Peritore, Questore di Imperia.<br \/>\nLa conclusione \u00e8 stata: OK al progetto ministeriale, OK della Regione in forza delle competenze del Presidente Toti e dei suoi due assessori Scajola jr e Berrino e OK del Comune di Ventimiglia.<br \/>\nIl consigliere regionale PD che adesso prende per il culo Toti e Scullino sar\u00e0 il primo dei nove firmatari che hanno sciolto il Consiglio comunale di Ventimiglia il 23 giugno 2022 e fatto decadere Scullino cancellando tutto il lavoro da lui svolto per risolvere il problema degli arrivi in fondo all\u2019imbuto francese.<\/p>\n<p>*****<\/p>\n<p>Punto n. 3: \u201cLa congiura del PD con la Lega \u201ccarbonara\u201d.<br \/>\nL\u2019ex deputato leghista e kommissario politico del suo partito a Ventimiglia il 2 luglio 2020 in occasione del sopralluogo al \u201cCentro Roya\u201d di cui sopra aveva impartito i suoi personalissimi indirizzi alla \u201cLega Carbonara\u201d.<br \/>\nIndirizzi che cito a spezzoni: \u201cIl problema sul Campo Roya \u00e8 secondario: perch\u00e9 un migrante all&#8217;interno oppure fuori dal campo non ha comunque titolo per esserci e non deve stare a Ventimiglia.\u201d Traduco: va eliminato, deve scomparire, dissolversi, cancellarsi dalla faccia della terra.<br \/>\n\u201cIl campo Roja \u00e8 una struttura di attrattivit\u00e0 per far venire i migranti a Ventimiglia \u2026. va chiuso subito\u2026. ma contestualmente deve esserci un piano straordinario di trasferimento dei migranti da Ventimiglia.\u201d Traduco: rastrellamento e deportazione.<br \/>\n\u201cPer Ventimiglia ci vuole un piano straordinario che contempli l&#8217;aumento dei controlli sui treni perch\u00e9 \u00e8 impensabile che i migranti possano attraversare tutta Italia, superare varie Prefetture, varie Questure, vari Comuni e arrivare qui anche irregolari.\u201d Traduco: sterminiamoli tutti dopo averli presi, ma quale diritto di asilo? Ma quali principi umanitari? Ma quali minori soli non accompagnati? Sono tutti irregolari e vanno ributtati in mare, cazzo! For d\u2019i ball!<br \/>\n\u00c8 la piattaforma ideologica e programmatica della congiura organizzata dal PD e dalla Lega Carbonara Intemelia.<br \/>\nServe altro?<\/p>\n<p><img loading=\"lazy\" decoding=\"async\" class=\"alignnone  wp-image-6982\" src=\"http:\/\/www.ventimigliablog.it\/blog\/wp-content\/uploads\/2022\/11\/giri-1.jpg\" alt=\"\" width=\"643\" height=\"671\" \/><\/p>\n\t<div class=\"quickshare-container\">\r\n\t<ul class=\"quickshare-text qs-genericons quickshare-small\">\r\n\t\t<li class=\"quickshare-share\">Condividi :<\/li> \r\n\t\t<li><a href=\"https:\/\/facebook.com\/sharer.php?u=https%3A%2F%2Fwww.ventimigliablog.it%2Fblog%2Fla-triplice-presa-per-la-marmellata-campo-roya-centro-di-accoglienza-e-transito-congiura-del-pd-con-la-lega-carbonara%2F&amp;t=La+triplice+%26%238216%3Bpresa+per+la+marmellata%26%238217%3B+%3A+Campo+Roya%2C+Centro+di+accoglienza+e+transito%2C++congiura+del+PD+con+la+Lega+%E2%80%9Ccarbonara%E2%80%9D+<+Ventimigliablog\" target=\"_blank\" title=\"Share on Facebook\"><span class=\"quickshare-facebook\">Facebook<\/span><\/a><\/li>\t\t<li><a href=\"https:\/\/twitter.com\/intent\/tweet?url=https%3A%2F%2Fwww.ventimigliablog.it%2Fblog%2Fla-triplice-presa-per-la-marmellata-campo-roya-centro-di-accoglienza-e-transito-congiura-del-pd-con-la-lega-carbonara%2F&amp;text=La+triplice+%26%238216%3Bpresa+per+la+marmellata%26%238217%3B+%3A+Campo+Roya%2C+Centro+di+accoglienza+e+transito%2C++congiura+del+PD+con+la+Lega+%E2%80%9Ccarbonara%E2%80%9D+<+Ventimigliablog\" target=\"_blank\" title=\"Share on Twitter\"><span class=\"quickshare-twitter\">Twitter<\/span><\/a><\/li>\t\t\t\t\t\t<li><a href=\"https:\/\/plus.google.com\/share?url=https%3A%2F%2Fwww.ventimigliablog.it%2Fblog%2Fla-triplice-presa-per-la-marmellata-campo-roya-centro-di-accoglienza-e-transito-congiura-del-pd-con-la-lega-carbonara%2F\" target=\"_blank\" title=\"Share on Google+\"><span class=\"quickshare-googleplus\">Google+<\/span><\/a><\/li>\t\t\t\t\t\t\t\t<li><a href=\"mailto:?subject=Ventimigliablog:+La+triplice+%26%238216%3Bpresa+per+la+marmellata%26%238217%3B+%3A+Campo+Roya%2C+Centro+di+accoglienza+e+transito%2C++congiura+del+PD+con+la+Lega+%E2%80%9Ccarbonara%E2%80%9D&amp;body=https%3A%2F%2Fwww.ventimigliablog.it%2Fblog%2Fla-triplice-presa-per-la-marmellata-campo-roya-centro-di-accoglienza-e-transito-congiura-del-pd-con-la-lega-carbonara%2F\" target=\"_blank\" title=\"Share via Email\"><span class=\"quickshare-email\">Email<\/span><\/a><\/li>\t<\/ul>\r\n\t<\/div>\r\n","protected":false},"excerpt":{"rendered":"<p>C\u2019\u00e8 un piddino a Ventimiglia che mi ricorda quando ogni tanto da bambino rubavo la marmellata e poi puntavo il dito sporco di marmellata per accusare mia sorella. Il Presidente Toti fa bene a prendersela con la Francia per\u00f2 non &hellip; <a href=\"https:\/\/www.ventimigliablog.it\/blog\/la-triplice-presa-per-la-marmellata-campo-roya-centro-di-accoglienza-e-transito-congiura-del-pd-con-la-lega-carbonara\/\">Continua a leggere<span class=\"meta-nav\">&rarr;<\/span><\/a><\/p>\n","protected":false},"author":9,"featured_media":0,"comment_status":"open","ping_status":"closed","sticky":true,"template":"","format":"standard","meta":{"ngg_post_thumbnail":0,"footnotes":""},"categories":[1],"tags":[],"_links":{"self":[{"href":"https:\/\/www.ventimigliablog.it\/blog\/wp-json\/wp\/v2\/posts\/6981"}],"collection":[{"href":"https:\/\/www.ventimigliablog.it\/blog\/wp-json\/wp\/v2\/posts"}],"about":[{"href":"https:\/\/www.ventimigliablog.it\/blog\/wp-json\/wp\/v2\/types\/post"}],"author":[{"embeddable":true,"href":"https:\/\/www.ventimigliablog.it\/blog\/wp-json\/wp\/v2\/users\/9"}],"replies":[{"embeddable":true,"href":"https:\/\/www.ventimigliablog.it\/blog\/wp-json\/wp\/v2\/comments?post=6981"}],"version-history":[{"count":2,"href":"https:\/\/www.ventimigliablog.it\/blog\/wp-json\/wp\/v2\/posts\/6981\/revisions"}],"predecessor-version":[{"id":6984,"href":"https:\/\/www.ventimigliablog.it\/blog\/wp-json\/wp\/v2\/posts\/6981\/revisions\/6984"}],"wp:attachment":[{"href":"https:\/\/www.ventimigliablog.it\/blog\/wp-json\/wp\/v2\/media?parent=6981"}],"wp:term":[{"taxonomy":"category","embeddable":true,"href":"https:\/\/www.ventimigliablog.it\/blog\/wp-json\/wp\/v2\/categories?post=6981"},{"taxonomy":"post_tag","embeddable":true,"href":"https:\/\/www.ventimigliablog.it\/blog\/wp-json\/wp\/v2\/tags?post=6981"}],"curies":[{"name":"wp","href":"https:\/\/api.w.org\/{rel}","templated":true}]}}