{"id":7053,"date":"2022-11-23T15:58:57","date_gmt":"2022-11-23T14:58:57","guid":{"rendered":"http:\/\/www.ventimigliablog.it\/blog\/?p=7053"},"modified":"2022-11-23T15:58:57","modified_gmt":"2022-11-23T14:58:57","slug":"lega-bertolucci-e-palle-da-tennis","status":"publish","type":"post","link":"https:\/\/www.ventimigliablog.it\/blog\/lega-bertolucci-e-palle-da-tennis\/","title":{"rendered":"Lega, Bertolucci  e palle &#8230;da tennis"},"content":{"rendered":"<p><img loading=\"lazy\" decoding=\"async\" class=\"alignnone wp-image-7056\" src=\"http:\/\/www.ventimigliablog.it\/blog\/wp-content\/uploads\/2022\/11\/g19.jpg\" alt=\"\" width=\"465\" height=\"353\" \/><br \/>\n\u201cVieni, che te la spiego io!\u201d \u00e8 un capitolo del \u201cManuale del Carbonaro\u201d in distribuzione in tutte le edicole social a Ventimiglia e circondario.<br \/>\nLe cose da spiegare sono tante, da quelle trucide dell\u2019agguato a Tano a quelle politiche del tracollo elettorale del 25 settembre scorso ma soprattutto quelle locali affidate a uomini del Partito mandati in Comune nel 2019 a fare le cose promesse nel Programma.<br \/>\nNon ho avuto bisogno di una trombetta che mi raccontasse le spiegazioni date su questo punto ai Comitati di Quartiere il 12 novembre scorso dai carbonari, \u00e8 stato sufficiente leggere gli annunci diffusi sui social con l\u2019arri\u00e8re-pens\u00e9e di far vedere al Tavolo del \u201cCentro destra unito\u201d che la Lega intemelia ausculta e programma.<br \/>\nHo letto che quel giorno la Lega ha incontrato i Comitati di Quartiere e che ha puntato il dito contro Scullino \u201cOpere non realizzate per le sue resistenze\u201d.<br \/>\nCio\u00e8, in parole povere, la Lega carbonara per giustificarsi passa al vilipendio di cadavere politico.<\/p>\n<p><img loading=\"lazy\" decoding=\"async\" class=\"alignnone wp-image-7058\" src=\"http:\/\/www.ventimigliablog.it\/blog\/wp-content\/uploads\/2022\/11\/g8.jpg\" alt=\"\" width=\"490\" height=\"371\" \/><\/p>\n<p>In una delle mie vite precedenti di mestiere ho fatto per 43 anni il burocrate e in un\u2019altra vita, quella politica, ho fatto il democristiano per 72 anni, dei quali 41 in servizio attivo e 31 nella riserva.<br \/>\nVite parallele ma non convergenti come quelle di Aldo Moro buonanima.<br \/>\nAnzi separate, ma che oggi in politica mi aiutano a distinguere il sangue dalla merda, per dirla con Rino Formica, un socialista di quelli d\u2019antan, uno che se ne intendeva.<br \/>\nIl sangue di Scullino mi fa sentire Antonio dopo l\u2019orazione funebre di Cesare e la merda invece \u00e8 quella che vorrei togliere dal suo cadavere politico.<br \/>\nPrendo tra i tanti il caso del tennis di Peglia che viene a fagiolo perch\u00e8 Tano \u201cIl Resistente\u201d su questa pratica si \u00e8 messo in standby e ha lasciato fare tutto al suo vice-sindaco Simone Bertolucci, delegato allo sport.<br \/>\nIn forza del decreto del 15 ottobre 2019 n. 51 emesso ad hoc dal sindaco \u201cresistente\u201d, il leghista aveva a disposizione dell\u2019Assessorato a scavalco nientemeno che il segretario generale dott. Antonino Germanotta in veste di Dirigente \u201cad interim\u201d dell\u2019area amministrativa e finanziaria.<\/p>\n<p><img loading=\"lazy\" decoding=\"async\" class=\"alignnone wp-image-7060\" src=\"http:\/\/www.ventimigliablog.it\/blog\/wp-content\/uploads\/2022\/11\/g6.jpg\" alt=\"\" width=\"246\" height=\"187\" \/> \u00a0\u00a0 <img loading=\"lazy\" decoding=\"async\" class=\"alignnone wp-image-7063\" src=\"http:\/\/www.ventimigliablog.it\/blog\/wp-content\/uploads\/2022\/11\/g14.jpg\" alt=\"\" width=\"278\" height=\"210\" srcset=\"https:\/\/www.ventimigliablog.it\/blog\/wp-content\/uploads\/2022\/11\/g14.jpg 1024w, https:\/\/www.ventimigliablog.it\/blog\/wp-content\/uploads\/2022\/11\/g14-300x225.jpg 300w, https:\/\/www.ventimigliablog.it\/blog\/wp-content\/uploads\/2022\/11\/g14-768x576.jpg 768w, https:\/\/www.ventimigliablog.it\/blog\/wp-content\/uploads\/2022\/11\/g14-400x300.jpg 400w\" sizes=\"(max-width: 278px) 100vw, 278px\" \/><\/p>\n<p>In campagna elettorale la Lega, assieme alle altre liste in appoggio al candidato sindaco Scullino, aveva promesso non solo ai tennisti e agli abitanti della zona ma a tutti i ventimigliesi, TESTUALMENTE questo: \u201c\u2026\u2026riqualificazione e recupero delle aree sportive comunali\u2026\u2026sostegno e sviluppo dei campi da tennis zona Peglia (concessione scaduta da ben 14 anni), allaccio alla rete idrica, messa a norma dell\u2019impianto elettrico \u2026\u2026bonifica amianto dell\u2019ex bocciofila di Peglia con conseguente abbattimento per la costruzione di impianti sportivi\u2026\u2026\u201d.<br \/>\nL\u2019impegno \u00e8 stato ufficializzato l\u20198 luglio 2019 in Consiglio comunale in sede di approvazione delle linee programmatiche e, come dicevo, a realizzarlo era delegato il leghista carbonaro attuale segretario cittadino del suo Partito che ha presieduto l\u2019incontro del 12 novembre scorso per \u201cspiegarla lui\u201d ai Comitati di Quartiere e spandere merda su Tano.<\/p>\n<p><img loading=\"lazy\" decoding=\"async\" class=\"alignnone wp-image-7062\" src=\"http:\/\/www.ventimigliablog.it\/blog\/wp-content\/uploads\/2022\/11\/g12.jpg\" alt=\"\" width=\"260\" height=\"198\" \/>\u00a0 <img loading=\"lazy\" decoding=\"async\" class=\"alignnone wp-image-7061\" src=\"http:\/\/www.ventimigliablog.it\/blog\/wp-content\/uploads\/2022\/11\/g11.jpg\" alt=\"\" width=\"249\" height=\"188\" srcset=\"https:\/\/www.ventimigliablog.it\/blog\/wp-content\/uploads\/2022\/11\/g11.jpg 1024w, https:\/\/www.ventimigliablog.it\/blog\/wp-content\/uploads\/2022\/11\/g11-300x225.jpg 300w, https:\/\/www.ventimigliablog.it\/blog\/wp-content\/uploads\/2022\/11\/g11-768x576.jpg 768w, https:\/\/www.ventimigliablog.it\/blog\/wp-content\/uploads\/2022\/11\/g11-400x300.jpg 400w\" sizes=\"(max-width: 249px) 100vw, 249px\" \/><\/p>\n<p>Ci sono voluti quattordici lunghi mesi per arrivare a portare in Giunta il 20 settembre 2020 la decisione n. 181 di pubblicare un normalissimo avviso di routine di manifestazione di interesse per trovare qualcuno che dopo \u201cben 14 anni\u201d fosse disposto ad accollarsi la gestione in concessione dell\u2019impianto sportivo denominato \u201cTennis Club Ventimiglia\u201d con annessa ex-bocciofila di Via Peglia.<br \/>\nProvvedimento di indirizzo \u201cpolitico\u201d dichiarato \u201cimmediatamente eseguibile\u201d ma che dovr\u00e0 attendere un mesetto prima che arrivasse quello dirigenziale \u201cdi gestione\u201d, cio\u00e8 fino al 13 ottobre 2020 con la determinazione n\u00b0 882 del dirigente ad interim.<br \/>\nIn allegato alla \u201cdetermina\u201d il dottor Mauro Grassano, R.U.P., acronimo di Responsabile Unico del Procedimento, con notevole professionalit\u00e0 e precisione aveva fornito tutti i dettagli dell\u2019oggetto di possibile interesse e aveva chiarito, in grassetto, che \u201cIn presenza di manifestazioni di interesse AMMISSIBILI l\u2019Amministrazione potr\u00e0 procedere ad indire una procedura negoziata, previa pubblicazione di bando adottando il criterio dell\u2019offerta economicamente pi\u00f9 vantaggiosa.\u201d<\/p>\n<p><img loading=\"lazy\" decoding=\"async\" class=\"alignnone wp-image-7059\" src=\"http:\/\/www.ventimigliablog.it\/blog\/wp-content\/uploads\/2022\/11\/g16.jpg\" alt=\"\" width=\"240\" height=\"181\" srcset=\"https:\/\/www.ventimigliablog.it\/blog\/wp-content\/uploads\/2022\/11\/g16.jpg 1024w, https:\/\/www.ventimigliablog.it\/blog\/wp-content\/uploads\/2022\/11\/g16-300x225.jpg 300w, https:\/\/www.ventimigliablog.it\/blog\/wp-content\/uploads\/2022\/11\/g16-768x576.jpg 768w, https:\/\/www.ventimigliablog.it\/blog\/wp-content\/uploads\/2022\/11\/g16-400x300.jpg 400w\" sizes=\"(max-width: 240px) 100vw, 240px\" \/> <img loading=\"lazy\" decoding=\"async\" class=\"alignnone wp-image-7057\" src=\"http:\/\/www.ventimigliablog.it\/blog\/wp-content\/uploads\/2022\/11\/g10.jpg\" alt=\"\" width=\"282\" height=\"213\" srcset=\"https:\/\/www.ventimigliablog.it\/blog\/wp-content\/uploads\/2022\/11\/g10.jpg 1024w, https:\/\/www.ventimigliablog.it\/blog\/wp-content\/uploads\/2022\/11\/g10-300x225.jpg 300w, https:\/\/www.ventimigliablog.it\/blog\/wp-content\/uploads\/2022\/11\/g10-768x576.jpg 768w, https:\/\/www.ventimigliablog.it\/blog\/wp-content\/uploads\/2022\/11\/g10-400x300.jpg 400w\" sizes=\"(max-width: 282px) 100vw, 282px\" \/><\/p>\n<p>A questo punto ricordo a me stesso che il leghista carbonaro anche con l\u2019ausilio dei tecnici di staff dell\u2019Amministrazione era l\u00ec da \u201cpolitico\u201d non solo per esercitare una funzione decisoria di indirizzo ma anche per seguirne gli sviluppi e svolgere su di essa compiti di controllo e lo ricordo perch\u00e9 in questo caso Simone Bertolucci non ha applicato il detto: \u201cCandu \u00e0gimu vistu \u2018e c\u00f9glie, \u00e0gimu ditu che l\u2019\u00e8ira m\u00e0scciu.\u201d<br \/>\nTraduco: le \u201cc\u00f9glie\u201d da vedere nel suo caso erano il D.U.R.C., acronimo di \u201cDocumento Unico di Regolarit\u00e0 Contributiva\u201d indispensabile per essere ammessi a una gara, un requisito che la Stazione Appaltante pu\u00f2\/deve chiedere in ogni sua fase, dall\u2019esame della proposta fino al certificato finale.<br \/>\nMi spiego: all\u2019avviso affisso all\u2019Albo Pretorio hanno manifestato interesse in tre entro il termine del 13 novembre 2020 ma poi il 30 marzo 2021 si sono ridotti a uno in risposta all\u2019invito del 19 gennaio 2021 a depositare una proposta per un importo di 700.000 euro, cio\u00e8 a mostrare le \u201cc\u00f9glie\u201d.<br \/>\nChiarisco: la Stazione Appaltante da quel momento poteva legalmente vedere se c\u2019erano o no, in via informatica e in un clic.<br \/>\nOsservo: nel frattempo sono gi\u00e0 trascorsi 561 giorni che corrispondono a un anno, sei mesi e undici giorni, tanto per la precisione.<\/p>\n<p><img loading=\"lazy\" decoding=\"async\" class=\"alignnone wp-image-7055\" src=\"http:\/\/www.ventimigliablog.it\/blog\/wp-content\/uploads\/2022\/11\/g18.jpg\" alt=\"\" width=\"263\" height=\"200\" \/> \u00a0 <img loading=\"lazy\" decoding=\"async\" class=\"alignnone wp-image-7064\" src=\"http:\/\/www.ventimigliablog.it\/blog\/wp-content\/uploads\/2022\/11\/g55.jpg\" alt=\"\" width=\"237\" height=\"180\" \/><\/p>\n<p>Quel \u201cuno\u201d che aveva depositato la proposta non era sceso da Marte ma era una gloriosa Associazione dilettantistica con 74 anni di anzianit\u00e0, una realt\u00e0 sportiva che \u00e8 entrata a pieno titolo nella Storia cittadina, con una panoplia di trofei e con pedigree di seriet\u00e0 e correttezza gestionale e contabile, oltre che sportiva, di assoluta eccellenza.<br \/>\nCerto, la tempesta Alex del 3 e 4 ottobre 2020 ha peggiorato le cose e compromesso ulteriormente le condizioni di sicurezza oltre ad aver reso inagibili due dei cinque campi e devastato il piano basso della struttura, per\u00f2 la proposta era all\u2019altezza delle esigenze e assolutamente conforme ai requisiti stabiliti.<br \/>\nCerto, il dottor Antonino Germanotta in veste di Dirigente \u201cad interim\u201d dell\u2019area amministrativa e finanziaria col 31 dicembre 2001 \u00e8 stato sostituito ma da una funzionaria assolutamente all\u2019altezza, tant\u2019\u00e8 che adesso \u00e8 segretario generale a Sanremo e quindi il vice sindaco carbonaro era in buone mani.<br \/>\nAllora, direte voi, cosa poteva andare storto?<\/p>\n<p><img loading=\"lazy\" decoding=\"async\" class=\"alignnone wp-image-7065\" src=\"http:\/\/www.ventimigliablog.it\/blog\/wp-content\/uploads\/2022\/11\/g77.jpg\" alt=\"\" width=\"263\" height=\"200\" \/><img loading=\"lazy\" decoding=\"async\" class=\"alignnone wp-image-7066\" src=\"http:\/\/www.ventimigliablog.it\/blog\/wp-content\/uploads\/2022\/11\/g99.jpg\" alt=\"\" width=\"284\" height=\"216\" \/><\/p>\n<p>Bene o male, visto che la concessione era \u201cscaduta da ben 14 anni\u201d, con un po\u2019 di buonsenso la gestione poteva proseguire \u201cde facto et pro tempore\u201d almeno per attivit\u00e0 come la Scuola Tennis con una quarantina di atleti dai 6 ai 15 anni sotto la responsabilit\u00e0 e la direzione di maestro e istruttore federale, ovviamente con tutte le reali garanzie di sicurezza.<br \/>\nIl tempo occorrente al Comune per fare clic all\u2019I.N.P.S., constatare l\u2019assenza di un D.U.R.C. regolare, dichiarare deserta la gara e IMMEDIATAMENTE, \u201cprevia regolarizzazione\u201d (che il Tennis Club Ventimiglia aveva subito effettuato), dopo due veloci esperimenti, se anche loro deserti, aprire una trattativa a privata sulla proposta del club.<br \/>\nUn\u2019area di circa 8.900 metri quadrati e i due entrostanti impianti sportivi, quello del tennis funzionante di 5.400 metri quadrati e quello delle bocce e petanque di 2.700 metri quadrati dismesso oltre a 800 metri quadrati di parcheggi riservati, sarebbero stati custoditi e avrebbero usufruito di un minimo di manutenzione.<\/p>\n<p><img loading=\"lazy\" decoding=\"async\" class=\"alignnone wp-image-7054\" src=\"http:\/\/www.ventimigliablog.it\/blog\/wp-content\/uploads\/2022\/11\/giri-5.jpg\" alt=\"\" width=\"408\" height=\"285\" \/><\/p>\n<p>Invece il leghista carbonaro il 6 aprile 2021 ha fatto nominare una Commissione Giudicatrice dell\u2019unica proposta depositata<br \/>\nCommissione che senza fare clic all\u2019I.N.P.S. aggiudicher\u00e0 provvisoriamente la gara al Tennis Club Ventimiglia con verbale del 14 aprile2021.<br \/>\nVerbale recepito il 18 giugno 2021 con una determina dirigenziale di \u201caggiudicazione e affidamento sotto riserva della gestione dell\u2019impianto sportivo\u201d.<br \/>\nRiserva sciolta il 9 agosto 2021 con una determina dirigenziale dal titolo: \u201cRevoca concessione in gestione dell\u2019impianto sportivo\u201d e sapete perch\u00e9?<br \/>\nPerch\u00e9 si era accorto che il Tennis Club Ventimiglia aveva le \u201cc\u00f9glie\u201d da regolarizzare.<br \/>\nLa masturbazione politica si \u00e8 conclusa il 10 gennaio 2022 con lo sfratto del 74enne Tennis Club Ventimiglia, l\u2019accesso nei locali di migranti, di ladruncoli e di vandali e un pezzo di Storia della Ventimiglia sportiva finito nella desolazione e nell\u2019abbandono.<br \/>\nChiss\u00e0 come il 12 novembre scorso avranno potuto spiegare queste cose ai Comitati di Quartiere, a cosa avr\u00e0 resistito questa volta Tano?<br \/>\nBruno Giri<\/p>\n<p>&nbsp;<\/p>\n<p>&nbsp;<\/p>\n\t<div class=\"quickshare-container\">\r\n\t<ul class=\"quickshare-text qs-genericons quickshare-small\">\r\n\t\t<li class=\"quickshare-share\">Condividi :<\/li> \r\n\t\t<li><a href=\"https:\/\/facebook.com\/sharer.php?u=https%3A%2F%2Fwww.ventimigliablog.it%2Fblog%2Flega-bertolucci-e-palle-da-tennis%2F&amp;t=Lega%2C+Bertolucci++e+palle+%26%238230%3Bda+tennis+<+Ventimigliablog\" target=\"_blank\" title=\"Share on Facebook\"><span class=\"quickshare-facebook\">Facebook<\/span><\/a><\/li>\t\t<li><a href=\"https:\/\/twitter.com\/intent\/tweet?url=https%3A%2F%2Fwww.ventimigliablog.it%2Fblog%2Flega-bertolucci-e-palle-da-tennis%2F&amp;text=Lega%2C+Bertolucci++e+palle+%26%238230%3Bda+tennis+<+Ventimigliablog\" target=\"_blank\" title=\"Share on Twitter\"><span class=\"quickshare-twitter\">Twitter<\/span><\/a><\/li>\t\t\t\t\t\t<li><a href=\"https:\/\/plus.google.com\/share?url=https%3A%2F%2Fwww.ventimigliablog.it%2Fblog%2Flega-bertolucci-e-palle-da-tennis%2F\" target=\"_blank\" title=\"Share on Google+\"><span class=\"quickshare-googleplus\">Google+<\/span><\/a><\/li>\t\t\t\t\t\t\t\t<li><a href=\"mailto:?subject=Ventimigliablog:+Lega%2C+Bertolucci++e+palle+%26%238230%3Bda+tennis&amp;body=https%3A%2F%2Fwww.ventimigliablog.it%2Fblog%2Flega-bertolucci-e-palle-da-tennis%2F\" target=\"_blank\" title=\"Share via Email\"><span class=\"quickshare-email\">Email<\/span><\/a><\/li>\t<\/ul>\r\n\t<\/div>\r\n","protected":false},"excerpt":{"rendered":"<p>\u201cVieni, che te la spiego io!\u201d \u00e8 un capitolo del \u201cManuale del Carbonaro\u201d in distribuzione in tutte le edicole social a Ventimiglia e circondario. Le cose da spiegare sono tante, da quelle trucide dell\u2019agguato a Tano a quelle politiche del &hellip; <a href=\"https:\/\/www.ventimigliablog.it\/blog\/lega-bertolucci-e-palle-da-tennis\/\">Continua a leggere<span class=\"meta-nav\">&rarr;<\/span><\/a><\/p>\n","protected":false},"author":9,"featured_media":0,"comment_status":"open","ping_status":"closed","sticky":true,"template":"","format":"standard","meta":{"ngg_post_thumbnail":0,"footnotes":""},"categories":[1],"tags":[],"_links":{"self":[{"href":"https:\/\/www.ventimigliablog.it\/blog\/wp-json\/wp\/v2\/posts\/7053"}],"collection":[{"href":"https:\/\/www.ventimigliablog.it\/blog\/wp-json\/wp\/v2\/posts"}],"about":[{"href":"https:\/\/www.ventimigliablog.it\/blog\/wp-json\/wp\/v2\/types\/post"}],"author":[{"embeddable":true,"href":"https:\/\/www.ventimigliablog.it\/blog\/wp-json\/wp\/v2\/users\/9"}],"replies":[{"embeddable":true,"href":"https:\/\/www.ventimigliablog.it\/blog\/wp-json\/wp\/v2\/comments?post=7053"}],"version-history":[{"count":2,"href":"https:\/\/www.ventimigliablog.it\/blog\/wp-json\/wp\/v2\/posts\/7053\/revisions"}],"predecessor-version":[{"id":7068,"href":"https:\/\/www.ventimigliablog.it\/blog\/wp-json\/wp\/v2\/posts\/7053\/revisions\/7068"}],"wp:attachment":[{"href":"https:\/\/www.ventimigliablog.it\/blog\/wp-json\/wp\/v2\/media?parent=7053"}],"wp:term":[{"taxonomy":"category","embeddable":true,"href":"https:\/\/www.ventimigliablog.it\/blog\/wp-json\/wp\/v2\/categories?post=7053"},{"taxonomy":"post_tag","embeddable":true,"href":"https:\/\/www.ventimigliablog.it\/blog\/wp-json\/wp\/v2\/tags?post=7053"}],"curies":[{"name":"wp","href":"https:\/\/api.w.org\/{rel}","templated":true}]}}