{"id":7076,"date":"2022-11-25T20:30:54","date_gmt":"2022-11-25T19:30:54","guid":{"rendered":"http:\/\/www.ventimigliablog.it\/blog\/?p=7076"},"modified":"2022-11-25T20:30:54","modified_gmt":"2022-11-25T19:30:54","slug":"sfogliando-lalbum-dei-ricordi-ho-trovato-un-quadrifoglio-appassito","status":"publish","type":"post","link":"https:\/\/www.ventimigliablog.it\/blog\/sfogliando-lalbum-dei-ricordi-ho-trovato-un-quadrifoglio-appassito\/","title":{"rendered":"Sfogliando l&#8217;album dei ricordi ho trovato un quadrifoglio appassito&#8230;."},"content":{"rendered":"<p><img loading=\"lazy\" decoding=\"async\" class=\"alignnone  wp-image-7077\" src=\"http:\/\/www.ventimigliablog.it\/blog\/wp-content\/uploads\/2022\/11\/giri-7.jpg\" alt=\"\" width=\"422\" height=\"387\" srcset=\"https:\/\/www.ventimigliablog.it\/blog\/wp-content\/uploads\/2022\/11\/giri-7.jpg 469w, https:\/\/www.ventimigliablog.it\/blog\/wp-content\/uploads\/2022\/11\/giri-7-300x274.jpg 300w, https:\/\/www.ventimigliablog.it\/blog\/wp-content\/uploads\/2022\/11\/giri-7-328x300.jpg 328w\" sizes=\"(max-width: 422px) 100vw, 422px\" \/><br \/>\nGuarda caso, la funzione \u201cOn This Day\u201d di Facebook di ieri riportava indietro di quattro anni il calendario fino a sabato 24 novembre 2018 per farmi rileggere due miei post di quel giorno che si direbbero pubblicati questa mattina a Ventimiglia invece di allora a Sanremo.<br \/>\nIl primo post \u00e8 sul segreto per diventare sindaco e il secondo \u00e8 sul perch\u00e9 ogni volta ci meravigliamo di un dissesto geologico annunciato<\/p>\n<p>*****<\/p>\n<p>Il primo post potrebbe essere l\u2019incipit della storiella del \u201cvertice della Federazione Liste Civiche tra i fedelissimi dell\u2019ex sindaco Scullino\u201d che si \u00e8 svolto marted\u00ec sera \u201cnella sede di via Gramsci\u201d alla \u201cpresenza di molti ex componenti dell\u2019Amministrazione\u201d, come intitolava ieri \u201cSanremonews.it\u201d nel darne il sensazionale annuncio.<br \/>\nE come questa mattina \u201cLa Riviera24\u201d inaugura la telenovela appendendo alla porta un fiocco azzurro che nasconde quello \u201cRosso-Calenda\/Renzi\u201d.<br \/>\nSi tratta del copia-incolla del post di Claudio Cerri che a Taggia, assieme a Tano a Ventimiglia e a Asquasciati a Sanremo, \u00e8 sul mio podio dei tre migliori sindaci dell\u2019estremo Ponente ligure.<br \/>\nEccolo: \u201cAbbiamo appreso che per vincere le elezioni comunali a Sanremo ci vuole il &#8220;GURU&#8221;. Ma come si fa a diventare guru? E&#8217; facile. Si studia a fondo &#8220;Fenomenologia del perfetto credulone&#8221;, poi si va da un candidato Sindaco e si dice: &#8221; Salve, sono un guru, mi chiamo Wolf, risolvo problemi e faccio vincere le elezioni. Sono bravissimo, tanto \u00e8 vero che sono riuscito a far vincere le elezioni persino a due soggetti come Obama e Trump, perci\u00f2 costo caro e non faccio sconti, neanche durante il black Friday, non sono mica un mercante di tappeti.&#8221; Se il candidato sindaco risponde che vuole spendere al massimo 500 euro di &#8220;santini&#8221;, si estrae dalle tasche un mazzetto di santini gi\u00e0 pronto e si dice: &#8220;vu&#8217; cumpr\u00e0?&#8221;\u201d.<br \/>\nUguale, uguale, uguale a Ventimiglia oggi!<br \/>\nCon una sola variante, direttore generale al posto di sindaco, e con un punto interrogativo su un incarico di staff per Ventimiglia, Citt\u00e0 di 25.000 abitanti, quando Sanremo, Citt\u00e0 di 60.000 abitanti, ne fa a meno.<\/p>\n<p>*****<\/p>\n<p>Il secondo post non l\u2019ho copiato-incollato da Cerri, \u00e8 mio: \u201cPer la politica la meteorologia \u00e8 una scienza esatta che si applica su scala cromatica infallibile mentre invece la geologia \u00e8 una opinione da adattare alle circostanze con flessibilit\u00e0 e sano realismo.\u201d<br \/>\nNon c\u2019\u00e8 bisogno di spiegazioni, ricordiamo tutti le allerte rosse mentre il sole splendeva sulle scuole chiuse e sappiamo tutti a Ventimiglia quanto \u00e8 stata \u201cflessibile e realisticamente sana\u201d negli ultimi tre anni l\u2019opinione in materia geologica della Sindachessa 2023 in pectore e del suo \u201cGuru\u201d.<br \/>\nSenza dimenticare che a loro due Tano aveva dato carta bianca nel delegare a lei le cure del territorio e a lui la supervisione dell\u2019attuazione del Programma, in considerazione del loro titolo di studio e della loro professione privata.<\/p>\n<p>*****<\/p>\n<p>Il Programma elettorale 2019 della coalizione [\u201cScullino Sindaco\u201d \u2013 \u201cLega\u201d \u2013 \u201cForza Italia\u201d \u2013 \u201cFratelli d\u2019Italia\u201d \u2013 \u201cVentimiglia nel cuore\u201d], a trazione partitica, era ovviamente centripeto e politico e le Linee Programmatiche approvate dal Consiglio Comunale l\u20198 luglio 2019 sono il suo copia-incolla anche delle virgole.<br \/>\nDi dissesto geologico non si parla, sono cose da nascondere in campagna elettorale, il cittadino comune non le capisce e poi non portano voti.<br \/>\nPassano soltanto tre mesi e a ottobre undici Regioni italiane sono devastate da ondate di maltempo furiose e continue che mostrano ancora una volta quanto \u00e8 fragile il nostro territorio.<br \/>\nLa Liguria \u00e8 ai primi posti e Ventimiglia in testa per frane, smottamenti e crolli sulla terraferma, fenomeni che sul litorale interfacciano le criticit\u00e0 della protezione dalle mareggiate e che si aggiungono a un imponente arretrato di decenni.<br \/>\nCos\u00ec i \u201ccahiers de dol\u00e9ances\u201d al suo ritorno nel giugno 2019 riempiono i registri di Gaetano II\u00b0, gi\u00e0 strapieni delle \u201c&#8221;plaintes e remontrances\u201d ereditate dal suo predecessore PD e a rendersene interpreti sono i Comitati di Quartiere.<br \/>\nMolti di questi Comitati sono istituzioni storiche antichissime, alcune medioevali, altre invece spuntano come funghi sotto la spinta di un torto subito, tipo quello di Asse fondato il 22 febbraio scorso per reagire all\u2019invasione delle cooperative e con giurisdizione \u201cvia Dante (lato levante), via Tacito (lato Ponente) corso Genova e Passeggiata Trento e Trieste\u201d.<br \/>\nPer\u00f2 il dissesto geologico autentico quello maggiormente sofferto dalla gente, lo sappiamo, \u00e8 quello quotidiano sulla terraferma non in spiaggia, e a denunciarlo sono soprattutto i Comitati di Quartiere blasonati, quelli con quattro quarti di nobilt\u00e0, come il \u201cMagliocca-Gallardi\u201d o il \u201cSan Lorenzo-San Bernardo\u201d a loro volta ripartiti in frazioni, zone e localit\u00e0 particolari.<\/p>\n<p>*****<br \/>\nPrendo un\u2019icona storica di questi \u201ccahiers\u201d, la via \u201cDue Camini\u201d, il suo dissesto e la sua chiusura, per due precise ragioni.<br \/>\nPrimo: fino all\u2019ultimo coi fondi della Protezione Civile del P.N.R.R. la sua conclusione favorevole prima della sconfitta \u00e8 stata in ballottaggio con i 3,3 milioni che l\u2019aspirante sindachessa e il suo guru hanno dirottato ai \u201csurfisti\u201d sulla spiaggia tra via Lamboglia e l&#8217;Hotel Kaly.<br \/>\nSecondo: per raccogliere un lascito del compianto presidente ad honorem del Comitato \u201cSan Lorenzo-San Bernardo\u201d Agostino Modesti che ci ha lasciati alcuni mesi fa.<\/p>\n<p>*****<\/p>\n<p>La faccio breve in rapida sequenza.<br \/>\nIn piena tempesta il 24 ottobre 2019 e in assenza della delegata e attuale aspirante sindachessa 2023, Tano porta lui in Giunta sei interventi sulla viabilit\u00e0 di versante maggiormente compromessa tra i quali: \u201cIntervento n\u00b0 3: Ripristino della muratura sottoscarpa franata in via Due Camini e ripristino della regimazione delle acque bianche.\u201d<br \/>\n\u00c8 il punto pi\u00f9 acuto e sofferente di un ben pi\u00f9 ampio ed esteso labirinto stradale dissestato da movimenti diffusi di sprofondamento della carreggiata a valle, anche per l\u2019assenza di un sistema efficiente di captazione delle acque meteoriche.<br \/>\nIl 7 ottobre l\u2019ingegnere Paolo Biancheri aveva gi\u00e0 consegnato i sei \u201cstudi di fattibilit\u00e0 degli interventi necessari a garantire maggior resilienza a altrettante criticit\u00e0\u201d da lui monitorate con il relativo quadro economico che saldava in complessivi 1.255.476,94 euro.<\/p>\n<p>*****<\/p>\n<p>Dovranno trascorre 605 lunghi giorni, cio\u00e8 un anno, sette mesi e ventiquattro giorni (LA MET\u00c0 DELL\u2019INTERO TRIENNIO TRASCORSO!) prima che finalmente! il 4 marzo 2021 la responsabile \u201cpolitica\u201d si decidesse ad accogliere le offerte del professionista in questione e di un geologo per mandare avanti almeno un primo progetto da proseguire con lotti successivi.<br \/>\nIn soli ottantadue giorni, neanche tre mesi, gi\u00e0 il 25 maggio 2021 i due tecnici metteranno la Giunta in condizione di approvare lo studio di fattibilit\u00e0 tecnico-economica del consolidamento dei primi cento metri di via Fontana a partire dall\u2019innesto con via Sant&#8217;Anna.<br \/>\nIn tempo per prendere la strada a tempo scaduto l\u20198 luglio 2021 in Consiglio comunale dedicato alla \u201cApprovazione piano degli interventi infrastrutturali in materia di viabilit\u00e0 e mobilit\u00e0 ciclistica\u201d dove al 10\u00b0 posto troviamo: \u201cStrada due Camini San Bernardo Sant&#8217;Anna\u201d per un importo complessivo di 1.255.476,94 euro.<br \/>\nPeccato che la finestra temporale 2021 per la presentazione alla Regione delle richieste di contributo da parte dei soggetti interessati per l\u2019anno 2021 fosse dal 26 aprile 2021 al 28 maggio 2021 (Delibera Giunta regionale n\u00b0 336-2021 approvata nella seduta n\u00b0 3667 del 3 aprile 2021) e che lo yogurt \u201cVia Due Camini\u201d sia scaduto.<br \/>\nE infatti il 26 ottobre 2021 la Giunta regionale con delibera n\u00b0 928-2021 ammetter\u00e0 a finanziamento una quindicina di Comuni e la Provincia di Savona e Ventimiglia non c\u2019\u00e8 tra loro.<br \/>\nIn compenso veleggiavano sul surf la nostra sindachessa in pectore e il suo guru dopo aver fatto approvare dalla Giunta il 15 aprile 2021 il \u201cProgetto di fattibilit\u00e0 tecnica ed economica del completamento della riqualificazione delle spiagge del centro abitato comprese tra via Lamboglia e la foce del fiume Roya\u201d ammesso dalla Regione e finanziato, udite! udite! con i fondi PNRR della Protezione Civile destinati alla mitigazione del rischio geologico dopo le calamit\u00e0 2018-2020.<\/p>\n<p>*****<\/p>\n<p>Chiss\u00e0 cosa avr\u00e0 risposto il commissario prefettizio al presidente dello storico Comitato di Quartiere \u201cMagliocca-Gallardi\u201d il 28 luglio scorso quando si \u00e8 sentito chiedere notizie e sollecitare un interessamento per il \u201cripristino di via Due Camini\u201d?<br \/>\nAlmeno gli avr\u00e0 saputo dire se tra il terzo luned\u00ec di gennaio di quest\u2019anno e il terzo luned\u00ec di febbraio l\u2019interessata e il suo guru hanno infilato la finestra temporale 2022?<br \/>\nQuanto a Tano immagino cosa pensa di tutto questo: \u201cMeglio perderli che trovarli!\u201d e non ha torto<br \/>\nBruno Giri<\/p>\n\t<div class=\"quickshare-container\">\r\n\t<ul class=\"quickshare-text qs-genericons quickshare-small\">\r\n\t\t<li class=\"quickshare-share\">Condividi :<\/li> \r\n\t\t<li><a href=\"https:\/\/facebook.com\/sharer.php?u=https%3A%2F%2Fwww.ventimigliablog.it%2Fblog%2Fsfogliando-lalbum-dei-ricordi-ho-trovato-un-quadrifoglio-appassito%2F&amp;t=Sfogliando+l%26%238217%3Balbum+dei+ricordi+ho+trovato+un+quadrifoglio+appassito%26%238230%3B.+<+Ventimigliablog\" target=\"_blank\" title=\"Share on Facebook\"><span class=\"quickshare-facebook\">Facebook<\/span><\/a><\/li>\t\t<li><a href=\"https:\/\/twitter.com\/intent\/tweet?url=https%3A%2F%2Fwww.ventimigliablog.it%2Fblog%2Fsfogliando-lalbum-dei-ricordi-ho-trovato-un-quadrifoglio-appassito%2F&amp;text=Sfogliando+l%26%238217%3Balbum+dei+ricordi+ho+trovato+un+quadrifoglio+appassito%26%238230%3B.+<+Ventimigliablog\" target=\"_blank\" title=\"Share on Twitter\"><span class=\"quickshare-twitter\">Twitter<\/span><\/a><\/li>\t\t\t\t\t\t<li><a href=\"https:\/\/plus.google.com\/share?url=https%3A%2F%2Fwww.ventimigliablog.it%2Fblog%2Fsfogliando-lalbum-dei-ricordi-ho-trovato-un-quadrifoglio-appassito%2F\" target=\"_blank\" title=\"Share on Google+\"><span class=\"quickshare-googleplus\">Google+<\/span><\/a><\/li>\t\t\t\t\t\t\t\t<li><a href=\"mailto:?subject=Ventimigliablog:+Sfogliando+l%26%238217%3Balbum+dei+ricordi+ho+trovato+un+quadrifoglio+appassito%26%238230%3B.&amp;body=https%3A%2F%2Fwww.ventimigliablog.it%2Fblog%2Fsfogliando-lalbum-dei-ricordi-ho-trovato-un-quadrifoglio-appassito%2F\" target=\"_blank\" title=\"Share via Email\"><span class=\"quickshare-email\">Email<\/span><\/a><\/li>\t<\/ul>\r\n\t<\/div>\r\n","protected":false},"excerpt":{"rendered":"<p>Guarda caso, la funzione \u201cOn This Day\u201d di Facebook di ieri riportava indietro di quattro anni il calendario fino a sabato 24 novembre 2018 per farmi rileggere due miei post di quel giorno che si direbbero pubblicati questa mattina a &hellip; <a href=\"https:\/\/www.ventimigliablog.it\/blog\/sfogliando-lalbum-dei-ricordi-ho-trovato-un-quadrifoglio-appassito\/\">Continua a leggere<span class=\"meta-nav\">&rarr;<\/span><\/a><\/p>\n","protected":false},"author":9,"featured_media":0,"comment_status":"open","ping_status":"closed","sticky":true,"template":"","format":"standard","meta":{"ngg_post_thumbnail":0,"footnotes":""},"categories":[1],"tags":[],"_links":{"self":[{"href":"https:\/\/www.ventimigliablog.it\/blog\/wp-json\/wp\/v2\/posts\/7076"}],"collection":[{"href":"https:\/\/www.ventimigliablog.it\/blog\/wp-json\/wp\/v2\/posts"}],"about":[{"href":"https:\/\/www.ventimigliablog.it\/blog\/wp-json\/wp\/v2\/types\/post"}],"author":[{"embeddable":true,"href":"https:\/\/www.ventimigliablog.it\/blog\/wp-json\/wp\/v2\/users\/9"}],"replies":[{"embeddable":true,"href":"https:\/\/www.ventimigliablog.it\/blog\/wp-json\/wp\/v2\/comments?post=7076"}],"version-history":[{"count":2,"href":"https:\/\/www.ventimigliablog.it\/blog\/wp-json\/wp\/v2\/posts\/7076\/revisions"}],"predecessor-version":[{"id":7079,"href":"https:\/\/www.ventimigliablog.it\/blog\/wp-json\/wp\/v2\/posts\/7076\/revisions\/7079"}],"wp:attachment":[{"href":"https:\/\/www.ventimigliablog.it\/blog\/wp-json\/wp\/v2\/media?parent=7076"}],"wp:term":[{"taxonomy":"category","embeddable":true,"href":"https:\/\/www.ventimigliablog.it\/blog\/wp-json\/wp\/v2\/categories?post=7076"},{"taxonomy":"post_tag","embeddable":true,"href":"https:\/\/www.ventimigliablog.it\/blog\/wp-json\/wp\/v2\/tags?post=7076"}],"curies":[{"name":"wp","href":"https:\/\/api.w.org\/{rel}","templated":true}]}}