{"id":7086,"date":"2022-11-27T22:36:56","date_gmt":"2022-11-27T21:36:56","guid":{"rendered":"http:\/\/www.ventimigliablog.it\/blog\/?p=7086"},"modified":"2022-11-27T22:36:56","modified_gmt":"2022-11-27T21:36:56","slug":"quando-si-scherza-con-lacqua-e-col-gas","status":"publish","type":"post","link":"https:\/\/www.ventimigliablog.it\/blog\/quando-si-scherza-con-lacqua-e-col-gas\/","title":{"rendered":"Quando si scherza con l&#8217;acqua e col gas"},"content":{"rendered":"<p><img loading=\"lazy\" decoding=\"async\" class=\"alignnone size-full wp-image-7087\" src=\"http:\/\/www.ventimigliablog.it\/blog\/wp-content\/uploads\/2022\/11\/giri-1.jpeg\" alt=\"\" width=\"587\" height=\"457\" srcset=\"https:\/\/www.ventimigliablog.it\/blog\/wp-content\/uploads\/2022\/11\/giri-1.jpeg 587w, https:\/\/www.ventimigliablog.it\/blog\/wp-content\/uploads\/2022\/11\/giri-1-300x234.jpeg 300w, https:\/\/www.ventimigliablog.it\/blog\/wp-content\/uploads\/2022\/11\/giri-1-385x300.jpeg 385w\" sizes=\"(max-width: 587px) 100vw, 587px\" \/><\/p>\n<p>Un \u201cpolitico\u201d di terza fascia ieri mattina mi chiedeva perch\u00e9 non mi faccio i cazzi miei invece di interessarmi degli A.T.O., acronimo di Ambito Territoriale Ottimale, dell\u2019acqua e del gas.<br \/>\nCredevo fosse un \u201cavvertimento\u201d e invece era curiosit\u00e0 allo stato puro.<br \/>\nMi sono intenerito nello scoprire che era ancora vergine, la Mamma non gli aveva detto ancora niente.<br \/>\nNon sapeva dei poteri affidati nelle \u201cpartecipate\u201d al socio privato e era all\u2019oscuro dei patti parasociali sull\u2019affidamento diretto di incarichi professionali e di lavori in deroga.<br \/>\nTanta roba, sedurrebbe anche Maria Goretti, figuriamoci certi bagascioni in circolazione.<br \/>\nTutto legale, alla luce del sole, con i soliti teatrini nei Consigli comunali che devono aprire la porta al privato e quelli che \u201cnon ci stanno\u201d, come a Ventimiglia il \u201cCaso Scullino\u201d, vengono sciolti e il commissario d\u00e0 subito dopo la delega in bianco sull\u2019acqua pubblica al presidente della provincia, fan di IREN, in attesa che arrivi la convoca del gas.<br \/>\nNon mi stupirei di trovare nella gerla di Babbo Natale una sorpresa analoga.<br \/>\n*****<br \/>\nIeri mattina avevo fretta, dovevo prelevare i Nipotini a scuola, e per chiudere gli ho fatto un esempio pratico, quello del conflitto nell\u2019ATO Genovese tra IREN Tigullio e il sindaco di Chiavari per i lavori \u201cextra\u201d.<br \/>\nMi sono riferito a una guerra di trincea che intasa il T.A.R. e che riguarda la pulizia delle canalizzazioni delle acque bianche, delle caditoie e dei braccetti di collegamento dopo ogni temporale e pi\u00f9 in generale la raccolta e l\u2019allontanamento delle acque meteoriche e di quelle reflue provenienti dagli insediamenti umani.<br \/>\nA questo punto il mio interlocutore mi ha mostrato un foglio datato 14 novembre 2019 con l\u2019elenco delle cambiali che Scullino avrebbe \u201cprotestato\u201d.<br \/>\nEra un documento del presidente del Comitato di Quartiere \u201cMagliocca-Gallardi\u201d che, tra buche stradali e lampioni assenti, tra griglie e tombini intasati e problemi di segnaletica ingannevole, tra muri spanciati e telecamere contro i furti e le discariche abusive, toccava i punti dolenti dell\u2019acqua potabile e del gas.<br \/>\nCol telefonino ho fotografato la reverente supplica dei sudditi genuflessi: sul ciclo integrale dell\u2019acqua di \u201cRivieracqua\u201d che include le fognature: \u201c8) Risoluzione della problematica di perdita di tubo della fognatura in Via Gallardi sotto il ponte autostradale. Problematica segnalata gi\u00e0 da svariati mesi all\u2019amministrazione e alla presidenza di AIGA. Ci\u00f2 comporta gravi violazioni di legge in relazione all\u2018igiene e alla sanit\u00e0 pubblica\u201d.<br \/>\nSull\u2019A.T.O. imperiese del gas che \u00e8 come Godot, ma un giorno o l\u2019altro arriva: \u201c14) Valutazione di fattibilit\u00e0 per messa in opera di tubazioni gas di citt\u00e0 (metano) ove assenti. Possibilit\u00e0 di raccolta firme proprio per sollecitare anche la societ\u00e0 erogatrice gas (Italgas?) a provvedere all\u2019installazione e messa in opera. Ci\u00f2 \u00e8 di fondamentale necessit\u00e0 per la cittadinanza.\u201d<br \/>\n*****<br \/>\nGli ho spiegato che \u201cde minimis\u201d le cambiali Scullino le aveva girate con delega in bianco ai suoi assessori, sorvegliati da un city manager, e che avevano a disposizione un budget adeguato e ottimi tecnici dell\u2019apparato comunale.<br \/>\nQuanto al resto, acqua e gas, gli ho aggiunto che coi privati nei due A.T.O. provinciali pubblici, Ventimiglia \u201ccommissariata\u201d se lo sogna e in futuro \u00e8 destinata a vivere prona e genuflessa a 90 gradi.<br \/>\nE ho concluso che Scullino si \u00e8 ribellato e ci ha lasciato le piume.<\/p>\n<p>Bruno Giri<\/p>\n\t<div class=\"quickshare-container\">\r\n\t<ul class=\"quickshare-text qs-genericons quickshare-small\">\r\n\t\t<li class=\"quickshare-share\">Condividi :<\/li> \r\n\t\t<li><a href=\"https:\/\/facebook.com\/sharer.php?u=https%3A%2F%2Fwww.ventimigliablog.it%2Fblog%2Fquando-si-scherza-con-lacqua-e-col-gas%2F&amp;t=Quando+si+scherza+con+l%26%238217%3Bacqua+e+col+gas+<+Ventimigliablog\" target=\"_blank\" title=\"Share on Facebook\"><span class=\"quickshare-facebook\">Facebook<\/span><\/a><\/li>\t\t<li><a href=\"https:\/\/twitter.com\/intent\/tweet?url=https%3A%2F%2Fwww.ventimigliablog.it%2Fblog%2Fquando-si-scherza-con-lacqua-e-col-gas%2F&amp;text=Quando+si+scherza+con+l%26%238217%3Bacqua+e+col+gas+<+Ventimigliablog\" target=\"_blank\" title=\"Share on Twitter\"><span class=\"quickshare-twitter\">Twitter<\/span><\/a><\/li>\t\t\t\t\t\t<li><a href=\"https:\/\/plus.google.com\/share?url=https%3A%2F%2Fwww.ventimigliablog.it%2Fblog%2Fquando-si-scherza-con-lacqua-e-col-gas%2F\" target=\"_blank\" title=\"Share on Google+\"><span class=\"quickshare-googleplus\">Google+<\/span><\/a><\/li>\t\t\t\t\t\t\t\t<li><a href=\"mailto:?subject=Ventimigliablog:+Quando+si+scherza+con+l%26%238217%3Bacqua+e+col+gas&amp;body=https%3A%2F%2Fwww.ventimigliablog.it%2Fblog%2Fquando-si-scherza-con-lacqua-e-col-gas%2F\" target=\"_blank\" title=\"Share via Email\"><span class=\"quickshare-email\">Email<\/span><\/a><\/li>\t<\/ul>\r\n\t<\/div>\r\n","protected":false},"excerpt":{"rendered":"<p>Un \u201cpolitico\u201d di terza fascia ieri mattina mi chiedeva perch\u00e9 non mi faccio i cazzi miei invece di interessarmi degli A.T.O., acronimo di Ambito Territoriale Ottimale, dell\u2019acqua e del gas. Credevo fosse un \u201cavvertimento\u201d e invece era curiosit\u00e0 allo stato &hellip; <a href=\"https:\/\/www.ventimigliablog.it\/blog\/quando-si-scherza-con-lacqua-e-col-gas\/\">Continua a leggere<span class=\"meta-nav\">&rarr;<\/span><\/a><\/p>\n","protected":false},"author":9,"featured_media":0,"comment_status":"open","ping_status":"closed","sticky":true,"template":"","format":"standard","meta":{"ngg_post_thumbnail":0,"footnotes":""},"categories":[1],"tags":[],"_links":{"self":[{"href":"https:\/\/www.ventimigliablog.it\/blog\/wp-json\/wp\/v2\/posts\/7086"}],"collection":[{"href":"https:\/\/www.ventimigliablog.it\/blog\/wp-json\/wp\/v2\/posts"}],"about":[{"href":"https:\/\/www.ventimigliablog.it\/blog\/wp-json\/wp\/v2\/types\/post"}],"author":[{"embeddable":true,"href":"https:\/\/www.ventimigliablog.it\/blog\/wp-json\/wp\/v2\/users\/9"}],"replies":[{"embeddable":true,"href":"https:\/\/www.ventimigliablog.it\/blog\/wp-json\/wp\/v2\/comments?post=7086"}],"version-history":[{"count":1,"href":"https:\/\/www.ventimigliablog.it\/blog\/wp-json\/wp\/v2\/posts\/7086\/revisions"}],"predecessor-version":[{"id":7088,"href":"https:\/\/www.ventimigliablog.it\/blog\/wp-json\/wp\/v2\/posts\/7086\/revisions\/7088"}],"wp:attachment":[{"href":"https:\/\/www.ventimigliablog.it\/blog\/wp-json\/wp\/v2\/media?parent=7086"}],"wp:term":[{"taxonomy":"category","embeddable":true,"href":"https:\/\/www.ventimigliablog.it\/blog\/wp-json\/wp\/v2\/categories?post=7086"},{"taxonomy":"post_tag","embeddable":true,"href":"https:\/\/www.ventimigliablog.it\/blog\/wp-json\/wp\/v2\/tags?post=7086"}],"curies":[{"name":"wp","href":"https:\/\/api.w.org\/{rel}","templated":true}]}}