{"id":7100,"date":"2022-11-30T16:27:35","date_gmt":"2022-11-30T15:27:35","guid":{"rendered":"http:\/\/www.ventimigliablog.it\/blog\/?p=7100"},"modified":"2022-11-30T16:28:32","modified_gmt":"2022-11-30T15:28:32","slug":"traditore","status":"publish","type":"post","link":"https:\/\/www.ventimigliablog.it\/blog\/traditore\/","title":{"rendered":"&#8220;TRADITORE&#8221;"},"content":{"rendered":"<p><img loading=\"lazy\" decoding=\"async\" class=\"alignnone wp-image-7101\" src=\"http:\/\/www.ventimigliablog.it\/blog\/wp-content\/uploads\/2022\/11\/MM.jpeg\" alt=\"\" width=\"375\" height=\"375\" srcset=\"https:\/\/www.ventimigliablog.it\/blog\/wp-content\/uploads\/2022\/11\/MM.jpeg 1900w, https:\/\/www.ventimigliablog.it\/blog\/wp-content\/uploads\/2022\/11\/MM-300x300.jpeg 300w, https:\/\/www.ventimigliablog.it\/blog\/wp-content\/uploads\/2022\/11\/MM-1024x1024.jpeg 1024w, https:\/\/www.ventimigliablog.it\/blog\/wp-content\/uploads\/2022\/11\/MM-150x150.jpeg 150w, https:\/\/www.ventimigliablog.it\/blog\/wp-content\/uploads\/2022\/11\/MM-768x768.jpeg 768w, https:\/\/www.ventimigliablog.it\/blog\/wp-content\/uploads\/2022\/11\/MM-1536x1536.jpeg 1536w\" sizes=\"(max-width: 375px) 100vw, 375px\" \/><\/p>\n<p>&#8220;TRADITORE&#8221;<br \/>\nDevo dire che i tra vari epiteti che mi sono stati rivolti nella mia esperienza \u201cpolitica\u201d questo mi mancava.<br \/>\nIntendiamoci io non desidero fare carriera nella politica, n\u00e9 tanto meno assurgere a cariche, ho gi\u00e0 molto da fare con altro.<br \/>\nCerto la domanda viene spontanea: perch\u00e9 lo fai allora? Perch\u00e9 semplicemente ritengo che sia un dovere di partecipare e tentare di migliorare qualcosa con le capacit\u00e0 che abbiamo.<br \/>\nLamentarsi, protestare e non essere partecipi non serve a nulla.<br \/>\nMa andiamo con ordine, cominciamo con il primo \u201ccomplimento\u201d rivoltomi alla prima esperienza di consigliere comunale: \u201cCOLLABORAZIONISTA\u201d solo perch\u00e9 ritengo e ritenevo che fare opposizione non vuol dire essere contro per partito preso.<br \/>\nSecondo complimento: \u201cONDIVAGO, non sa da che parte stare\u201d, \u00e8 vero non sto\u2019 da nessuna parte se non con la mia coscienza.<br \/>\nTerzo complimento: \u201cSERVO IDIOTA\u201d cio\u00e8 colui che non capisce nulla ed \u00e8 utile per i disegni del padrone.<br \/>\nSull\u2019essere \u201cIDIOTA\u201d posso anche concordare ma sul \u201cSERVO\u201d? non ho mai ricevuto o volute ricompense di nessun genere, n\u00e9 chiesto favori in cambio del mio mettermi a disposizione.<br \/>\nQuarto complimento: \u201cFEDELISSIMO\u201d, chiaramente data la mia et\u00e0 non si poteva usare l\u2019appellativo \u201cTANOBOYS\u201d per classificarmi. Tanto per chiarire, l\u2019unica persona a cui sono fedele \u00e8 mia moglie e alla mia coscienza. Sono stato critico quando era il caso e continuer\u00f2 ad esserlo, la partigianeria non mi appartiene.<br \/>\nLa lista potrebbe andare avanti, ma passiamo all\u2019ultima novit\u00e0: \u201cTRADITORE\u201d.<br \/>\nQuesta mi mancava e chiss\u00e0 quale sar\u00e0 il prossimo.<br \/>\n\u201cTRADITORE\u201d di chi e di che cosa? Forse perch\u00e9 quando un progetto non mi convince non voglio esserne parte?<br \/>\n\u201cTRADITORE\u201d di chi e di che cosa? Forse perch\u00e9 rivendico la mia autonomia di pensiero, sbagliato che sia?<br \/>\n\u201cTRADITORE\u201d di chi e di che cosa? Adesso aspetto la prossima etichetta.<br \/>\nMauro Merlenghi<\/p>\n\t<div class=\"quickshare-container\">\r\n\t<ul class=\"quickshare-text qs-genericons quickshare-small\">\r\n\t\t<li class=\"quickshare-share\">Condividi :<\/li> \r\n\t\t<li><a href=\"https:\/\/facebook.com\/sharer.php?u=https%3A%2F%2Fwww.ventimigliablog.it%2Fblog%2Ftraditore%2F&amp;t=%26%238220%3BTRADITORE%26%238221%3B+<+Ventimigliablog\" target=\"_blank\" title=\"Share on Facebook\"><span class=\"quickshare-facebook\">Facebook<\/span><\/a><\/li>\t\t<li><a href=\"https:\/\/twitter.com\/intent\/tweet?url=https%3A%2F%2Fwww.ventimigliablog.it%2Fblog%2Ftraditore%2F&amp;text=%26%238220%3BTRADITORE%26%238221%3B+<+Ventimigliablog\" target=\"_blank\" title=\"Share on Twitter\"><span class=\"quickshare-twitter\">Twitter<\/span><\/a><\/li>\t\t\t\t\t\t<li><a href=\"https:\/\/plus.google.com\/share?url=https%3A%2F%2Fwww.ventimigliablog.it%2Fblog%2Ftraditore%2F\" target=\"_blank\" title=\"Share on Google+\"><span class=\"quickshare-googleplus\">Google+<\/span><\/a><\/li>\t\t\t\t\t\t\t\t<li><a href=\"mailto:?subject=Ventimigliablog:+%26%238220%3BTRADITORE%26%238221%3B&amp;body=https%3A%2F%2Fwww.ventimigliablog.it%2Fblog%2Ftraditore%2F\" target=\"_blank\" title=\"Share via Email\"><span class=\"quickshare-email\">Email<\/span><\/a><\/li>\t<\/ul>\r\n\t<\/div>\r\n","protected":false},"excerpt":{"rendered":"<p>&#8220;TRADITORE&#8221; Devo dire che i tra vari epiteti che mi sono stati rivolti nella mia esperienza \u201cpolitica\u201d questo mi mancava. Intendiamoci io non desidero fare carriera nella politica, n\u00e9 tanto meno assurgere a cariche, ho gi\u00e0 molto da fare con &hellip; <a href=\"https:\/\/www.ventimigliablog.it\/blog\/traditore\/\">Continua a leggere<span class=\"meta-nav\">&rarr;<\/span><\/a><\/p>\n","protected":false},"author":9,"featured_media":0,"comment_status":"open","ping_status":"closed","sticky":true,"template":"","format":"standard","meta":{"ngg_post_thumbnail":0,"footnotes":""},"categories":[1],"tags":[],"_links":{"self":[{"href":"https:\/\/www.ventimigliablog.it\/blog\/wp-json\/wp\/v2\/posts\/7100"}],"collection":[{"href":"https:\/\/www.ventimigliablog.it\/blog\/wp-json\/wp\/v2\/posts"}],"about":[{"href":"https:\/\/www.ventimigliablog.it\/blog\/wp-json\/wp\/v2\/types\/post"}],"author":[{"embeddable":true,"href":"https:\/\/www.ventimigliablog.it\/blog\/wp-json\/wp\/v2\/users\/9"}],"replies":[{"embeddable":true,"href":"https:\/\/www.ventimigliablog.it\/blog\/wp-json\/wp\/v2\/comments?post=7100"}],"version-history":[{"count":2,"href":"https:\/\/www.ventimigliablog.it\/blog\/wp-json\/wp\/v2\/posts\/7100\/revisions"}],"predecessor-version":[{"id":7103,"href":"https:\/\/www.ventimigliablog.it\/blog\/wp-json\/wp\/v2\/posts\/7100\/revisions\/7103"}],"wp:attachment":[{"href":"https:\/\/www.ventimigliablog.it\/blog\/wp-json\/wp\/v2\/media?parent=7100"}],"wp:term":[{"taxonomy":"category","embeddable":true,"href":"https:\/\/www.ventimigliablog.it\/blog\/wp-json\/wp\/v2\/categories?post=7100"},{"taxonomy":"post_tag","embeddable":true,"href":"https:\/\/www.ventimigliablog.it\/blog\/wp-json\/wp\/v2\/tags?post=7100"}],"curies":[{"name":"wp","href":"https:\/\/api.w.org\/{rel}","templated":true}]}}