{"id":7104,"date":"2022-12-02T09:37:43","date_gmt":"2022-12-02T08:37:43","guid":{"rendered":"http:\/\/www.ventimigliablog.it\/blog\/?p=7104"},"modified":"2022-12-02T09:37:43","modified_gmt":"2022-12-02T08:37:43","slug":"radici-e-sopravvivenza","status":"publish","type":"post","link":"https:\/\/www.ventimigliablog.it\/blog\/radici-e-sopravvivenza\/","title":{"rendered":"Radici e sopravvivenza &#8230;"},"content":{"rendered":"<p><img loading=\"lazy\" decoding=\"async\" class=\"alignnone size-full wp-image-7105\" src=\"http:\/\/www.ventimigliablog.it\/blog\/wp-content\/uploads\/2022\/12\/giri.jpeg\" alt=\"\" width=\"688\" height=\"386\" srcset=\"https:\/\/www.ventimigliablog.it\/blog\/wp-content\/uploads\/2022\/12\/giri.jpeg 688w, https:\/\/www.ventimigliablog.it\/blog\/wp-content\/uploads\/2022\/12\/giri-300x168.jpeg 300w, https:\/\/www.ventimigliablog.it\/blog\/wp-content\/uploads\/2022\/12\/giri-500x281.jpeg 500w\" sizes=\"(max-width: 688px) 100vw, 688px\" \/><\/p>\n<p>Ci sono vari modi di presentarsi a un appuntamento, puntuali o in ritardo, con buone o con cattive intenzioni, armati o disarmati, con una sorpresa oppure a mani vuote.<br \/>\nOggi, e non soltanto a Ventimiglia, butter\u00f2 gi\u00f9 qualche estemporanea considerazione sui Programmi depositati nella primavera 2019, quattro anni \u201cprima\u201d.<br \/>\nLo far\u00f2 con l\u2019intenzione di sorprendere chi si appassiona al tema dell\u2019appuntamento elettorale di quattro anni \u201cdopo\u201d, nel 2023.<\/p>\n<p>*****<\/p>\n<p>Leggendoli, indistintamente quelli di tutti i candidati-sindaco, la mia impressione \u00e8 stata che a averli scritti siano persone che: 1\u00b0 \u201cIntanto non lo legge nessuno\u201d; 2\u00b0 \u201cIntanto il 90 % del 2 % che lo legge si ferma alle prime righe e se prosegue non lo capisce.\u201d; 3\u00b0 \u201cComunque l\u2019altro 98 % vuol sentirsi preso dolcemente per mano e accompagnato in sogno nel Paese delle Meraviglie.\u201d<br \/>\nUn altro al mio posto, meno gentile, parlerebbe di polverine miracolose, di filtri magici e di unguenti prodigiosi mostrati al popolino da impostori e ciarlatani che vendono fumo, ma io evito asprezze di linguaggio.<br \/>\nLa ricetta di questi apprendisti stregoni con la bacchetta magica \u00e8 quella del fornaio in streaming che parla con la farina e le dice: \u201cDevi trasformarti in pagnotte dorate, fragranti e profumate!\u201d.<br \/>\nInvece dovrebbe spiegare a chi lo guarda sul video come lui controllerebbe la temperatura della pasta madre dopo l\u2019ultimo rinfresco, come la aggiungerebbe alla farina per poi passare all\u2019impasto, alla lievitazione, allo staglio e alla formatura e infine alla cottura.<br \/>\nSempre secondo la metafora, sono tutte cose che si imparano di notte, con l\u2019esperienza, infarinandosi, e non nei dopocena tra pochi intimi davanti a fornai che se ne intendono perch\u00e8 hanno letto il \u201cManuale del Perfetto Panificatore\u201d.<\/p>\n<p>*****<\/p>\n<p>Sbagliano verticalmente perch\u00e9 confondono il programma politico con quello amministrativo e sbagliano orizzontalmente perch\u00e9 confondono la realt\u00e0 con il miraggio.<br \/>\nTano nella primavera 2019, dopo anni di tribolazioni giudiziarie, rientrava in campo alla testa di una squadra che in concomitanza con le Elezioni europee combatteva anche una battaglia politica parallela e altrettanto accadeva per il sindaco PD uscente, e posso capire entrambi, soprattutto le sbrodolature liriche del programma del centro-destra a guida civica.<br \/>\nMa quattro anni dopo, no, non sono pi\u00f9 accettabili.<br \/>\nNon lo dico per gli elettori ma per i Partiti politici a livello provinciale e regionale che devono smetterla di fare come gli aruspici ciceroniani che non potevano incontrarsi per strada senza mettersi a ridere.<br \/>\nE\u2019 da apprezzare in questo il Partito della Meloni, trionfatore in Liguria con l\u2019elezione del senatore Berrino, quando a livello provinciale mette le mani avanti e fa presente agli altri tre compari che l\u2019intesa di coalizione sul programma amministrativo \u00e8 pregiudiziale rispetto a ogni altro argomento.<\/p>\n<p>*****<\/p>\n<p>E vengo alle considerazioni estemporanee: la prima \u00e8 un sillogismo sul passato di Ventimiglia tra le nebbie di un \u201cProgramma Pubblicitario &amp; Promozionale\u201d.<br \/>\nPremessa maggiore: i Programmi amministrativi dei Comuni sono le matrioske pi\u00f9 grandi che dettano gli indirizzi generali alle matrioske intermedie che li metabolizzano e a loro volta li traducono e interpretano alle matrioske terminali, che sono i dirigenti apicali, titolari della responsabilit\u00e0 di gestione, i quali li eseguono materialmente.<br \/>\nPremessa minore: a Ventimiglia nella nebbia fitta negli ultimi tre anni la matrioska maggiore non era il Consiglio comunale ma la sede della Lega e i dehors dei bar del centro, gli indirizzi generali erano la metaforica lista leghista della spesa elettorale e la matrioska intermedia, la Giunta Scullino, la serva padrona che ogni tanto faceva di testa sua e spesso con qualche piccola cresta sul conto.<br \/>\nConclusione: qualcosa \u00e8 andato storto.<\/p>\n<p>*****<\/p>\n<p>La seconda considerazione estemporanea riguarda gli indirizzi generali che oggi prima a livello provinciale e poi, a scendere, ai vari livelli cittadini, (a me interessa Ventimiglia) dovrebbero essere sottoscritti dai quattro Partiti del \u201cCentrodestra unito\u201d.<br \/>\nL\u2019area vasta dell\u2019Imperiese sta vivendo un doloroso travaglio ignorato dalla miopia campanilistica e dallo strabismo \u201cSanremo-Imperia\u201d.<br \/>\nIl rischio aborto \u00e8 altissimo e riguarda un lungo elenco di servizi pubblici \u201cessenziali\u201d svolti a quel livello di economia di scala: cito per prima l\u2019acqua \u201cpubblica\u201d a rischio di cadere sotto l\u2019attacco della speculazione \u201cprivata\u201d che sfrutta le difficolt\u00e0 di bilancio di \u201cRivieracqua\u201d.<br \/>\nMa cito anche l\u2019\u201cAmbito Territoriale Minimo\u201d della distribuzione del gas naturale, dove quello Imperiese \u00e8 uno dei 177 previsti per legge del 2011 e ancora dormiente.<br \/>\nMa cito anche il trasporto pubblico locale e la lungodegenza di \u201cRiviera Trasporti\u201d tenuto in terapia intensiva per salvaguardare 300 posti di lavoro, tagliando linee, riducendo orari, vendendo bus a idrogeno e immobili, e presto anche l\u2019argenteria di casa, con impacchi su una gamba di legno.<br \/>\nIl duello rusticano tra Sanremo e Imperia sul \u201cCentro Nascite\u201d \u00e8 solo il trailer del film di fantasanit\u00e0 \u201cOspedale Unico\u201d.<br \/>\nSenza dimenticare le incompiute, dall\u2019\u201cAurelia bis\u201d che trentotto anni fa ho tenuto a battesimo a Taggia come \u201cCapo di una cupola mafiosa\u201d secondo la Toga Rossa adesso membro del CSM, per arrivare alla pista ciclabile della defunta Area24, e via elencando su un\u2019area vasta imperiese dove i sindaci non devono metterci il becco, altrimenti li mandiamo a casa.<\/p>\n<p>*****<\/p>\n<p>La terza considerazione riguarda Ventimiglia e qui devo far tacere il democristiano che vive in me e far parlare la mia anima profonda, operaia e contadina, ereditata dai genitori, dai nonni, dai bisnonni e di loro antenati fin dalle origini dell\u2019Antropocene.<br \/>\nMa il discorso diventa troppo lungo.<br \/>\n\u00c8 la libera estensione e l\u2019audace prolungamento della neurobiologia vegetale del professore Stefano Mancuso e lo rinvio per un\u2019altra volta quando mi sentir\u00f2 ispirato.<br \/>\nPer ora mi limito a copiare e incollare la base delle riflessioni di questo immenso scienziato italiano dalle quali partiranno i miei arzigogoli su Ventimiglia (**Le maiuscole sono mie): \u201cSiamo abituati a pensare che l\u2019intelligenza sia esclusivamente un prodotto del cervello, invece l\u2019intelligenza \u00e8 nella la capacit\u00e0 di RISOLVERE I PROBLEMI e le piante la possiedono pur essendo organismi sessili, ossia radicati e privi della possibilit\u00e0 di spostarsi per nutrirsi e sfuggire ai predatori, possibilit\u00e0 invece conferita al regno animale i cui componenti possono far fronte ai pericoli e alle necessit\u00e0 fisiologiche con lo spostamento. Al contrario le piante, vincolate dalla loro immobilit\u00e0, hanno dovuto trovare strategie per RISOLVERE I PROBLEMI, sviluppando un corpo privo di organi, dove tutte le funzioni si diffondono nell\u2019intera struttura della pianta. Le piante si nutrono, respirano, comunicano, vedono e memorizzano con tutto l\u2019organismo, permettendo la sopravvivenza anche in casi estremi, basti pensare che una pianta sopravvive anche se il 90% del suo corpo viene asportato, impensabile se riportato sul corpo animale, dove singoli organi svolgono funzioni precise con grande efficienza, ma anche dove la COMPROMISSIONE DI UN SINGOLO ORGANO pu\u00f2 far collassare l\u2019intero organismo.\u201d<br \/>\nCome \u00e8 successo a Ventimiglia il 23 giugno scorso con la compromissione dell\u2019Esecutivo e con l\u2019immobilit\u00e0 di un commissario sessile cha ha le radici nell\u2019ordinaria amministrazione, con le mani legate e gli occhi bendati.<br \/>\nBruno Giri<\/p>\n\t<div class=\"quickshare-container\">\r\n\t<ul class=\"quickshare-text qs-genericons quickshare-small\">\r\n\t\t<li class=\"quickshare-share\">Condividi :<\/li> \r\n\t\t<li><a href=\"https:\/\/facebook.com\/sharer.php?u=https%3A%2F%2Fwww.ventimigliablog.it%2Fblog%2Fradici-e-sopravvivenza%2F&amp;t=Radici+e+sopravvivenza+%26%238230%3B+<+Ventimigliablog\" target=\"_blank\" title=\"Share on Facebook\"><span class=\"quickshare-facebook\">Facebook<\/span><\/a><\/li>\t\t<li><a href=\"https:\/\/twitter.com\/intent\/tweet?url=https%3A%2F%2Fwww.ventimigliablog.it%2Fblog%2Fradici-e-sopravvivenza%2F&amp;text=Radici+e+sopravvivenza+%26%238230%3B+<+Ventimigliablog\" target=\"_blank\" title=\"Share on Twitter\"><span class=\"quickshare-twitter\">Twitter<\/span><\/a><\/li>\t\t\t\t\t\t<li><a href=\"https:\/\/plus.google.com\/share?url=https%3A%2F%2Fwww.ventimigliablog.it%2Fblog%2Fradici-e-sopravvivenza%2F\" target=\"_blank\" title=\"Share on Google+\"><span class=\"quickshare-googleplus\">Google+<\/span><\/a><\/li>\t\t\t\t\t\t\t\t<li><a href=\"mailto:?subject=Ventimigliablog:+Radici+e+sopravvivenza+%26%238230%3B&amp;body=https%3A%2F%2Fwww.ventimigliablog.it%2Fblog%2Fradici-e-sopravvivenza%2F\" target=\"_blank\" title=\"Share via Email\"><span class=\"quickshare-email\">Email<\/span><\/a><\/li>\t<\/ul>\r\n\t<\/div>\r\n","protected":false},"excerpt":{"rendered":"<p>Ci sono vari modi di presentarsi a un appuntamento, puntuali o in ritardo, con buone o con cattive intenzioni, armati o disarmati, con una sorpresa oppure a mani vuote. Oggi, e non soltanto a Ventimiglia, butter\u00f2 gi\u00f9 qualche estemporanea considerazione &hellip; <a href=\"https:\/\/www.ventimigliablog.it\/blog\/radici-e-sopravvivenza\/\">Continua a leggere<span class=\"meta-nav\">&rarr;<\/span><\/a><\/p>\n","protected":false},"author":9,"featured_media":0,"comment_status":"open","ping_status":"closed","sticky":true,"template":"","format":"standard","meta":{"ngg_post_thumbnail":0,"footnotes":""},"categories":[1],"tags":[],"_links":{"self":[{"href":"https:\/\/www.ventimigliablog.it\/blog\/wp-json\/wp\/v2\/posts\/7104"}],"collection":[{"href":"https:\/\/www.ventimigliablog.it\/blog\/wp-json\/wp\/v2\/posts"}],"about":[{"href":"https:\/\/www.ventimigliablog.it\/blog\/wp-json\/wp\/v2\/types\/post"}],"author":[{"embeddable":true,"href":"https:\/\/www.ventimigliablog.it\/blog\/wp-json\/wp\/v2\/users\/9"}],"replies":[{"embeddable":true,"href":"https:\/\/www.ventimigliablog.it\/blog\/wp-json\/wp\/v2\/comments?post=7104"}],"version-history":[{"count":1,"href":"https:\/\/www.ventimigliablog.it\/blog\/wp-json\/wp\/v2\/posts\/7104\/revisions"}],"predecessor-version":[{"id":7106,"href":"https:\/\/www.ventimigliablog.it\/blog\/wp-json\/wp\/v2\/posts\/7104\/revisions\/7106"}],"wp:attachment":[{"href":"https:\/\/www.ventimigliablog.it\/blog\/wp-json\/wp\/v2\/media?parent=7104"}],"wp:term":[{"taxonomy":"category","embeddable":true,"href":"https:\/\/www.ventimigliablog.it\/blog\/wp-json\/wp\/v2\/categories?post=7104"},{"taxonomy":"post_tag","embeddable":true,"href":"https:\/\/www.ventimigliablog.it\/blog\/wp-json\/wp\/v2\/tags?post=7104"}],"curies":[{"name":"wp","href":"https:\/\/api.w.org\/{rel}","templated":true}]}}