{"id":7107,"date":"2022-12-05T09:40:42","date_gmt":"2022-12-05T08:40:42","guid":{"rendered":"http:\/\/www.ventimigliablog.it\/blog\/?p=7107"},"modified":"2022-12-05T09:40:42","modified_gmt":"2022-12-05T08:40:42","slug":"raccogliendo-i-pensieri","status":"publish","type":"post","link":"https:\/\/www.ventimigliablog.it\/blog\/raccogliendo-i-pensieri\/","title":{"rendered":"Raccogliendo i pensieri &#8230;"},"content":{"rendered":"<p><img loading=\"lazy\" decoding=\"async\" class=\"alignnone size-full wp-image-7109\" src=\"http:\/\/www.ventimigliablog.it\/blog\/wp-content\/uploads\/2022\/12\/giri-1.jpeg\" alt=\"\" width=\"1309\" height=\"849\" srcset=\"https:\/\/www.ventimigliablog.it\/blog\/wp-content\/uploads\/2022\/12\/giri-1.jpeg 1309w, https:\/\/www.ventimigliablog.it\/blog\/wp-content\/uploads\/2022\/12\/giri-1-300x195.jpeg 300w, https:\/\/www.ventimigliablog.it\/blog\/wp-content\/uploads\/2022\/12\/giri-1-1024x664.jpeg 1024w, https:\/\/www.ventimigliablog.it\/blog\/wp-content\/uploads\/2022\/12\/giri-1-768x498.jpeg 768w, https:\/\/www.ventimigliablog.it\/blog\/wp-content\/uploads\/2022\/12\/giri-1-463x300.jpeg 463w\" sizes=\"(max-width: 1309px) 100vw, 1309px\" \/>A Gigliola Bassoli Coppo, Amica carissima di una mia precedente vita, spesa con lei in piazza Bresca, sede del Comitato comunale DC di Sanremo ai tempi del professor Enzio Specogna, ieri mattina le aprivo gli occhi sui Partiti come li abbiamo conosciuti noi due, da galoppini, a attaccare manifesti, a distribuire santini in via Vittorio e a metterli nelle buche delle lettere.<br \/>\n\u201cI Partiti strutturati non esistono pi\u00f9 da molti anni. Restano le loro ombre elettorali. Gigliola, tu stai parlando di ombre che si intitolano rappresentanze territoriali che non vanno al di l\u00e0 di piccole consorterie insignificanti.\u201d<br \/>\nCon questo \u201cIncipit\u201d mattutino prendo penna e calamaio per scrivere in bella calligrafia le mie prime impressioni su un \u201cProgramma Politico Elettorale 2023\u201d dell\u2019Imperiese, ispirate al pensiero del neurobiologo vegetale Stefano Mancuso.<br \/>\n*****<br \/>\nL\u2019alternativa al fatale declino di questa estrema periferia dell\u2019impero politico romano e del suo proconsolato genovese \u00e8 arrestarlo, imitando l\u2019intelligenza delle piante.<br \/>\nUn regno vegetale che all\u2019arrivo della vita sul nostro pianeta pur essendo immobile sul territorio ha risolto ogni problema di sopravvivenza fino a raggiungere il 99,7 % della massa vivente lasciando al regno animale il misero 0,3 % rimanente.<br \/>\n*****<br \/>\nOggigiorno la legge ha ingessato l\u2019attivit\u00e0 amministrativa pubblica in schemi rigidi, moduli obbligatori e rituali vincolanti, lo fa a cascata dal vertice alla base e l\u2019Indiana Jones intemelio alla ricerca del Tesoro Perduto che a Ventimiglia porta a casa un forziere di 20 milioni di euro \u00e8 solo un patetico illusionista.<br \/>\nOggigiorno la finanza comunitaria ha imbalsamato l\u2019economia privata e chiuso i capillari delle banche che una volta guardavano al territorio e lo ossigenavano e che adesso fanno gli equilibristi nel Circo Orfei di Bankitalia e dell\u2019Euro.<br \/>\nOggigiorno la politica \u00e8 ingabbiata e da Ventimiglia a salire fino ai Palazzi romani tutto viaggia dentro un ascensore \u201cfelliniano\u201d che, quando torna in basso, si ferma ai vari piani e fa scendere statisti, condottieri, economisti e personaggi innamorati pazzi di quel pianerottolo.<br \/>\n*****<br \/>\n\u00c8 il modello gerarchico verticale del regno animale al quale noi umani apparteniamo.<br \/>\nModello antitetico a quello diffuso e orizzontale del regno vegetale per il quale \u201cin qualunque gruppo naturale le decisioni prese dal gruppo sono sempre migliori che quelle prese dal migliore del gruppo.\u201d<br \/>\nSul piano amministrativo \u00e8 impossibile saltare fuori dall\u2019acquario nel quale nuotiamo e abbandonare il Moloch verticistico-dirigistico legale e finanziario che rappresenta l\u2019acqua, me ne rendo conto benissimo.<br \/>\nFa parte del nostro genoma liberal-democratico e guai a toccarlo!<br \/>\nI grillini hanno provato a farlo riesumando Rousseau e se ne sono pentiti.<br \/>\nPer\u00f2 in noi sono presenti proteine che per via epigenetica possono influenzare efficacemente l\u2019espressione dei geni e restituire margini di libert\u00e0, di equit\u00e0 e di efficienza al sistema.<br \/>\nProporle dovrebbe essere compito di un serio \u201cProgramma Politico Elettorale 2023\u201d dell\u2019Imperiese.<br \/>\n*****<\/p>\n<p>Basta astruserie, passiamo a cose concrete.<br \/>\nLa mia non \u00e8 un novit\u00e0 sconvolgente, in tutti i campi del regno animale sono sempre pi\u00f9 frequenti i casi di modelli non gerarchici e distribuiti che copiano il modello vegetale e che danno eccellenti risultati.<br \/>\nUno per tutti in campo tecnologico \u00e8 internet e Wikipedia in quello della divulgazione scientifica.<br \/>\nAnche a casa nostra ne abbiamo, non soltanto in Cina, per esempio in Emilia Romagna dove per tenere sotto controllo il consenso politico si sono costruite per legge regionale reti orizzontali e diffuse di sensori sociali che come l\u2019apice radicale delle piante sono in grado di rilevare e trasmettere parametri in tempo reale.<br \/>\nOggigiorno, non a caso, con tutti i maitre-\u00e0-penser che affollano il PD, i candidati alla Segreteria sono il presidente e la vice-presidente di quella Regione per estendere a livello nazionale quel modello arruolando masse di utili idioti diffusi sul territorio.<br \/>\n*****<br \/>\nNoi qui, in questo lembo estremo d\u2019Italia, con un Centrodestra Unito straripante partiremmo da zero come laboratorio politico che per\u00f2 potrebbe essere un modello da imitare su scenari pi\u00f9 ampi.<br \/>\nSi tratta di ribaltare la politica \u201cantropocentrica\u201d dove l\u2019uomo risolve i problemi di un regno vegetale senz\u2019anima e di sostituirla con una politica \u201cvegetale\u201d, orizzontale, diffusa, non gerarchica e senza cervello o altri organi dedicati, che \u00e8 in grado di risolvere i problemi del regno animale.<br \/>\nUn esempio per tutti aiuter\u00e0 a capirci.<br \/>\n*****<br \/>\nPrendiamo la passerella Squarciafichi da ricostruire a Ventimiglia: per la politica antropocentrica la priorit\u00e0 \u00e8 assoluta perch\u00e8 serve all\u2019uomo, residente e turista, per attraversare il fiume e raggiungere il Porto degli Scoglietti.<br \/>\nPer la politica \u201cvegetale\u201d invece la priorit\u00e0 \u00e8 relativa perch\u00e9 il \u201cproblem solving\u201d non \u00e8 quello ma l\u2019equilibrio idraulico e idrogeologico irrisolto dell\u2019alveo e degli argini che ha contribuito alla distruzione del manufatto artificiale.<br \/>\nIl modello \u201canimale\u201d, prima della distruzione, aveva proposto al Moloch amministrativo ingessato la soluzione verticistica del Piano di Bacino ponendo al primo posto il problema della demolizione e ricostruzione della passerella e del ripristino dell\u2019equilibrio idraulico e idrogelogico compromesso.<br \/>\nQualcosa \u00e8 andato storto e la passerella \u00e8 stata travolta dalla piena.<br \/>\nLo stesso modello \u201canimale\u201d, dopo la distruzione, ha riproposto l\u2019identica priorit\u00e0 assoluta e anche in questo caso qualcosa \u00e8 andato storto.<br \/>\nCol modello \u201cvegetale\u201d invece il Moloch viene depurato dalle priorit\u00e0 di Partito, di Interesse, di Personaggio, di Immagine e di Zona, tutte cose \u201cantropocentriche\u201d, il problema da risolvere non \u00e8 dell\u2019uomo ma del fiume Roya, la politica lo recepisce alla radice dai suoi sensori sinaptici e provvede.<br \/>\n*****<br \/>\nConclusione sul punto n.\u00b01: \u201cAbbandonare in campo amministrativo le miserie del personalismo individuale e di gruppo e ascoltare il territorio. Dico: il territorio da non confondere con chi ci sta sopra. Il territorio ti dice quali sono i veri problemi che la politica deve risolvere e la loro soluzione risolver\u00e0 automaticamente tutti i problemi dell\u2019uomo.\u201d<br \/>\nCome dimostreranno i punti successivi delle mie impressioni eretiche e estemporanee.<br \/>\nBruno Giri<\/p>\n\t<div class=\"quickshare-container\">\r\n\t<ul class=\"quickshare-text qs-genericons quickshare-small\">\r\n\t\t<li class=\"quickshare-share\">Condividi :<\/li> \r\n\t\t<li><a href=\"https:\/\/facebook.com\/sharer.php?u=https%3A%2F%2Fwww.ventimigliablog.it%2Fblog%2Fraccogliendo-i-pensieri%2F&amp;t=Raccogliendo+i+pensieri+%26%238230%3B+<+Ventimigliablog\" target=\"_blank\" title=\"Share on Facebook\"><span class=\"quickshare-facebook\">Facebook<\/span><\/a><\/li>\t\t<li><a href=\"https:\/\/twitter.com\/intent\/tweet?url=https%3A%2F%2Fwww.ventimigliablog.it%2Fblog%2Fraccogliendo-i-pensieri%2F&amp;text=Raccogliendo+i+pensieri+%26%238230%3B+<+Ventimigliablog\" target=\"_blank\" title=\"Share on Twitter\"><span class=\"quickshare-twitter\">Twitter<\/span><\/a><\/li>\t\t\t\t\t\t<li><a href=\"https:\/\/plus.google.com\/share?url=https%3A%2F%2Fwww.ventimigliablog.it%2Fblog%2Fraccogliendo-i-pensieri%2F\" target=\"_blank\" title=\"Share on Google+\"><span class=\"quickshare-googleplus\">Google+<\/span><\/a><\/li>\t\t\t\t\t\t\t\t<li><a href=\"mailto:?subject=Ventimigliablog:+Raccogliendo+i+pensieri+%26%238230%3B&amp;body=https%3A%2F%2Fwww.ventimigliablog.it%2Fblog%2Fraccogliendo-i-pensieri%2F\" target=\"_blank\" title=\"Share via Email\"><span class=\"quickshare-email\">Email<\/span><\/a><\/li>\t<\/ul>\r\n\t<\/div>\r\n","protected":false},"excerpt":{"rendered":"<p>A Gigliola Bassoli Coppo, Amica carissima di una mia precedente vita, spesa con lei in piazza Bresca, sede del Comitato comunale DC di Sanremo ai tempi del professor Enzio Specogna, ieri mattina le aprivo gli occhi sui Partiti come li &hellip; <a href=\"https:\/\/www.ventimigliablog.it\/blog\/raccogliendo-i-pensieri\/\">Continua a leggere<span class=\"meta-nav\">&rarr;<\/span><\/a><\/p>\n","protected":false},"author":9,"featured_media":0,"comment_status":"open","ping_status":"closed","sticky":true,"template":"","format":"standard","meta":{"ngg_post_thumbnail":0,"footnotes":""},"categories":[1],"tags":[],"_links":{"self":[{"href":"https:\/\/www.ventimigliablog.it\/blog\/wp-json\/wp\/v2\/posts\/7107"}],"collection":[{"href":"https:\/\/www.ventimigliablog.it\/blog\/wp-json\/wp\/v2\/posts"}],"about":[{"href":"https:\/\/www.ventimigliablog.it\/blog\/wp-json\/wp\/v2\/types\/post"}],"author":[{"embeddable":true,"href":"https:\/\/www.ventimigliablog.it\/blog\/wp-json\/wp\/v2\/users\/9"}],"replies":[{"embeddable":true,"href":"https:\/\/www.ventimigliablog.it\/blog\/wp-json\/wp\/v2\/comments?post=7107"}],"version-history":[{"count":1,"href":"https:\/\/www.ventimigliablog.it\/blog\/wp-json\/wp\/v2\/posts\/7107\/revisions"}],"predecessor-version":[{"id":7110,"href":"https:\/\/www.ventimigliablog.it\/blog\/wp-json\/wp\/v2\/posts\/7107\/revisions\/7110"}],"wp:attachment":[{"href":"https:\/\/www.ventimigliablog.it\/blog\/wp-json\/wp\/v2\/media?parent=7107"}],"wp:term":[{"taxonomy":"category","embeddable":true,"href":"https:\/\/www.ventimigliablog.it\/blog\/wp-json\/wp\/v2\/categories?post=7107"},{"taxonomy":"post_tag","embeddable":true,"href":"https:\/\/www.ventimigliablog.it\/blog\/wp-json\/wp\/v2\/tags?post=7107"}],"curies":[{"name":"wp","href":"https:\/\/api.w.org\/{rel}","templated":true}]}}