{"id":7121,"date":"2022-12-18T13:21:01","date_gmt":"2022-12-18T12:21:01","guid":{"rendered":"http:\/\/www.ventimigliablog.it\/blog\/?p=7121"},"modified":"2022-12-18T13:21:01","modified_gmt":"2022-12-18T12:21:01","slug":"ventimiglia-ecco-i-risultati-del-sondaggio-politico-se-non-si-candida-scullino-il-piu-papabile-e-guglielmo-guglielmi","status":"publish","type":"post","link":"https:\/\/www.ventimigliablog.it\/blog\/ventimiglia-ecco-i-risultati-del-sondaggio-politico-se-non-si-candida-scullino-il-piu-papabile-e-guglielmo-guglielmi\/","title":{"rendered":"Ventimiglia: ecco i risultati del sondaggio politico, se non si candida Scullino il pi\u00f9 &#8216;papabile&#8217; \u00e8 Guglielmo Guglielmi"},"content":{"rendered":"<div class=\"top-anchor\"><\/div>\n<div id=\"toolbar\" class=\"toolbar-container scrolled\"><\/div>\n<div class=\"container\" dir=\"ltr\" lang=\"it-IT\">\n<div class=\"header reader-header reader-show-element\"><a class=\"domain reader-domain\" href=\"https:\/\/www.sanremonews.it\/2022\/12\/13\/leggi-notizia\/argomenti\/politica-1\/articolo\/ventimiglia-ecco-i-risultati-del-sondaggio-politico-se-non-si-candida-scullino-il-piu-papabile.html\">sanremonews.it<\/a><\/p>\n<div class=\"domain-border\"><\/div>\n<h1 class=\"reader-title\">Ventimiglia: ecco i risultati del sondaggio politico, se non si candida Scullino il pi\u00f9 &#8216;papabile&#8217; \u00e8 Guglielmo Guglielmi<\/h1>\n<div class=\"credits reader-credits\">Carlo Alessi<\/div>\n<div class=\"meta-data\">\n<div class=\"reader-estimated-time\" dir=\"ltr\" data-l10n-id=\"about-reader-estimated-read-time\" data-l10n-args=\"{&quot;range&quot;:&quot;4\u20136&quot;,&quot;rangePlural&quot;:&quot;other&quot;}\">4\u20136 minuti<\/div>\n<\/div>\n<\/div>\n<hr \/>\n<div class=\"content\">\n<div class=\"moz-reader-content reader-show-element\">\n<div id=\"readability-page-1\" class=\"page\">\n<div>\n<p>Nei giorni scorsi sono stati molti i ventimigliesi raggiunti da telefonate per un sondaggio sulle prossime elezioni Amministrative di Ventimiglia. E in molti si sono chiesti chi e per conto di chi era stato promosso.<\/p>\n<p>Per il momento sappiamo solo che \u00e8 stato redatto da \u2018Quorum\u2019, un istituto di ricerca quantitativa e qualitativa che \u00e8 anche un&#8217;agenzia di comunicazione politica e di strategia per campagne elettorali, un&#8217;azienda di formazione.<\/p>\n<p>In vista delle elezioni comunali del 2023, all\u2019interno di un progetto di sondaggi sui comuni che andranno al voto la prossima primavera, \u2018Quorum\u2019 ha svolto a fine novembre un sondaggio (500 casi, telefonico, con un margine d\u2019errore del +\/- 4,4%) a Ventimiglia per testare il polso della situazione politica in citt\u00e0.<\/p>\n<p><img loading=\"lazy\" decoding=\"async\" class=\"moz-reader-block-img\" src=\"https:\/\/www.sanremonews.it\/fileadmin\/archivio\/sanremonews\/Sondaggio_Politico_XX_Dic2022_3.jpg\" alt=\"\" width=\"380\" height=\"290\" \/><\/p>\n<p><b>La prima domanda riguardava la eventuale fiducia nell\u2019ex Sindaco, Gaetano Scullino, e nell\u2019ex Presidente del Consiglio, Andrea Spinosi<\/b>: dalle risposte si evince come i ventimigliesi giudichino positivamente l\u2019ex amministrazione comunale: quasi i due terzi dei ventimigliesi apprezzano il lavoro svolto (62,8%), e questo si riflette anche sulla popolarit\u00e0 dell\u2019ex Sindaco Gaetano Scullino: conosciuto da tutti i ventimigliesi (il 98,1% dichiara di conoscerlo), ha la fiducia di oltre la met\u00e0 di loro (56,8% tra chi lo conosce); solo il Presidente del Consiglio Giorgia Meloni ha un apprezzamento superiore in citt\u00e0 (67,8%), mentre gli altri esponenti politici locali testati nell\u2019indagine (Guglielmi, Sismondini, Bertolucci, Sciandra, Di Muro, Panetta e Mazzola) riscuotono tutti un apprezzamento anche sensibilmente inferiore.<\/p>\n<p><img loading=\"lazy\" decoding=\"async\" class=\"moz-reader-block-img\" src=\"https:\/\/www.sanremonews.it\/fileadmin\/archivio\/sanremonews\/Sondaggio_Politico_XX_Dic2022_5.jpg\" alt=\"\" width=\"380\" height=\"285\" \/><\/p>\n<p><img loading=\"lazy\" decoding=\"async\" class=\"moz-reader-block-img\" src=\"https:\/\/www.sanremonews.it\/fileadmin\/archivio\/sanremonews\/Sondaggio_Politico_XX_Dic2022_6.jpg\" alt=\"\" width=\"380\" height=\"287\" \/><\/p>\n<p><b>Secondo i ventimigliesi quali sono le cose da fare?<\/b> Viabilit\u00e0, sicurezza e immigrazione sono i tre temi pi\u00f9 critici nella vita della citt\u00e0, indicati rispettivamente dal 33,2%, dal 28,6% e dal 24,6% dei ventimigliesi, temi che potrebbero avere gi\u00e0 una risposta in due proposte che hanno acceso il dibattito politico in citt\u00e0: la realizzazione di una passerella ciclopedonale e la riapertura del centro di accoglienza di Campo Roja. In entrambi i casi, i cittadini si schiera in maniera compatta a favore delle proposte: l\u201983,5% a favore della passerella ciclopedonale, a fronte di un 4% di contrari, mentre l\u201980,3% \u00e8 a favore della riapertura di Campo Roja, a fronte di un 10% di contrari.<\/p>\n<p><img loading=\"lazy\" decoding=\"async\" class=\"moz-reader-block-img\" src=\"https:\/\/www.sanremonews.it\/fileadmin\/archivio\/sanremonews\/Sondaggio_Politico_XX_Dic2022_10.jpg\" alt=\"\" width=\"380\" height=\"289\" \/><\/p>\n<p><img loading=\"lazy\" decoding=\"async\" class=\"moz-reader-block-img\" src=\"https:\/\/www.sanremonews.it\/fileadmin\/archivio\/sanremonews\/Sondaggio_Politico_XX_Dic2022_8.jpg\" alt=\"\" width=\"380\" height=\"289\" \/><\/p>\n<p>Anche il <b>centro di accoglienza<\/b> per i migranti \u00e8 stato al centro del sondaggio e il risultato \u00e8 sorprendente, visto che tra i favorevoli e &#8216;abbastanza&#8217; favorevoli, si raggiunge il 70% dei consensi. Se si aggiunge un 11,7% di &#8216;n\u00e8 favorevoli, n\u00e8 contrari&#8217; sia arriva a un semi plebiscito, visto che tra contrari e &#8216;abbastanza contrari&#8217; si arriva solo al 10%.<\/p>\n<p><img loading=\"lazy\" decoding=\"async\" class=\"moz-reader-block-img\" src=\"https:\/\/www.sanremonews.it\/fileadmin\/archivio\/sanremonews\/Sondaggio_Politico_XX_Dic2022_9.jpg\" alt=\"\" width=\"380\" height=\"290\" \/><\/p>\n<p><b>Le prossime elezioni: Scullino leggermente favorito in una partita molto aperta: <\/b>nel corso dell\u2019indagine, l\u2019Istituto Quorum, sulla base di quanto visto nelle rassegne stampa cartacee e on line delle ultime settimane, ha deciso di ipotizzare quattro scenari di voto al Sindaco per la prossima primavera. L\u2019apprezzamento nei confronti di <b>Gaetano Scullino<\/b> si trasforma in voti: per quanto candidato civico e quindi senza l\u2019appoggio esplicito di nessuna forza nazionale, l\u2019ex Sindaco \u00e8 sempre in testa al primo turno, con percentuali comprese tra il 35,0% e il 41,0%. Il suo \u00e8 voto personale, come si pu\u00f2 notare dal fatto che se il suo posto fosse preso dall\u2019Assessore <b>Tiziana Panetta<\/b>, questa si fermerebbe al 3,2%.<\/p>\n<p><img loading=\"lazy\" decoding=\"async\" class=\"moz-reader-block-img\" src=\"https:\/\/www.sanremonews.it\/fileadmin\/archivio\/sanremonews\/Sondaggio_Politico_XX_Dic2022_7.jpg\" alt=\"\" width=\"380\" height=\"290\" \/><\/p>\n<p>Una rinuncia alla candidatura di Scullino garantirebbe una vittoria al candidato del centrodestra <b>Guglielmo Guglielmi, <\/b>commercialista ed ex Assessore\u00a0al primo turno con il 56,2% dei voti. Quest\u2019ultimo in ogni caso \u00e8 la figura pi\u00f9 competitiva tra i papabili candidati di centrodestra testati da Quorum, ottenendo (con Scullino ricandidato) il 31,3%: pi\u00f9 di <b>Simone Bertolucci<\/b> (28,9%) e Marco Mazzola (22,0%). <b>Silvia Sciandra<\/b>, candidata sostenuta dal centrosinistra e dal Movimento 5 Stelle otterrebbe un consenso compreso tra il 25,1% e il 26,8%, ma arriverebbe al 30,1%, ben lontana da Guglielmo Guglielmi, se al posto di Scullino si candidasse Tiziana Panetta.<\/p>\n<p><img loading=\"lazy\" decoding=\"async\" class=\"moz-reader-block-img\" src=\"https:\/\/www.sanremonews.it\/fileadmin\/archivio\/sanremonews\/Sondaggio_Politico_XX_Dic2022_3.jpg\" alt=\"\" width=\"380\" height=\"290\" \/><\/p>\n<p>Infine, il civico <b>Gabriele Sismondini<\/b>, con una sua lista civica, si fermerebbe tra il 7,4% e il 10,5%, molto lontano dai due primi candidati ammessi al ballottaggio.<\/p>\n<p><img loading=\"lazy\" decoding=\"async\" class=\"moz-reader-block-img\" src=\"https:\/\/www.sanremonews.it\/fileadmin\/archivio\/sanremonews\/Sondaggio_Politico_XX_Dic2022_2.jpg\" alt=\"\" width=\"380\" height=\"287\" \/><\/p>\n<\/div>\n<\/div>\n<\/div>\n<\/div>\n<div><\/div>\n<div aria-owns=\"toolbar\"><img loading=\"lazy\" decoding=\"async\" class=\"alignnone size-full wp-image-7117\" src=\"http:\/\/www.ventimigliablog.it\/blog\/wp-content\/uploads\/2022\/12\/Gaetano-Scullino-650x390-1.jpeg\" alt=\"\" width=\"650\" height=\"390\" srcset=\"https:\/\/www.ventimigliablog.it\/blog\/wp-content\/uploads\/2022\/12\/Gaetano-Scullino-650x390-1.jpeg 650w, https:\/\/www.ventimigliablog.it\/blog\/wp-content\/uploads\/2022\/12\/Gaetano-Scullino-650x390-1-300x180.jpeg 300w, https:\/\/www.ventimigliablog.it\/blog\/wp-content\/uploads\/2022\/12\/Gaetano-Scullino-650x390-1-500x300.jpeg 500w\" sizes=\"(max-width: 650px) 100vw, 650px\" \/><\/div>\n<\/div>\n\t<div class=\"quickshare-container\">\r\n\t<ul class=\"quickshare-text qs-genericons quickshare-small\">\r\n\t\t<li class=\"quickshare-share\">Condividi :<\/li> \r\n\t\t<li><a href=\"https:\/\/facebook.com\/sharer.php?u=https%3A%2F%2Fwww.ventimigliablog.it%2Fblog%2Fventimiglia-ecco-i-risultati-del-sondaggio-politico-se-non-si-candida-scullino-il-piu-papabile-e-guglielmo-guglielmi%2F&amp;t=Ventimiglia%3A+ecco+i+risultati+del+sondaggio+politico%2C+se+non+si+candida+Scullino+il+pi%C3%B9+%26%238216%3Bpapabile%26%238217%3B+%C3%A8+Guglielmo+Guglielmi+<+Ventimigliablog\" target=\"_blank\" title=\"Share on Facebook\"><span class=\"quickshare-facebook\">Facebook<\/span><\/a><\/li>\t\t<li><a href=\"https:\/\/twitter.com\/intent\/tweet?url=https%3A%2F%2Fwww.ventimigliablog.it%2Fblog%2Fventimiglia-ecco-i-risultati-del-sondaggio-politico-se-non-si-candida-scullino-il-piu-papabile-e-guglielmo-guglielmi%2F&amp;text=Ventimiglia%3A+ecco+i+risultati+del+sondaggio+politico%2C+se+non+si+candida+Scullino+il+pi%C3%B9+%26%238216%3Bpapabile%26%238217%3B+%C3%A8+Guglielmo+Guglielmi+<+Ventimigliablog\" target=\"_blank\" title=\"Share on Twitter\"><span class=\"quickshare-twitter\">Twitter<\/span><\/a><\/li>\t\t\t\t\t\t<li><a href=\"https:\/\/plus.google.com\/share?url=https%3A%2F%2Fwww.ventimigliablog.it%2Fblog%2Fventimiglia-ecco-i-risultati-del-sondaggio-politico-se-non-si-candida-scullino-il-piu-papabile-e-guglielmo-guglielmi%2F\" target=\"_blank\" title=\"Share on Google+\"><span class=\"quickshare-googleplus\">Google+<\/span><\/a><\/li>\t\t\t\t\t\t\t\t<li><a href=\"mailto:?subject=Ventimigliablog:+Ventimiglia%3A+ecco+i+risultati+del+sondaggio+politico%2C+se+non+si+candida+Scullino+il+pi%C3%B9+%26%238216%3Bpapabile%26%238217%3B+%C3%A8+Guglielmo+Guglielmi&amp;body=https%3A%2F%2Fwww.ventimigliablog.it%2Fblog%2Fventimiglia-ecco-i-risultati-del-sondaggio-politico-se-non-si-candida-scullino-il-piu-papabile-e-guglielmo-guglielmi%2F\" target=\"_blank\" title=\"Share via Email\"><span class=\"quickshare-email\">Email<\/span><\/a><\/li>\t<\/ul>\r\n\t<\/div>\r\n","protected":false},"excerpt":{"rendered":"<p>sanremonews.it Ventimiglia: ecco i risultati del sondaggio politico, se non si candida Scullino il pi\u00f9 &#8216;papabile&#8217; \u00e8 Guglielmo Guglielmi Carlo Alessi 4\u20136 minuti Nei giorni scorsi sono stati molti i ventimigliesi raggiunti da telefonate per un sondaggio sulle prossime elezioni &hellip; <a href=\"https:\/\/www.ventimigliablog.it\/blog\/ventimiglia-ecco-i-risultati-del-sondaggio-politico-se-non-si-candida-scullino-il-piu-papabile-e-guglielmo-guglielmi\/\">Continua a leggere<span class=\"meta-nav\">&rarr;<\/span><\/a><\/p>\n","protected":false},"author":9,"featured_media":0,"comment_status":"open","ping_status":"closed","sticky":true,"template":"","format":"standard","meta":{"ngg_post_thumbnail":0,"footnotes":""},"categories":[1],"tags":[],"_links":{"self":[{"href":"https:\/\/www.ventimigliablog.it\/blog\/wp-json\/wp\/v2\/posts\/7121"}],"collection":[{"href":"https:\/\/www.ventimigliablog.it\/blog\/wp-json\/wp\/v2\/posts"}],"about":[{"href":"https:\/\/www.ventimigliablog.it\/blog\/wp-json\/wp\/v2\/types\/post"}],"author":[{"embeddable":true,"href":"https:\/\/www.ventimigliablog.it\/blog\/wp-json\/wp\/v2\/users\/9"}],"replies":[{"embeddable":true,"href":"https:\/\/www.ventimigliablog.it\/blog\/wp-json\/wp\/v2\/comments?post=7121"}],"version-history":[{"count":1,"href":"https:\/\/www.ventimigliablog.it\/blog\/wp-json\/wp\/v2\/posts\/7121\/revisions"}],"predecessor-version":[{"id":7122,"href":"https:\/\/www.ventimigliablog.it\/blog\/wp-json\/wp\/v2\/posts\/7121\/revisions\/7122"}],"wp:attachment":[{"href":"https:\/\/www.ventimigliablog.it\/blog\/wp-json\/wp\/v2\/media?parent=7121"}],"wp:term":[{"taxonomy":"category","embeddable":true,"href":"https:\/\/www.ventimigliablog.it\/blog\/wp-json\/wp\/v2\/categories?post=7121"},{"taxonomy":"post_tag","embeddable":true,"href":"https:\/\/www.ventimigliablog.it\/blog\/wp-json\/wp\/v2\/tags?post=7121"}],"curies":[{"name":"wp","href":"https:\/\/api.w.org\/{rel}","templated":true}]}}