{"id":7129,"date":"2022-12-20T17:55:34","date_gmt":"2022-12-20T16:55:34","guid":{"rendered":"http:\/\/www.ventimigliablog.it\/blog\/?p=7129"},"modified":"2022-12-20T17:55:34","modified_gmt":"2022-12-20T16:55:34","slug":"il-mantra-della-mia-recherche-de-la-politique-perdue-e-un-invito-a-tornare-in-se","status":"publish","type":"post","link":"https:\/\/www.ventimigliablog.it\/blog\/il-mantra-della-mia-recherche-de-la-politique-perdue-e-un-invito-a-tornare-in-se\/","title":{"rendered":"Il mantra della mia \u201cRecherche de la Politique perdue\u201d \u00e8 un invito a \u201cTornare in s\u00e9\u201d"},"content":{"rendered":"<p>Il mantra della mia \u201cRecherche de la Politique perdue\u201d \u00e8 un invito a \u201cTornare in s\u00e9\u201d, perch\u00e8 in realt\u00e0 da queste parti la vedo confusa e smarrita dietro le chiacchere.<br \/>\nImmaginare un \u201cProgramma Amministrativo 2023-28 del Ponente imperiese\u201d significa restituire razionalit\u00e0 e dignit\u00e0 al Partito-struttura, che dovrebbe essere presente sul territorio per ascoltarlo e non per \u201cgovernarlo\u201d.<br \/>\nCome nel binomio \u201ccorpo-mente\u201d anche in quello \u201cterritorio-politica\u201d \u00e8 importante innescare processi cognitivi che si traducano in idee, proposte e progetti, compito, appunto, dei Partiti.<br \/>\nIl corto circuito \u00e8 tutto il resto, frutto di \u201cemozioni\u201d collettive a cerchi concentrici, dal movimento nazionale che cavalca l\u2019indignazione e la rabbia sociale gi\u00f9 gi\u00f9 fino alle liste civiche comunali che fioriscono nelle praterie dell\u2019anti-politica.<br \/>\n*****<br \/>\n\u00c8 qualcosa di molto simile all\u2019universo neuropatologico spalancato davanti ai miei occhi ad Assago una decina d\u2019anni fa da una scienziata russa della Bashkiria, naturalizzata inglese e docente a Cambridge, Natalia Temirkhanova in Campbell-McBride.<br \/>\nSi trattava, nel mio caso, dei recettori oppiacei di due precisi neuro peptidi, la gluteo morfina e la caseo morfina, che la permeabilit\u00e0 intestinale tramette lungo il vago fino all\u2019encefalo, sede del sistema nervoso automatico e che poi, a caso, raggiunge una o pi\u00f9 delle dodici coppie di nervi encefalici che interferiscono con le corrispondenti funzioni limbiche, alterandole e distribuendole in un ampio spettro di sintomi noto come spettro autistico.<br \/>\nCeliachia a parte, la sua versione degenere, consumistica e bottegaia, \u00e8 la fiera del \u201cgluten free\u201d che impazza nei supermercati a curare una clientela ipocondriaca.<br \/>\nLa similitudine sta negli sviluppi della ricerca che hanno portato alla scoperta dei neuro peptidi delle \u201cemozioni\u201d che il sistema immunitario distribuisce dappertutto, sostanze chimiche impercettibili che dribblano le sinapsi e raggiungono direttamente i recettori cerebrali.<br \/>\nDroghe endogene, prodotte dal corpo e non pi\u00f9 soltanto esogene, cio\u00e8 provenienti dall\u2019esterno, come appunto, il glutine e la caseina ma anche la cocaina, l\u2019eroina e compagnia bella.<br \/>\nTutto questo per tracciare lo spartiacque tra stato d\u2019animo \u201cemotivo\u201d e razionalit\u00e0 mentale, tra \u201cemozioni\u201d civiche e rigore politico.<br \/>\n*****<br \/>\nIn questo momento nel Ponente imperiese la linea rossa tra le due realt\u00e0 \u00e8 ancora a favore della razionalit\u00e0 e della Politica, ma il fenomeno irrazionale ed emotivo delle liste \u201cciviche\u201d tende ad espandersi, ultimamente anche in versione ragnatela federale.<br \/>\nQuesto, ovviamente, lasciando fuori i piccoli Comuni dell\u2019entroterra a guida consociativa o al massimo bipolare e le liste-civetta artificiali e strumentali create dai Partiti per raccattare le briciole.<br \/>\nQuando si tratta di \u201cemozioni pubbliche\u201d, come appunto quelle \u201cciviche\u201d, un giudizio di valore univoco \u00e8 impossibile perch\u00e9 sono un mix inestricabile di istinti, di stati d\u2019animo, di sentimenti e di pulsioni che indifferentemente pu\u00f2 essere positivo oppure negativo dal punto di vista etico.<br \/>\nUn giorno, chiss\u00e0! legger\u00f2 che una \u00e9quipe di studiosi della Johns Hopkins di Baltimora ha scoperto nella molecola del vaffanculo di Grillo una infinit\u00e0 di neurotrasmettitori chimici annidati sulla membrana esterna che sarebbero piaciuti Cristo mentre cacciava i mercanti dal tempio.<br \/>\nPer\u00f2, per adesso, zumo sul Ponente imperiese dove tutte le citt\u00e0 pi\u00f9 grandi hanno, o hanno avuto, un primo cittadino \u201ccivico\u201d tenuto in piedi dai Partiti.<br \/>\nA Sanremo, poi, dove il fenomeno \u00e8 cronico, dal mese scorso si deve parlare di simulacro di Partito dopo che l\u2019intera delegazione PD si \u00e8 scoperta \u201ccivica\u201d.<br \/>\nA Imperia l\u2019ego di Scajola senior addirittura impone ai Partiti di umiliarsi rinunciando al simbolo.<br \/>\nSi chiama cannibalismo politico, dove il Frankenstein \u201ccivico\u201d si mangia le gambe dei Partiti sulle quali cammina.<br \/>\n*****<br \/>\nIl caso dello sgambetto a Gaetano Scullino a Ventimiglia non fa eccezione, \u00e8 vero che glielo hanno fatto due Partiti, il PD e le sue liste-civetta con sei consiglieri dimissionari e la Lega \u201ccarbonara\u201d con gli altri tre, ma questo non deve ingannare.<br \/>\nDietro alla mascalzonata c\u2019\u00e8 anche in questo caso un mix di \u201cemozioni pubbliche\u201d e di \u201cinteressi privati\u201d che l\u2019ha preceduta e accompagnata e che pian piano viene alla luce.<br \/>\nSenza far nomi, metto insieme il veto al ritorno di Tano e il caso dell\u2019outsider che nei sondaggi prevarrebbe se Tano rinunciasse, un pulcino della covata imperiese, mentre penso al manipolo soi-disantes \u201ccivico\u201d di apostoli di Calenda il Messia, folgorati dal suo narcisismo.<br \/>\n*****<br \/>\nMentre scrivevo queste annotazioni \u00e8 giunto l\u2019annuncio dello Studio Anselmi di Genova, difensore di \u201cPorto San Francesco s.r.l.\u201d che su ricorso della sua assistita il TAR Liguria aveva annullato il procedimento di restyling del porto demaniale di Sanremo confermando una mia previsione di un mese fa, che su Facebook avevo illustrato anche nei minimi dettagli.<br \/>\nChiudevo con l\u2019esito della votazione in Consiglio comunale della delibera annullata, votanti 20, favorevoli 20, astenuti 0, contrari 0 anche il Centrodestra Unito approva.<br \/>\nQuesta mattina poi leggo che uno che ha soldi da buttare ha riunito \u201ca tavola il centrodestra\u201d con la spiegazione che \u201cNon \u00e8 una cena contro qualcuno o contro l\u2019amministrazione, \u00e8 una cena \u2018per\u2019\u201d e tra i commensali vedo facce di consiglieri del \u201cCentrodestra Unito\u201d che erano tra quei 20 che hanno alzato la manina.<br \/>\nIl mio invito ai Partiti e alla Politica a \u201cTornare in s\u00e9\u201d \u00e8 sempre pi\u00f9 attuale, la melassa nella quale pucciano il biscotto sale di livello, e non \u00e8 cioccolata.<br \/>\nBruno Giri<img loading=\"lazy\" decoding=\"async\" class=\"alignnone size-full wp-image-7130\" src=\"http:\/\/www.ventimigliablog.it\/blog\/wp-content\/uploads\/2022\/12\/giri-4.jpeg\" alt=\"\" width=\"542\" height=\"329\" srcset=\"https:\/\/www.ventimigliablog.it\/blog\/wp-content\/uploads\/2022\/12\/giri-4.jpeg 542w, https:\/\/www.ventimigliablog.it\/blog\/wp-content\/uploads\/2022\/12\/giri-4-300x182.jpeg 300w, https:\/\/www.ventimigliablog.it\/blog\/wp-content\/uploads\/2022\/12\/giri-4-494x300.jpeg 494w\" sizes=\"(max-width: 542px) 100vw, 542px\" \/><\/p>\n\t<div class=\"quickshare-container\">\r\n\t<ul class=\"quickshare-text qs-genericons quickshare-small\">\r\n\t\t<li class=\"quickshare-share\">Condividi :<\/li> \r\n\t\t<li><a href=\"https:\/\/facebook.com\/sharer.php?u=https%3A%2F%2Fwww.ventimigliablog.it%2Fblog%2Fil-mantra-della-mia-recherche-de-la-politique-perdue-e-un-invito-a-tornare-in-se%2F&amp;t=Il+mantra+della+mia+%E2%80%9CRecherche+de+la+Politique+perdue%E2%80%9D+%C3%A8+un+invito+a+%E2%80%9CTornare+in+s%C3%A9%E2%80%9D+<+Ventimigliablog\" target=\"_blank\" title=\"Share on Facebook\"><span class=\"quickshare-facebook\">Facebook<\/span><\/a><\/li>\t\t<li><a href=\"https:\/\/twitter.com\/intent\/tweet?url=https%3A%2F%2Fwww.ventimigliablog.it%2Fblog%2Fil-mantra-della-mia-recherche-de-la-politique-perdue-e-un-invito-a-tornare-in-se%2F&amp;text=Il+mantra+della+mia+%E2%80%9CRecherche+de+la+Politique+perdue%E2%80%9D+%C3%A8+un+invito+a+%E2%80%9CTornare+in+s%C3%A9%E2%80%9D+<+Ventimigliablog\" target=\"_blank\" title=\"Share on Twitter\"><span class=\"quickshare-twitter\">Twitter<\/span><\/a><\/li>\t\t\t\t\t\t<li><a href=\"https:\/\/plus.google.com\/share?url=https%3A%2F%2Fwww.ventimigliablog.it%2Fblog%2Fil-mantra-della-mia-recherche-de-la-politique-perdue-e-un-invito-a-tornare-in-se%2F\" target=\"_blank\" title=\"Share on Google+\"><span class=\"quickshare-googleplus\">Google+<\/span><\/a><\/li>\t\t\t\t\t\t\t\t<li><a href=\"mailto:?subject=Ventimigliablog:+Il+mantra+della+mia+%E2%80%9CRecherche+de+la+Politique+perdue%E2%80%9D+%C3%A8+un+invito+a+%E2%80%9CTornare+in+s%C3%A9%E2%80%9D&amp;body=https%3A%2F%2Fwww.ventimigliablog.it%2Fblog%2Fil-mantra-della-mia-recherche-de-la-politique-perdue-e-un-invito-a-tornare-in-se%2F\" target=\"_blank\" title=\"Share via Email\"><span class=\"quickshare-email\">Email<\/span><\/a><\/li>\t<\/ul>\r\n\t<\/div>\r\n","protected":false},"excerpt":{"rendered":"<p>Il mantra della mia \u201cRecherche de la Politique perdue\u201d \u00e8 un invito a \u201cTornare in s\u00e9\u201d, perch\u00e8 in realt\u00e0 da queste parti la vedo confusa e smarrita dietro le chiacchere. Immaginare un \u201cProgramma Amministrativo 2023-28 del Ponente imperiese\u201d significa restituire &hellip; <a href=\"https:\/\/www.ventimigliablog.it\/blog\/il-mantra-della-mia-recherche-de-la-politique-perdue-e-un-invito-a-tornare-in-se\/\">Continua a leggere<span class=\"meta-nav\">&rarr;<\/span><\/a><\/p>\n","protected":false},"author":9,"featured_media":0,"comment_status":"open","ping_status":"closed","sticky":true,"template":"","format":"standard","meta":{"ngg_post_thumbnail":0,"footnotes":""},"categories":[1],"tags":[],"_links":{"self":[{"href":"https:\/\/www.ventimigliablog.it\/blog\/wp-json\/wp\/v2\/posts\/7129"}],"collection":[{"href":"https:\/\/www.ventimigliablog.it\/blog\/wp-json\/wp\/v2\/posts"}],"about":[{"href":"https:\/\/www.ventimigliablog.it\/blog\/wp-json\/wp\/v2\/types\/post"}],"author":[{"embeddable":true,"href":"https:\/\/www.ventimigliablog.it\/blog\/wp-json\/wp\/v2\/users\/9"}],"replies":[{"embeddable":true,"href":"https:\/\/www.ventimigliablog.it\/blog\/wp-json\/wp\/v2\/comments?post=7129"}],"version-history":[{"count":1,"href":"https:\/\/www.ventimigliablog.it\/blog\/wp-json\/wp\/v2\/posts\/7129\/revisions"}],"predecessor-version":[{"id":7131,"href":"https:\/\/www.ventimigliablog.it\/blog\/wp-json\/wp\/v2\/posts\/7129\/revisions\/7131"}],"wp:attachment":[{"href":"https:\/\/www.ventimigliablog.it\/blog\/wp-json\/wp\/v2\/media?parent=7129"}],"wp:term":[{"taxonomy":"category","embeddable":true,"href":"https:\/\/www.ventimigliablog.it\/blog\/wp-json\/wp\/v2\/categories?post=7129"},{"taxonomy":"post_tag","embeddable":true,"href":"https:\/\/www.ventimigliablog.it\/blog\/wp-json\/wp\/v2\/tags?post=7129"}],"curies":[{"name":"wp","href":"https:\/\/api.w.org\/{rel}","templated":true}]}}