{"id":7195,"date":"2023-01-12T18:08:22","date_gmt":"2023-01-12T17:08:22","guid":{"rendered":"http:\/\/www.ventimigliablog.it\/blog\/?p=7195"},"modified":"2023-01-12T18:08:22","modified_gmt":"2023-01-12T17:08:22","slug":"una-stazione-della-via-crucis-comunale","status":"publish","type":"post","link":"https:\/\/www.ventimigliablog.it\/blog\/una-stazione-della-via-crucis-comunale\/","title":{"rendered":"Una Stazione della &#8220;Via Crucis&#8221; comunale."},"content":{"rendered":"<div class=\"x11i5rnm xat24cr x1mh8g0r x1vvkbs xdj266r x126k92a\">\n<div dir=\"auto\">\n<img loading=\"lazy\" decoding=\"async\" class=\"alignnone  wp-image-7196\" src=\"http:\/\/www.ventimigliablog.it\/blog\/wp-content\/uploads\/2023\/01\/giri1-1.jpeg\" alt=\"\" width=\"307\" height=\"314\" srcset=\"https:\/\/www.ventimigliablog.it\/blog\/wp-content\/uploads\/2023\/01\/giri1-1.jpeg 298w, https:\/\/www.ventimigliablog.it\/blog\/wp-content\/uploads\/2023\/01\/giri1-1-292x300.jpeg 292w\" sizes=\"(max-width: 307px) 100vw, 307px\" \/><br \/>\nIeri Baby Yoda mi ha informato della mannaia della scadenza al 31 dicembre di quest\u2019anno di tutte le concessioni demaniali marittime ad uso turistico e ricreativo che sarebbero scadute tra dieci anni, il 31 dicembre 2033, se il Governo Draghi non avesse abrogato quella norma adottata nel 2018 dal Governo gialloverde.<\/div>\n<div dir=\"auto\">Lui ieri mi ha mandato soltanto il primo dei 22 identici casi definiti marted\u00ec scorso dal TAR Liguria, quello della sentenza n. 00019\/2023 che riguarda 11 concessionari del Comune di Moneglia, nelle Cinqueterre, ma poi il Tribunale amministrativo ha usato la fotocopiatrice dal numero di ruolo 00020\/2023 al numero di ruolo 00041\/2023 per definire 16 identici casi sollevati a Genova, uno ciascuno a Lavagna, Sori, Ameglia e Deiva e 2 a Monterosso per un totale di 43 concessionari.<\/div>\n<div dir=\"auto\">\u00c8 l\u2019elenco di una microscopica pattuglia se penso che l\u2019esercito balneare e ricreativo savonese e imperiese \u00e8 assente.<\/div>\n<div dir=\"auto\">\u00c8 un flash nel buio della notte cosmica nel quale \u00e8 stato abbandonato un settore fondamentale dell\u2019economia turistica e non solo.<\/div>\n<div dir=\"auto\">Penso all\u2019habitat marino, all\u2019ambiente, al paesaggio, alla cultura e alla tradizione, elementi dei quali specialmente qui in Liguria gli stabilimenti balneari sono stati per un secolo sentinelle vigili e attente e, ovviamente, custodi interessate.<\/div>\n<\/div>\n<div class=\"x11i5rnm xat24cr x1mh8g0r x1vvkbs xtlvy1s x126k92a\">\n<div dir=\"auto\">*****<\/div>\n<\/div>\n<div class=\"x11i5rnm xat24cr x1mh8g0r x1vvkbs xtlvy1s x126k92a\">\n<div dir=\"auto\">Il mio consulente legale \u00e8 in disaccordo con il TAR su un punto e d\u2019accordo invece su un altro, entrambi riguardanti l\u2019oscurit\u00e0 della notte \u201cdemaniale\u201d.<\/div>\n<div dir=\"auto\">Il disaccordo riguarda gli effetti della decisione della Corte di Giustizia dell\u2019Unione Europea sulla pregiudiziale sollevata dal T.A.R. Lecce in merito ai rapporti tra la normativa interna italiana e quella europea e me lo ha spiegato.<\/div>\n<div dir=\"auto\">Scrive il TAR: \u201cQuale che sia la decisione eventualmente adottata dalla CGUE sui quesiti proposti da suddetto giudice a quo, la stessa NON INCIDEREBBE sulla sopravvenuta legislazione italiana con la quale \u00e8 stata disposta l\u2019abrogazione\u2026\u201d.<\/div>\n<div dir=\"auto\">Per Baby Yoda, invece, se la Corte Europea in Lussemburgo decidesse che la \u201cBolkestein\u201d non \u00e8 \u201cself executive\u201d la sovranit\u00e0 legislativa italiana tornerebbe piena e insindacabile e fino al 31 dicembre 2023 ore 23 e 59 un decreto-legge \u201cMilleproroghe\u201d potrebbe prorogare anche la scadenza balneare che doveva avvenire un secondo dopo.<\/div>\n<div dir=\"auto\">L\u2019accordo \u00e8 sulla opportunit\u00e0 di sondare tempestivamente il livello della merda nella quale \u00e8 finito il settore e di farlo quindi nei primi giorni dell\u2019anno, per non buttare nel cesso investimenti in impianti e attrezzature che tra 12 mesi cambierebbero titolare senza risarcire quello precedente.<\/div>\n<\/div>\n<div class=\"x11i5rnm xat24cr x1mh8g0r x1vvkbs xtlvy1s x126k92a\">\n<div dir=\"auto\">*****<\/div>\n<\/div>\n<div class=\"x11i5rnm xat24cr x1mh8g0r x1vvkbs xtlvy1s x126k92a\">\n<div dir=\"auto\">Baby Yoda ha attirato la mia attenzione su un particolare sfuggito a noi terrestri impegnati come siamo nelle giurie dei concorsi di bellezza che servono a selezionare i sindaci del \u201cnulla\u201d, destinati a guardarsi l\u2019ombelico nel prossimo quinquennio mentre la conduzione degli affari \u00e8 di esclusiva competenza dirigenziale.<\/div>\n<div dir=\"auto\">Si tratta della solitudine molecolare del concessionario dopo il sequenziamento del genoma demaniale marittimo: dal livello statale per gli usi militare e nazionale a scendere al livello regionale per tutti gli altri usi e per finire al livello comunale per l\u2019uso turistico e ricreativo.<\/div>\n<div dir=\"auto\">I Comuni sono tanti, costieri e non costieri, quelli costieri in Liguria sono grandi come Genova oppure piccoli come Deiva, i primi hanno risorse e apparati manageriali e i secondi un funzionario a scavalco.<\/div>\n<div dir=\"auto\">L\u2019offerta \u201cturistica\u201d non \u00e8 soltanto balneare ma spazia nel commerciale, nei servizi alla persona e negli eventi e quella ricreativa include la pratica sportiva dal nuoto al remo, dalla vela al surf, dalla motonautica alla pesca sportiva e ovviamente tutto l\u2019indotto strumentale.<\/div>\n<div dir=\"auto\">Entrambi gli usi sul medesimo spazio demaniale convivono con le opere pubbliche a difesa dell\u2019abitato e della costa e il Comune nel gestirle fa l\u2019equilibrista.<\/div>\n<div dir=\"auto\">Nel caos del concedente la solitudine \u00e8 l\u2019inevitabile risposta del concessionario e su di lui adesso si abbatte la mannaia della \u201cBolkestein\u201d.<\/div>\n<div dir=\"auto\">\u201cRifugiarsi nella Fede \u00e8 la soluzione\u201d mi suggerisce il consulente alieno.<br \/>\nBruno Giri<\/div>\n<\/div>\n\t<div class=\"quickshare-container\">\r\n\t<ul class=\"quickshare-text qs-genericons quickshare-small\">\r\n\t\t<li class=\"quickshare-share\">Condividi :<\/li> \r\n\t\t<li><a href=\"https:\/\/facebook.com\/sharer.php?u=https%3A%2F%2Fwww.ventimigliablog.it%2Fblog%2Funa-stazione-della-via-crucis-comunale%2F&amp;t=Una+Stazione+della+%26%238220%3BVia+Crucis%26%238221%3B+comunale.+<+Ventimigliablog\" target=\"_blank\" title=\"Share on Facebook\"><span class=\"quickshare-facebook\">Facebook<\/span><\/a><\/li>\t\t<li><a href=\"https:\/\/twitter.com\/intent\/tweet?url=https%3A%2F%2Fwww.ventimigliablog.it%2Fblog%2Funa-stazione-della-via-crucis-comunale%2F&amp;text=Una+Stazione+della+%26%238220%3BVia+Crucis%26%238221%3B+comunale.+<+Ventimigliablog\" target=\"_blank\" title=\"Share on Twitter\"><span class=\"quickshare-twitter\">Twitter<\/span><\/a><\/li>\t\t\t\t\t\t<li><a href=\"https:\/\/plus.google.com\/share?url=https%3A%2F%2Fwww.ventimigliablog.it%2Fblog%2Funa-stazione-della-via-crucis-comunale%2F\" target=\"_blank\" title=\"Share on Google+\"><span class=\"quickshare-googleplus\">Google+<\/span><\/a><\/li>\t\t\t\t\t\t\t\t<li><a href=\"mailto:?subject=Ventimigliablog:+Una+Stazione+della+%26%238220%3BVia+Crucis%26%238221%3B+comunale.&amp;body=https%3A%2F%2Fwww.ventimigliablog.it%2Fblog%2Funa-stazione-della-via-crucis-comunale%2F\" target=\"_blank\" title=\"Share via Email\"><span class=\"quickshare-email\">Email<\/span><\/a><\/li>\t<\/ul>\r\n\t<\/div>\r\n","protected":false},"excerpt":{"rendered":"<p>Ieri Baby Yoda mi ha informato della mannaia della scadenza al 31 dicembre di quest\u2019anno di tutte le concessioni demaniali marittime ad uso turistico e ricreativo che sarebbero scadute tra dieci anni, il 31 dicembre 2033, se il Governo Draghi &hellip; <a href=\"https:\/\/www.ventimigliablog.it\/blog\/una-stazione-della-via-crucis-comunale\/\">Continua a leggere<span class=\"meta-nav\">&rarr;<\/span><\/a><\/p>\n","protected":false},"author":9,"featured_media":0,"comment_status":"open","ping_status":"closed","sticky":true,"template":"","format":"standard","meta":{"ngg_post_thumbnail":0,"footnotes":""},"categories":[1],"tags":[],"_links":{"self":[{"href":"https:\/\/www.ventimigliablog.it\/blog\/wp-json\/wp\/v2\/posts\/7195"}],"collection":[{"href":"https:\/\/www.ventimigliablog.it\/blog\/wp-json\/wp\/v2\/posts"}],"about":[{"href":"https:\/\/www.ventimigliablog.it\/blog\/wp-json\/wp\/v2\/types\/post"}],"author":[{"embeddable":true,"href":"https:\/\/www.ventimigliablog.it\/blog\/wp-json\/wp\/v2\/users\/9"}],"replies":[{"embeddable":true,"href":"https:\/\/www.ventimigliablog.it\/blog\/wp-json\/wp\/v2\/comments?post=7195"}],"version-history":[{"count":1,"href":"https:\/\/www.ventimigliablog.it\/blog\/wp-json\/wp\/v2\/posts\/7195\/revisions"}],"predecessor-version":[{"id":7197,"href":"https:\/\/www.ventimigliablog.it\/blog\/wp-json\/wp\/v2\/posts\/7195\/revisions\/7197"}],"wp:attachment":[{"href":"https:\/\/www.ventimigliablog.it\/blog\/wp-json\/wp\/v2\/media?parent=7195"}],"wp:term":[{"taxonomy":"category","embeddable":true,"href":"https:\/\/www.ventimigliablog.it\/blog\/wp-json\/wp\/v2\/categories?post=7195"},{"taxonomy":"post_tag","embeddable":true,"href":"https:\/\/www.ventimigliablog.it\/blog\/wp-json\/wp\/v2\/tags?post=7195"}],"curies":[{"name":"wp","href":"https:\/\/api.w.org\/{rel}","templated":true}]}}