{"id":7199,"date":"2023-01-19T14:27:47","date_gmt":"2023-01-19T13:27:47","guid":{"rendered":"http:\/\/www.ventimigliablog.it\/blog\/?p=7199"},"modified":"2023-01-19T14:27:47","modified_gmt":"2023-01-19T13:27:47","slug":"cose-grosse-mica-bla-bla-bla","status":"publish","type":"post","link":"https:\/\/www.ventimigliablog.it\/blog\/cose-grosse-mica-bla-bla-bla\/","title":{"rendered":"Cose grosse, mica bla-bla-bla."},"content":{"rendered":"<div class=\"\" dir=\"auto\">\n<div class=\"\" dir=\"auto\">\n<div class=\"x1iorvi4 x1pi30zi x1l90r2v x1swvt13\" data-ad-comet-preview=\"message\" data-ad-preview=\"message\">\n<div class=\"x78zum5 xdt5ytf xz62fqu x16ldp7u\">\n<div class=\"xu06os2 x1ok221b\">\n<div class=\"x11i5rnm xat24cr x1mh8g0r x1vvkbs xdj266r x126k92a\">\n<div dir=\"auto\">Al mio consulente alieno, il professore e avvocato Baby Yoda con studio su Saturno, ho fatto vedere il manifesto del Convegno \u201cRipartiamo da qui\u201d dopo domani a Arma di Taggia, Villa Boselli, e lui mi ha risposto in latino: \u201cDum Armae consulitur, litorem expugnatur\u201d con la foto di Bolkestein al posto di Annibale.<\/div>\n<div dir=\"auto\">Questo non significa che il TAR Liguria sia Dunkerque, per\u00f2 almeno ha avuto il merito di fotografare la situazione e smascherare le prese per il culo ai danni dei concessionari marittimi ad uso turistico e ricreativo, partendo da quelle dei politici e dei sindacati, per arrivare ai burocrati comunali e ai maestri dell\u2019illusionismo legale.<\/div>\n<div dir=\"auto\">Con l\u2019occasione Baby Yoda ha completato la rassegna delle sentenze depositate dal TAR Liguria marted\u00ec scorso.<\/div>\n<div dir=\"auto\">Ce ne sono altre 17 delle quali 6 di Genova, 5 di Monterosso, 2 di Recco, e una ciascuna di Portovenere, Rapallo, Sori e Lavagna per un totale di 15 concessionari privati.<\/div>\n<div dir=\"auto\">Le due sentenze mancanti sono anche loro di \u201cimprocedibilit\u00e0\u201d per sopravvenuta norma del Governo Draghi che ha anticipato di 10 anni la scadenza al 31 dicembre 2023 e sono state rese nei confronti della \u201cAutorit\u00e0 Garante della Concorrenza e del Mercato\u201d, che nelle altre 37 cause era intervenuta solo incidentalmente.<\/div>\n<\/div>\n<div class=\"x11i5rnm xat24cr x1mh8g0r x1vvkbs xtlvy1s x126k92a\">\n<div dir=\"auto\">*****<\/div>\n<\/div>\n<div class=\"x11i5rnm xat24cr x1mh8g0r x1vvkbs xtlvy1s x126k92a\">\n<div dir=\"auto\">A questo punto ho fatto vedere a Baby Yoda il mio \u201ccurriculum vitarum\u201d tra le quali c\u2019\u00e8 anche una vita trascorsa a Sanremo a Villa Zirio dal 1\u00b0 giugno 1967 e il 31 dicembre 1972 da direttore dei gabellieri.<\/div>\n<div dir=\"auto\">I quali tra diverse altre imposte accertavano e riscuotevano anche la tassa sul \u201cplateatico\u201d, cio\u00e8 sulla occupazione temporanea di suolo pubblico dovuta dai concessionari del demanio comunale.<\/div>\n<div dir=\"auto\">Anche loro, gli ho chiesto, adesso dovrebbero essere finiti nelle maglie della direttiva \u201cBolkestein\u201d studiata dall\u2019omonimo commissario olandese quando la Commissione Europea era presieduta da \u201cMortadella\u201d, e lui me lo ha confermato.<\/div>\n<div dir=\"auto\">\u00c8 cos\u00ec che mi sono sentito promosso nella categoria di chi \u201cse ne intende\u201d e autorizzato a trattare alla pari con il consulente alieno.<\/div>\n<\/div>\n<div class=\"x11i5rnm xat24cr x1mh8g0r x1vvkbs xtlvy1s x126k92a\">\n<div dir=\"auto\">*****<\/div>\n<\/div>\n<div class=\"x11i5rnm xat24cr x1mh8g0r x1vvkbs xtlvy1s x126k92a\">\n<div dir=\"auto\">Concordiamo su un punto fermo: \u201cLa Direttiva Bolkestein \u00e8 la spada di Damocle sulla nostra testa, in caso di infrazione salta il PNRR e sui mercati finanziati internazionali i nostri titolo diventano carta straccia.\u201d<\/div>\n<div dir=\"auto\">Concordiamo su un secondo punto fermo: \u201cLa spada \u00e8 affilata come un rasoio, ti cade sul collo quando il numero di autorizzazioni disponibili per una determinata attivit\u00e0 \u00e8 limitato a causa della scarsit\u00e0 delle risorse naturali o delle capacit\u00e0 tecniche utilizzabili, come dice l\u2019articolo 12\u201d.<\/div>\n<div dir=\"auto\">Concordiamo su un terzo punto fermo: \u201cLa ghigliottina \u00e8 la scadenza generale delle concessioni esistenti a una data precisa improrogabile e la scelta dei nuovi concessionari deve avvenire mediante procedura ad evidenza pubblica, cio\u00e8 con adeguata pubblicit\u00e0 al suo avvio e poi con svolgimento e completamento rispettosi dei principi di concorrenza e di libert\u00e0 di stabilimento anche in ambito transfrontaliero.\u201d<\/div>\n<div dir=\"auto\">Concordiamo, infine, su un quarto punto fermo: \u201cDobbiamo sfidare il boia\u201d.<\/div>\n<div dir=\"auto\">Tutte le altre cose, come la riforma del catasto, vanno bene quando \u201cle autorizzazioni disponibili\u201d sono ILLIMITATE, altrimenti, come in questo caso, sono prese per il culo in attesa di porgere il collo al boia.<\/div>\n<div dir=\"auto\">Stessa cosa per la \u201cstabilit\u00e0 per le attuali concessioni\u201d cio\u00e8 per una infrazione confessa e conclamata, quella che da dodici anni ci tiene nel braccio della morte in attesa di porgere il collo.<\/div>\n<div dir=\"auto\">A febbraio dell\u2019anno scorso nel \u201cGoverno dei Migliori\u201d il ministro Patuanelli voleva la nostra resa incondizionata gi\u00e0 con i bandi comunitari mentre i ministri Giorgetti, Gelmini e Garavaglia studiavano una surreale \u201cLegge Ossimoro\u201d e alla fine la mediazione di SuperMario si \u00e8 tradotta in una data: 31 dicembre 2023 quando la mannaia cadr\u00e0 sul collo dei concessionari attuali.<\/div>\n<\/div>\n<div class=\"x11i5rnm xat24cr x1mh8g0r x1vvkbs xtlvy1s x126k92a\">\n<div dir=\"auto\">*****<\/div>\n<\/div>\n<div class=\"x11i5rnm xat24cr x1mh8g0r x1vvkbs xtlvy1s x126k92a\">\n<div dir=\"auto\">La sfida al boia \u00e8 in Lussemburgo, alla Corte di Giustizia dell\u2019Unione Europea, e l\u2019ha lanciata il TAR di Lecce.<\/div>\n<div dir=\"auto\">Intanto, in via pregiudiziale, con la denuncia di violazione del Trattato sul Funzionamento dell\u2019Unione Europea, perch\u00e9 la \u201cBolkestein\u201d 16 anni fa \u00e8 stata adottata solo a maggioranza invece che all\u2019unanimit\u00e0 come prescrive l\u2019articolo 115 per le direttive di armonizzazione.<\/div>\n<div dir=\"auto\">Ma poi si arriva al cuore della sfida, sulla interpretazione di \u201cnumero limitato\u201d di concessioni disponibili, cio\u00e8 se lasci spazio al legislatore nazionale e quindi non sia \u201cauto-esecutiva\u201d come oggi invece si pretende.<\/div>\n<div dir=\"auto\">Seguono a cascata altre sette questioni di diritto comunitario sollevate dal Tribunale salentino per il quale Baby Yoda fa il tifo.Dice che lo vorrebbero anche a Saturno.<img loading=\"lazy\" decoding=\"async\" class=\"alignnone  wp-image-7200\" src=\"http:\/\/www.ventimigliablog.it\/blog\/wp-content\/uploads\/2023\/01\/giri.jpg\" alt=\"\" width=\"232\" height=\"325\" \/> <img loading=\"lazy\" decoding=\"async\" class=\"alignnone size-full wp-image-7201\" src=\"http:\/\/www.ventimigliablog.it\/blog\/wp-content\/uploads\/2023\/01\/giri2.jpg\" alt=\"\" width=\"310\" height=\"309\" srcset=\"https:\/\/www.ventimigliablog.it\/blog\/wp-content\/uploads\/2023\/01\/giri2.jpg 310w, https:\/\/www.ventimigliablog.it\/blog\/wp-content\/uploads\/2023\/01\/giri2-300x300.jpg 300w, https:\/\/www.ventimigliablog.it\/blog\/wp-content\/uploads\/2023\/01\/giri2-150x150.jpg 150w, https:\/\/www.ventimigliablog.it\/blog\/wp-content\/uploads\/2023\/01\/giri2-301x300.jpg 301w\" sizes=\"(max-width: 310px) 100vw, 310px\" \/><\/p>\n<p>Bruno Giri<\/p><\/div>\n<\/div>\n<\/div>\n<\/div>\n<\/div>\n<\/div>\n<\/div>\n\t<div class=\"quickshare-container\">\r\n\t<ul class=\"quickshare-text qs-genericons quickshare-small\">\r\n\t\t<li class=\"quickshare-share\">Condividi :<\/li> \r\n\t\t<li><a href=\"https:\/\/facebook.com\/sharer.php?u=https%3A%2F%2Fwww.ventimigliablog.it%2Fblog%2Fcose-grosse-mica-bla-bla-bla%2F&amp;t=Cose+grosse%2C+mica+bla-bla-bla.+<+Ventimigliablog\" target=\"_blank\" title=\"Share on Facebook\"><span class=\"quickshare-facebook\">Facebook<\/span><\/a><\/li>\t\t<li><a href=\"https:\/\/twitter.com\/intent\/tweet?url=https%3A%2F%2Fwww.ventimigliablog.it%2Fblog%2Fcose-grosse-mica-bla-bla-bla%2F&amp;text=Cose+grosse%2C+mica+bla-bla-bla.+<+Ventimigliablog\" target=\"_blank\" title=\"Share on Twitter\"><span class=\"quickshare-twitter\">Twitter<\/span><\/a><\/li>\t\t\t\t\t\t<li><a href=\"https:\/\/plus.google.com\/share?url=https%3A%2F%2Fwww.ventimigliablog.it%2Fblog%2Fcose-grosse-mica-bla-bla-bla%2F\" target=\"_blank\" title=\"Share on Google+\"><span class=\"quickshare-googleplus\">Google+<\/span><\/a><\/li>\t\t\t\t\t\t\t\t<li><a href=\"mailto:?subject=Ventimigliablog:+Cose+grosse%2C+mica+bla-bla-bla.&amp;body=https%3A%2F%2Fwww.ventimigliablog.it%2Fblog%2Fcose-grosse-mica-bla-bla-bla%2F\" target=\"_blank\" title=\"Share via Email\"><span class=\"quickshare-email\">Email<\/span><\/a><\/li>\t<\/ul>\r\n\t<\/div>\r\n","protected":false},"excerpt":{"rendered":"<p>Al mio consulente alieno, il professore e avvocato Baby Yoda con studio su Saturno, ho fatto vedere il manifesto del Convegno \u201cRipartiamo da qui\u201d dopo domani a Arma di Taggia, Villa Boselli, e lui mi ha risposto in latino: \u201cDum &hellip; <a href=\"https:\/\/www.ventimigliablog.it\/blog\/cose-grosse-mica-bla-bla-bla\/\">Continua a leggere<span class=\"meta-nav\">&rarr;<\/span><\/a><\/p>\n","protected":false},"author":9,"featured_media":0,"comment_status":"open","ping_status":"closed","sticky":true,"template":"","format":"standard","meta":{"ngg_post_thumbnail":0,"footnotes":""},"categories":[1],"tags":[],"_links":{"self":[{"href":"https:\/\/www.ventimigliablog.it\/blog\/wp-json\/wp\/v2\/posts\/7199"}],"collection":[{"href":"https:\/\/www.ventimigliablog.it\/blog\/wp-json\/wp\/v2\/posts"}],"about":[{"href":"https:\/\/www.ventimigliablog.it\/blog\/wp-json\/wp\/v2\/types\/post"}],"author":[{"embeddable":true,"href":"https:\/\/www.ventimigliablog.it\/blog\/wp-json\/wp\/v2\/users\/9"}],"replies":[{"embeddable":true,"href":"https:\/\/www.ventimigliablog.it\/blog\/wp-json\/wp\/v2\/comments?post=7199"}],"version-history":[{"count":1,"href":"https:\/\/www.ventimigliablog.it\/blog\/wp-json\/wp\/v2\/posts\/7199\/revisions"}],"predecessor-version":[{"id":7202,"href":"https:\/\/www.ventimigliablog.it\/blog\/wp-json\/wp\/v2\/posts\/7199\/revisions\/7202"}],"wp:attachment":[{"href":"https:\/\/www.ventimigliablog.it\/blog\/wp-json\/wp\/v2\/media?parent=7199"}],"wp:term":[{"taxonomy":"category","embeddable":true,"href":"https:\/\/www.ventimigliablog.it\/blog\/wp-json\/wp\/v2\/categories?post=7199"},{"taxonomy":"post_tag","embeddable":true,"href":"https:\/\/www.ventimigliablog.it\/blog\/wp-json\/wp\/v2\/tags?post=7199"}],"curies":[{"name":"wp","href":"https:\/\/api.w.org\/{rel}","templated":true}]}}