{"id":7203,"date":"2023-01-19T14:31:04","date_gmt":"2023-01-19T13:31:04","guid":{"rendered":"http:\/\/www.ventimigliablog.it\/blog\/?p=7203"},"modified":"2023-01-19T14:31:04","modified_gmt":"2023-01-19T13:31:04","slug":"il-partito-della-chiarezza-della-coerenza-e-della-lealta-alla-fine-vince-sempre","status":"publish","type":"post","link":"https:\/\/www.ventimigliablog.it\/blog\/il-partito-della-chiarezza-della-coerenza-e-della-lealta-alla-fine-vince-sempre\/","title":{"rendered":"Il Partito della chiarezza, della coerenza e della lealt\u00e0 alla fine vince sempre."},"content":{"rendered":"<p><span class=\"x193iq5w xeuugli x13faqbe x1vvkbs xlh3980 xvmahel x1n0sxbx x1lliihq x1s928wv xhkezso x1gmr53x x1cpjm7i x1fgarty x1943h6x xudqn12 x3x7a5m x6prxxf xvq8zen xo1l8bm xzsf02u\" dir=\"auto\"><img loading=\"lazy\" decoding=\"async\" class=\"alignnone size-full wp-image-7205\" src=\"http:\/\/www.ventimigliablog.it\/blog\/wp-content\/uploads\/2023\/01\/giri-1.jpg\" alt=\"\" width=\"494\" height=\"410\" srcset=\"https:\/\/www.ventimigliablog.it\/blog\/wp-content\/uploads\/2023\/01\/giri-1.jpg 494w, https:\/\/www.ventimigliablog.it\/blog\/wp-content\/uploads\/2023\/01\/giri-1-300x249.jpg 300w, https:\/\/www.ventimigliablog.it\/blog\/wp-content\/uploads\/2023\/01\/giri-1-361x300.jpg 361w\" sizes=\"(max-width: 494px) 100vw, 494px\" \/><\/p>\n<p>Le stagioni condizionano le tematiche delle campagne elettorali, le \u201cPolitiche 2022\u201d l\u2019anno scorso si sono svolte d\u2019estate sotto gli ombrelloni, sui pedal\u00f2 e tra le sdraio, e cos\u00ec la \u201cQuestione Balneari\u201d \u00e8 stata sempre in testa alla classifica dopo aver dormito nelle retrovie dal 2006, anno di nascita della direttiva UE \u201cBolkestein\u201d.<br \/>\nPer capire cosa bolliva in pentola nove giorni prima delle votazioni del 25 settembre 2022 Baby Yoda, il mio consulente alieno, ha fatto un salto a Maruggio, in provincia di Taranto, al Convegno dal titolo \u201cLe concessioni demaniali marittime: una fine o un inizio?\u201d e ha preso appunti.<br \/>\nIl 1\u00b0 ottobre scorso ha integrato le annotazioni a Salerno al Convegno dal titolo \u201cConcessioni demaniali. Correzioni di rotta e nuovi approdi\u201d e quando a gennaio 2023 \u00e8 stata l\u2019ora della verifica al TAR Liguria su 43 sentenze-fotocopia lui ha fatto la sua sporca figura.<br \/>\nMa \u00e8 stata una vittoria di Pirro, erano sentenze che hanno tolto il fuscello negli occhi dei liguri lasciandovi la trave della decadenza delle concessioni il 31 dicembre 2023.<br \/>\nCos\u00ec Baby Yoda mi ha proposto di fondare il \u201cP.S.I.\u201d, Partito Saturniano Italiano, all\u2019insegna della chiarezza con un programma fatto di parabole.<br \/>\nE le concessioni demaniali marittime per finalit\u00e0 turistico-ricreative vanno benissimo come parabola \u201czero\u201d a titolo d\u2019esempio.<\/p>\n<p>*****<\/p>\n<p>Siamo una penisola con un clima dolce, immersa in un mare temperato con 8.300 chilometri di coste in larghissima misura e per svariati mesi all\u2019anno balneabili, senza contare i fiumi e i laghi.<br \/>\nCon Stati europei che hanno caratteristiche geografiche e territoriali completamente diverse dalle nostre abbiamo dato vita a una Comunit\u00e0 che il 12 dicembre 2006 ha adottato norme vincolanti come fossimo tutti uguali con caratteristiche identiche, uniformi e condivise.<br \/>\nLa cazzata fatta dalla Commissione Prodi col suo Commissario, l\u2019olandese Bolkenstein, viene al pettine ogni volta che la rimuoviamo, come se non l\u2019avessimo mai fatta.<br \/>\nI Governi Conte II e Draghi hanno stipulato con la Comunit\u00e0 in questione un Piano finanziario di prestiti e di sostegni a fondo perduto, per\u00f2 condizionato a determinate riforme interne italiane.<br \/>\nLo sfruttamento in concessione dell\u2019uso turistico-ricreativo delle nostre coste \u00e8 tra quelle, come dire che dobbiamo finalmente smettere di rimuovere la cazzata e le dobbiamo applicare aprendo il nostro demanio marittimo al primo venuto che arriva da uno dei 27 Paesi della Comunit\u00e0, magari senza avere il mare a casa sua.<br \/>\nIl PNRR, cos\u00ec si chiama il Piano, \u00e8 stato il formaggio per attirare il topo nella trappola.<\/p>\n<p>*****<\/p>\n<p>Ambientata in questi termini questa \u00e8 la perfetta parabola dei quattro capponi di Renzo mentre va dall\u2019avvocato Azzeccagarbugli.<br \/>\n\u201c\u2026 quelle povere bestie, cos\u00ec legate e tenute per le zampe, a capo all\u2019in gi\u00f9 \u2026 s\u2019ingegnavano a beccarsi l\u2019una con l\u2019altra, come accade troppo sovente tra compagni di sventura.\u201d<br \/>\nO Dio! forse la similitudine non \u00e8 del tutto perfetta perch\u00e9 la sventura non \u00e8 equamente distribuita tra i nostri capponi, ce n\u2019\u00e8 uno che ci lascia le penne per tutti gli altri.<\/p>\n<p>*****<br \/>\nFuori dalle aule e dentro i Convegni i magistrati si beccano tra loro, il Consiglio di Stato becca il TAR Lecce che l\u201911 maggio 2022 lo ha scavalcato e ha osato ricorrere direttamente alla Corte di Giustizia del Lussemburgo.<br \/>\nIl Consiglio di Stato \u00e8 permalosetto perch\u00e9 qualsiasi Giudice Nazionale poteva farlo in applicazione della \u201cNota informativa\u201d della Corte di Giustizia dell&#8217;Unione Europea 2011\/C 160\/01 del 28 maggio 2011 \u201criguardante le domande di pronuncia pregiudiziale da parte dei giudici nazionali\u201d e alla \u201cRaccomandazione 2019\/C 380\/01 dell\u20198 novembre 2019 \u201call\u2019attenzione dei giudici nazionali, relative alla presentazione di domande di pronuncia pregiudiziale.\u201d<br \/>\nMa dietro a questo broncio c\u2019\u00e8 dell\u2019altro, la \u201cpolitica\u201d.<br \/>\nIl dubbio \u00e8 che Frattini buonanima ci abbia messo lo zampino, lui che sui balneari quando era Ministro degli Esteri con Berlusconi premier aveva ricevuto nel 2010 la prima notifica di infrazione alla \u201cBolkestein\u201d e aveva fatto il furbo con la Commissione Europea dalla quale era uscito qualche anno prima con Jos\u00e9 Manuel Barroso.<br \/>\nAdesso era Presidente del Consiglio di Stato, aveva preso il posto di Filippo Patroni Griffi che aveva presieduto le due \u201cSentenze Gemelle\u201d numeri 17 e 18 emesse in sede giurisdizionale dall\u2019Adunanza Plenaria il 9 novembre 2021 con le quali l\u2019Italia giudiziaria ha issato bandiera bianca e si \u00e8 arresa all\u2019Europa.<br \/>\nSi trattava di due ricorsi per annullamento delle sentenze emesse, rispettivamente, dal TAR di Catania e da quello di Lecce e la \u201cPolitica Giudiziaria\u201d su di essi ha celebrato una specie di \u201cMessa Pontificale\u201d per consacrare come dogma e verit\u00e0 di fede il \u201cVerbo\u201d della sentenza \u201cPromoimpresa Srl (C-458\/14)\u201d del 14 luglio 2016 della Corte di Giustizia Europea con la quale la Sezione Quinta presieduta da J.L. da Cruz Vila\u00e7a santificava Bolkestein e lo metteva sugli altari.<br \/>\nAdesso il TAR Puglia, succursale di Lecce, aveva osato tornare in Lussemburgo a mettere tutto in discussione? Sacrilegio!! Inde irae.<\/p>\n<p>*****<\/p>\n<p>Ma la cattedrale della \u201cpolitica\u201d \u00e8 il Parlamento, un posto dove, fin dai tempi di Catilina e di Bruto, si beccano i rappresentanti del popolo.<br \/>\nNel nostro caso lo hanno fatto sulla &#8220;Legge annuale per il mercato e la concorrenza 2021&#8221; figlia del Governo Draghi-Giorgetti, quello dei migliori, con dentro Lega e Forza Italia e fuori il Partito della Meloni.<br \/>\nLegge promulgata col n. 118 il 5 agosto 2022, pubblicata nella Gazzetta Ufficiale il 12 agosto 2022 e entrata in vigore 15 giorni dopo, il 27 agosto successivo, con la quale l\u2019Italia \u201cpolitica\u201d ha issato bandiera bianca e si \u00e8 arresa all\u2019Europa.<br \/>\nCon norme dirette, tipo la scadenza delle concessioni demaniali marittime al 31 dicembre 2023 in base all\u2019articolo 3, primo comma, oppure con una delega semestrale al Governo che scade tra 37 giorni, il 27 febbraio prossimo.<br \/>\nCome dire, \u201cadesso tela metto in culo e poi delego il Governo a risarcirti entro 180 giorni\u201d, peccato che a cazzeggiare tra elezioni balneari e formazione del Governo Meloni di giorni ce ne siano rimasti soltanto pi\u00f9 37 e che il trenino delle deleghe ad altrettante inculate sia lungo.<br \/>\nCito, vado a braccio, quella sull\u2019energia e sulla sostenibilit\u00e0 ambientale, le famose \u201crinnovabili\u201d (articoli da 12 a14), cito la tutela della salute (articoli da 15 a 21), cito lo sviluppo delle infrastrutture digitali e servizi di comunicazione elettronica (articoli da 22 a 25), cito la rimozione degli oneri per le imprese e parit\u00e0 di trattamento tra gli operatori (articoli da 26 a 31\u201d e cito il rafforzamento dei poteri in materia di attivit\u00e0 antitrust (articoli da 32 a 35).<br \/>\nE che deleghe! Adesso finite in mano al Partito della Meloni premier che ha votato contro ma con dentro Giorgetti e Pichetto Fratin, ministro e vice-ministro di Draghi il pap\u00e0 della legge e suoi chierichetti a dir Messa sull\u2019altare dell\u2019Europa.<\/p>\n<p>*****<\/p>\n<p>Baby Yoda ha concluso la parabola dei capponi di Renzo con le dichiarazioni finali in Aula:<br \/>\n\u201cRiccardo Zucconi \u2026voto contrario di Fratelli d&#8217;Italia a questo disegno di legge\u2026 l&#8217;Unione europea non ci ha proposto, ma ci ha imposto non soltanto obiettivi, ma anche, in pratica, contenuti, dando, anche attraverso la minaccia di procedure di infrazione, il senso di voler costringere il Parlamento\u2026. il principio \u00e8 giusto, per\u00f2 non ci possiamo scordare che l&#8217;Europa \u00e8 immobile sotto tanti altri aspetti\u2026.. I balneari sono stati il capro espiatorio di questo passaggio, perch\u00e9 molto si \u00e8 rimandato, giustamente, secondo noi, in alcuni casi come i taxi, qualcosa si \u00e8 deciso, ma, in questo caso, gli operatori della balneazione sono stati messi in croce pi\u00f9 di tutti. \u00c8 oggettivo e sottost\u00e0 a un diktat preciso da parte dell&#8217;Europa, un diktat a cui il Presidente del Consiglio ha aderito, non sappiamo se per convinzione o per costrizione. Di fatto, questi concessionari balneari sono stati demonizzati a livello comunicativo, perch\u00e9 molti organi di stampa, le televisioni, li hanno dipinti come mostri, come privilegiati. Ricordava il collega Caiata che alcuni privilegi o alcune agevolazioni potevano essere evidentemente sanati o ridotti o eliminati semplicemente intervenendo su questo aspetto. Ma non abbiamo aumentato i canoni &#8211; non se ne parla -, non sono stati regolamentati meglio i controlli sugli accessi alle spiagge: cio\u00e8, di tutte le problematiche che sono state messe a motivazione di questa misura, poi, non vi \u00e8 traccia.<br \/>\nE, allora, \u00e8 chiaro che non \u00e8 vero che \u00e8 questo, \u00e8 altro.<br \/>\nCONTINUA SEMPLICEMENTE, SENZA GRANDI CLAMORI, LA SVENDITA DELL&#8217;ITALIA (Applausi dei deputati del gruppo Fratelli d&#8217;Italia). Questa \u00e8 la verit\u00e0 e colpiscono un settore &#8211; lo ricordava il collega Fassina in precedenza -, come per le guide turistiche.<br \/>\nIn un regime di vera concorrenza, deve valere anche la RECIPROCIT\u00c0: nel tuo Paese si pagano le stesse tasse che si pagano negli altri, i salari sono a livelli uniformi rispetto all&#8217;Unione europea.<br \/>\nE la reciprocit\u00e0 deve valere anche per le concessioni balneari: mettiamo che un cittadino italiano voglia andare a comprare all&#8217;asta un&#8217;azienda in Spagna, in Croazia, in Portogallo: non lo pu\u00f2 fare, perch\u00e9 l\u00ec le aste non ci sono, le concessioni sono state PROROGATE DI 75 ANNI.<br \/>\nMa questo non vale soltanto per le concessioni balneari, vale anche per le concessioni idroelettriche.<br \/>\nAnche in tale ambito, provate ad andare in Francia a comprare una centrale idroelettrica o a prenderla in concessione. Non c&#8217;\u00e8 assolutamente possibilit\u00e0, ti guarderebbero FOSSI PAZZO, cos\u00ec come io, francamente, a volte, ho guardato alcuni esponenti che peroravano la questione della messa all&#8217;asta delle concessioni delle centrali idroelettriche.\u201d<br \/>\nFine della parabola.<br \/>\nBruno Giri<br \/>\n<\/span><\/p>\n\t<div class=\"quickshare-container\">\r\n\t<ul class=\"quickshare-text qs-genericons quickshare-small\">\r\n\t\t<li class=\"quickshare-share\">Condividi :<\/li> \r\n\t\t<li><a href=\"https:\/\/facebook.com\/sharer.php?u=https%3A%2F%2Fwww.ventimigliablog.it%2Fblog%2Fil-partito-della-chiarezza-della-coerenza-e-della-lealta-alla-fine-vince-sempre%2F&amp;t=Il+Partito+della+chiarezza%2C+della+coerenza+e+della+lealt%C3%A0+alla+fine+vince+sempre.+<+Ventimigliablog\" target=\"_blank\" title=\"Share on Facebook\"><span class=\"quickshare-facebook\">Facebook<\/span><\/a><\/li>\t\t<li><a href=\"https:\/\/twitter.com\/intent\/tweet?url=https%3A%2F%2Fwww.ventimigliablog.it%2Fblog%2Fil-partito-della-chiarezza-della-coerenza-e-della-lealta-alla-fine-vince-sempre%2F&amp;text=Il+Partito+della+chiarezza%2C+della+coerenza+e+della+lealt%C3%A0+alla+fine+vince+sempre.+<+Ventimigliablog\" target=\"_blank\" title=\"Share on Twitter\"><span class=\"quickshare-twitter\">Twitter<\/span><\/a><\/li>\t\t\t\t\t\t<li><a href=\"https:\/\/plus.google.com\/share?url=https%3A%2F%2Fwww.ventimigliablog.it%2Fblog%2Fil-partito-della-chiarezza-della-coerenza-e-della-lealta-alla-fine-vince-sempre%2F\" target=\"_blank\" title=\"Share on Google+\"><span class=\"quickshare-googleplus\">Google+<\/span><\/a><\/li>\t\t\t\t\t\t\t\t<li><a href=\"mailto:?subject=Ventimigliablog:+Il+Partito+della+chiarezza%2C+della+coerenza+e+della+lealt%C3%A0+alla+fine+vince+sempre.&amp;body=https%3A%2F%2Fwww.ventimigliablog.it%2Fblog%2Fil-partito-della-chiarezza-della-coerenza-e-della-lealta-alla-fine-vince-sempre%2F\" target=\"_blank\" title=\"Share via Email\"><span class=\"quickshare-email\">Email<\/span><\/a><\/li>\t<\/ul>\r\n\t<\/div>\r\n","protected":false},"excerpt":{"rendered":"<p>Le stagioni condizionano le tematiche delle campagne elettorali, le \u201cPolitiche 2022\u201d l\u2019anno scorso si sono svolte d\u2019estate sotto gli ombrelloni, sui pedal\u00f2 e tra le sdraio, e cos\u00ec la \u201cQuestione Balneari\u201d \u00e8 stata sempre in testa alla classifica dopo aver &hellip; <a href=\"https:\/\/www.ventimigliablog.it\/blog\/il-partito-della-chiarezza-della-coerenza-e-della-lealta-alla-fine-vince-sempre\/\">Continua a leggere<span class=\"meta-nav\">&rarr;<\/span><\/a><\/p>\n","protected":false},"author":9,"featured_media":0,"comment_status":"open","ping_status":"closed","sticky":true,"template":"","format":"standard","meta":{"ngg_post_thumbnail":0,"footnotes":""},"categories":[1],"tags":[],"_links":{"self":[{"href":"https:\/\/www.ventimigliablog.it\/blog\/wp-json\/wp\/v2\/posts\/7203"}],"collection":[{"href":"https:\/\/www.ventimigliablog.it\/blog\/wp-json\/wp\/v2\/posts"}],"about":[{"href":"https:\/\/www.ventimigliablog.it\/blog\/wp-json\/wp\/v2\/types\/post"}],"author":[{"embeddable":true,"href":"https:\/\/www.ventimigliablog.it\/blog\/wp-json\/wp\/v2\/users\/9"}],"replies":[{"embeddable":true,"href":"https:\/\/www.ventimigliablog.it\/blog\/wp-json\/wp\/v2\/comments?post=7203"}],"version-history":[{"count":1,"href":"https:\/\/www.ventimigliablog.it\/blog\/wp-json\/wp\/v2\/posts\/7203\/revisions"}],"predecessor-version":[{"id":7206,"href":"https:\/\/www.ventimigliablog.it\/blog\/wp-json\/wp\/v2\/posts\/7203\/revisions\/7206"}],"wp:attachment":[{"href":"https:\/\/www.ventimigliablog.it\/blog\/wp-json\/wp\/v2\/media?parent=7203"}],"wp:term":[{"taxonomy":"category","embeddable":true,"href":"https:\/\/www.ventimigliablog.it\/blog\/wp-json\/wp\/v2\/categories?post=7203"},{"taxonomy":"post_tag","embeddable":true,"href":"https:\/\/www.ventimigliablog.it\/blog\/wp-json\/wp\/v2\/tags?post=7203"}],"curies":[{"name":"wp","href":"https:\/\/api.w.org\/{rel}","templated":true}]}}