{"id":7223,"date":"2023-02-07T17:51:27","date_gmt":"2023-02-07T16:51:27","guid":{"rendered":"http:\/\/www.ventimigliablog.it\/blog\/?p=7223"},"modified":"2023-02-07T17:51:27","modified_gmt":"2023-02-07T16:51:27","slug":"elezioni-amministrative-a-ventimiglia-viste-da-saturno","status":"publish","type":"post","link":"https:\/\/www.ventimigliablog.it\/blog\/elezioni-amministrative-a-ventimiglia-viste-da-saturno\/","title":{"rendered":"Elezioni amministrative a Ventimiglia viste da Saturno."},"content":{"rendered":"<div class=\"x11i5rnm xat24cr x1mh8g0r x1vvkbs xdj266r x126k92a\">\n<div dir=\"auto\">\n<p><img loading=\"lazy\" decoding=\"async\" class=\"alignnone size-full wp-image-7224\" src=\"http:\/\/www.ventimigliablog.it\/blog\/wp-content\/uploads\/2023\/02\/giri.jpeg\" alt=\"\" width=\"520\" height=\"492\" srcset=\"https:\/\/www.ventimigliablog.it\/blog\/wp-content\/uploads\/2023\/02\/giri.jpeg 520w, https:\/\/www.ventimigliablog.it\/blog\/wp-content\/uploads\/2023\/02\/giri-300x284.jpeg 300w, https:\/\/www.ventimigliablog.it\/blog\/wp-content\/uploads\/2023\/02\/giri-317x300.jpeg 317w\" sizes=\"(max-width: 520px) 100vw, 520px\" \/> <img loading=\"lazy\" decoding=\"async\" class=\"alignnone size-full wp-image-7225\" src=\"http:\/\/www.ventimigliablog.it\/blog\/wp-content\/uploads\/2023\/02\/giri2.jpeg\" alt=\"\" width=\"878\" height=\"495\" srcset=\"https:\/\/www.ventimigliablog.it\/blog\/wp-content\/uploads\/2023\/02\/giri2.jpeg 878w, https:\/\/www.ventimigliablog.it\/blog\/wp-content\/uploads\/2023\/02\/giri2-300x169.jpeg 300w, https:\/\/www.ventimigliablog.it\/blog\/wp-content\/uploads\/2023\/02\/giri2-768x433.jpeg 768w, https:\/\/www.ventimigliablog.it\/blog\/wp-content\/uploads\/2023\/02\/giri2-500x282.jpeg 500w\" sizes=\"(max-width: 878px) 100vw, 878px\" \/>Quando a Torino studiavo \u201cin utroque iure\u201d diritto canonico e diritto ecclesiastico alla cattedra del canonico Luigi Maffeo, futuro Arcivescovo Titolare di Castello di Numidia e Ordinario Militare d\u2019Italia col grado di Generale di Corpo d\u2019Armata, mi ero imbattuto a mia insaputa in un bisavolo di Baby Yoda, vissuto ai tempi di Papa Gregorio IX e dei suoi Decretali.<\/div>\n<div dir=\"auto\">Il Pontefice era un fine giurista e quei documenti sono rimasti in vigore come \u201cCorpus Iuris Canonici\u201d fino al Codice del 1917 e come \u201cextra vagantia\u201d nel mondo laico hanno potentemente influenzato la pandettistica prussiana del Secondo Reich con giganti come Georg Beseler e Otto von Gierke.<\/div>\n<div dir=\"auto\">Successore vulcanico di San Pietro, Gregorio IX aveva gettato le basi degli \u201cActa Apostolicae Sedis\u201d, la futura Gazzetta Ufficiale vaticana che sopraggiunger\u00e0 poco dopo, aveva organizzato la sesta crociata ad Acri, aveva legittimato i due ordini religiosi dei frati predicatori domenicani e minori francescani e portato sugli altari i loro fondatori, Domenico di Guzm\u00e1n e Francesco d\u2019Assisi e due discepoli di quest\u2019ultimo, Elisabetta, Regina d&#8217;Ungheria e terziaria francescana, e Ant\u00f3nio da Padova e \u201cde Lisboa\u201d, portoghese come Jos\u00e9 M\u00e1rio dos Santos Mourinho F\u00e9lix, Patrono della Roma che domani sera gioca a Napoli.<\/div>\n<div dir=\"auto\">Baby Yoda era raffigurato in un manoscritto su pergamena nel personaggio biblico di Sansone mentre perde la pazienza con i Filistei che gli avevano tagliato i capelli.<\/div>\n<\/div>\n<div class=\"x11i5rnm xat24cr x1mh8g0r x1vvkbs xtlvy1s x126k92a\">\n<div dir=\"auto\">*****<\/div>\n<\/div>\n<div class=\"x11i5rnm xat24cr x1mh8g0r x1vvkbs xtlvy1s x126k92a\">\n<div dir=\"auto\">Col saio indosso l\u00ec per l\u00ec avevo scambiato Baby Yoda per un altro frate domenicano, Girolamo Savonarola, quello che nel Quattrocento voleva fare il \u201cCampo Largo\u201d a Firenze e \u201cmal gliene incolse\u201d, come \u00e8 capitato l\u2019altr\u2019anno con i cinque stelle a Letta.<\/div>\n<div dir=\"auto\">Ma poi la somiglianza con l\u2019immagine dell\u2019incunabolo mi ha riportato indietro ai tempi dei miei studi giovanili a Torino e ho capito che Baby Yoda \u00e8 uno dei \u201cnostri\u201d, anche il Divo Giulio aveva le orecchie larghe come le sue, il genoma \u00e8 lo stesso.<\/div>\n<div dir=\"auto\">E pure Gaetano Scullino detto \u201cTano\u201d ha il medesimo codice genetico per\u00f2 la sua \u00e8 la \u201cVariante Intemelia\u201d che non si trasmette dal pulpito ma \u201cporta a porta\u201d, in campagna elettorale.<\/div>\n<div dir=\"auto\">A primavera si vota a Ventimiglia e per Tano \u00e8 un invito a nozze.<\/div>\n<div dir=\"auto\">L\u2019esame pre-matrimoniale dei sondaggi lo ha superato con un 36,9 % ma con lui la Commissione Esaminatrice \u00e8 stata troppo severa, Tano meritava molto di pi\u00f9 e magari anche con qualche credito da spendere nelle elezioni provinciali di secondo livello.<\/div>\n<div dir=\"auto\">Cos\u00ec con la scusa del bisavolo biblico e della genetica andreottiana ho intervistato \u201cfra Baby Yoda\u201d per sentire come lui vedeva da Saturno la situazione della nostra corrente \u201cPrimavera\u201d qui a Ventimiglia.<\/div>\n<\/div>\n<div class=\"x11i5rnm xat24cr x1mh8g0r x1vvkbs xtlvy1s x126k92a\">\n<div dir=\"auto\">*****<\/div>\n<\/div>\n<div class=\"x11i5rnm xat24cr x1mh8g0r x1vvkbs xtlvy1s x126k92a\">\n<div dir=\"auto\">\u201cFigliuolo, mai confondere il sacro con il profano!\u201d, ha esordito, \u201cun conto sono le politiche e un altro le amministrative, alle politiche voi terrestri votate con il cuore e con il cervello, alle amministrative invece votate con tutti gli altri organi, soprattutto con orifizi e corpi cavernosi che ignorano i simboli dei Partiti.\u201d<\/div>\n<div dir=\"auto\">\u201cVentimiglia non fa eccezione e questa volta non sar\u00e0 la pancia l\u2019organo pi\u00f9 attivo ma il fegato per via dello stop traumatico che si \u00e8 verificato proprio nel momento cruciale per cose che toccano tutti i cittadini, le opere pubbliche in cantiere e diversi servizi essenziali sovracomunali.\u201d<\/div>\n<div dir=\"auto\">\u201cL\u2019amaro del fiele finir\u00e0 in bocca ai Partiti, gran parte dei loro elettori andr\u00e0 in libera uscita\u201d, la risposta alla prima domanda.<\/div>\n<div dir=\"auto\">Nelle interviste, diceva uno che se ne intendeva, \u201crispondono le domande, non le risposte che si limitano a confermarle\u201d e io ho fatto a Baby Yoda le domande \u201cfurbe\u201d che si intuiscono dalle risposte.<\/div>\n<div dir=\"auto\">\u201cSicuramente, senza il minimo dubbio\u201d, risponde fra Baby Yoda, \u201cil prossimo sindaco sar\u00e0 un disintossicante del fegato e visto che la cirrosi epatica \u00e8 figlia della sbornia dei Partiti nel 2019 sar\u00e0 espresso da una COLLETTIVIT\u00c0 SOCIALE, come l\u2019avrebbe definita von Gierke.\u201d<\/div>\n<div dir=\"auto\">Lo sentivo caldo e gli ho fatto una seconda domanda \u201cfurba\u201d.<\/div>\n<div dir=\"auto\">\u201cSicuramente, senza il minimo dubbio,\u201d risponde fra Baby Yoda, \u201cla terapia epatica comporta la presenza di un PRINCIPIO ATTIVO che deve essere ATTUALE, AUTENTICO e CONCRETO, veicolato da eccipienti che in questo momento sono in elaborazione.\u201d<\/div>\n<div dir=\"auto\">Terza domanda \u201cfurba\u201d.<\/div>\n<div dir=\"auto\">\u201cSicuramente, senza il minimo dubbio\u201d risponde fra Baby Yoda, \u201cla confusione del quadro elettorale a Ventimiglia \u00e8 da attribuire agli eccipienti. Fuor di metafora, se i quattro o cinque Partiti di centrodestra unito coagulano sar\u00e0 la fotocopia del 2019, altrimenti da \u201cLista Scullino Sindaco\u201d civica la COLLETTIVIT\u00c0 SOCIALE diventer\u00e0 indipendente e i suoi apparentamenti, e relative contropartite, saranno OPEN, non pi\u00f9 supportata da una coalizione di Partiti ma da una pluralit\u00e0 di liste di area che non siano tra di loro incompatibili.\u201d<\/div>\n<div dir=\"auto\">Quarta e ultima domanda \u201cfurbissima\u201d.<\/div>\n<div dir=\"auto\">\u201cSicuramente, senza il minimo dubbio\u201d risponde fra Baby Yoda, \u201ci Partiti hanno gli anticorpi, un loro sistema immunitario, e sinistra e destra nel secondo caso avranno i loro candidati-sindaco. Per\u00f2 come highlander ne rimarr\u00e0 solo uno al ballottaggio a giocarsela con la \u201cLista Scullino Sindaco\u201d indipendente, aperta alle liste di transfughi dai Partiti, ai \u201cfigliuoli prodighi pentiti\u201d e alle \u201cnew entry\u201d ecologiche &amp; giovanili.\u201d<\/div>\n<div dir=\"auto\">A questo punto, nel congedarmi da Baby Yoda, mi \u00e8 venuta in mente la consolazione di quello con la bella moglie che in paese la dava a tanti: \u201cMeglio mangiare una Saint-Honor\u00e8 in compagnia che una merda da soli.\u201d<\/div>\n<div dir=\"auto\">Ecco.<\/div>\n<\/div>\n\t<div class=\"quickshare-container\">\r\n\t<ul class=\"quickshare-text qs-genericons quickshare-small\">\r\n\t\t<li class=\"quickshare-share\">Condividi :<\/li> \r\n\t\t<li><a href=\"https:\/\/facebook.com\/sharer.php?u=https%3A%2F%2Fwww.ventimigliablog.it%2Fblog%2Felezioni-amministrative-a-ventimiglia-viste-da-saturno%2F&amp;t=Elezioni+amministrative+a+Ventimiglia+viste+da+Saturno.+<+Ventimigliablog\" target=\"_blank\" title=\"Share on Facebook\"><span class=\"quickshare-facebook\">Facebook<\/span><\/a><\/li>\t\t<li><a href=\"https:\/\/twitter.com\/intent\/tweet?url=https%3A%2F%2Fwww.ventimigliablog.it%2Fblog%2Felezioni-amministrative-a-ventimiglia-viste-da-saturno%2F&amp;text=Elezioni+amministrative+a+Ventimiglia+viste+da+Saturno.+<+Ventimigliablog\" target=\"_blank\" title=\"Share on Twitter\"><span class=\"quickshare-twitter\">Twitter<\/span><\/a><\/li>\t\t\t\t\t\t<li><a href=\"https:\/\/plus.google.com\/share?url=https%3A%2F%2Fwww.ventimigliablog.it%2Fblog%2Felezioni-amministrative-a-ventimiglia-viste-da-saturno%2F\" target=\"_blank\" title=\"Share on Google+\"><span class=\"quickshare-googleplus\">Google+<\/span><\/a><\/li>\t\t\t\t\t\t\t\t<li><a href=\"mailto:?subject=Ventimigliablog:+Elezioni+amministrative+a+Ventimiglia+viste+da+Saturno.&amp;body=https%3A%2F%2Fwww.ventimigliablog.it%2Fblog%2Felezioni-amministrative-a-ventimiglia-viste-da-saturno%2F\" target=\"_blank\" title=\"Share via Email\"><span class=\"quickshare-email\">Email<\/span><\/a><\/li>\t<\/ul>\r\n\t<\/div>\r\n","protected":false},"excerpt":{"rendered":"<p>Quando a Torino studiavo \u201cin utroque iure\u201d diritto canonico e diritto ecclesiastico alla cattedra del canonico Luigi Maffeo, futuro Arcivescovo Titolare di Castello di Numidia e Ordinario Militare d\u2019Italia col grado di Generale di Corpo d\u2019Armata, mi ero imbattuto a &hellip; <a href=\"https:\/\/www.ventimigliablog.it\/blog\/elezioni-amministrative-a-ventimiglia-viste-da-saturno\/\">Continua a leggere<span class=\"meta-nav\">&rarr;<\/span><\/a><\/p>\n","protected":false},"author":9,"featured_media":0,"comment_status":"open","ping_status":"closed","sticky":true,"template":"","format":"standard","meta":{"ngg_post_thumbnail":0,"footnotes":""},"categories":[1],"tags":[],"_links":{"self":[{"href":"https:\/\/www.ventimigliablog.it\/blog\/wp-json\/wp\/v2\/posts\/7223"}],"collection":[{"href":"https:\/\/www.ventimigliablog.it\/blog\/wp-json\/wp\/v2\/posts"}],"about":[{"href":"https:\/\/www.ventimigliablog.it\/blog\/wp-json\/wp\/v2\/types\/post"}],"author":[{"embeddable":true,"href":"https:\/\/www.ventimigliablog.it\/blog\/wp-json\/wp\/v2\/users\/9"}],"replies":[{"embeddable":true,"href":"https:\/\/www.ventimigliablog.it\/blog\/wp-json\/wp\/v2\/comments?post=7223"}],"version-history":[{"count":1,"href":"https:\/\/www.ventimigliablog.it\/blog\/wp-json\/wp\/v2\/posts\/7223\/revisions"}],"predecessor-version":[{"id":7226,"href":"https:\/\/www.ventimigliablog.it\/blog\/wp-json\/wp\/v2\/posts\/7223\/revisions\/7226"}],"wp:attachment":[{"href":"https:\/\/www.ventimigliablog.it\/blog\/wp-json\/wp\/v2\/media?parent=7223"}],"wp:term":[{"taxonomy":"category","embeddable":true,"href":"https:\/\/www.ventimigliablog.it\/blog\/wp-json\/wp\/v2\/categories?post=7223"},{"taxonomy":"post_tag","embeddable":true,"href":"https:\/\/www.ventimigliablog.it\/blog\/wp-json\/wp\/v2\/tags?post=7223"}],"curies":[{"name":"wp","href":"https:\/\/api.w.org\/{rel}","templated":true}]}}