{"id":7228,"date":"2023-02-07T17:53:09","date_gmt":"2023-02-07T16:53:09","guid":{"rendered":"http:\/\/www.ventimigliablog.it\/blog\/?p=7228"},"modified":"2023-02-07T17:53:09","modified_gmt":"2023-02-07T16:53:09","slug":"7228-2","status":"publish","type":"post","link":"https:\/\/www.ventimigliablog.it\/blog\/7228-2\/","title":{"rendered":""},"content":{"rendered":"<p>Uno spettro si aggira per Ventimiglia, \u00e8 lo spettro di Mazzini e della Carboneria&#8221;, scherza Baby Yoda mentre chiude &#8220;Das Kapital&#8221; con la dedica autografa di Marx.<br \/>\n\u00c8 il commento a un &#8220;ballon d&#8217;essai&#8221; lanciato dai leghisti &#8220;carbonari&#8221; che il giugno scorso hanno pugnalato alla schiena il sindaco Gaetano Scullino detto &#8220;Tano&#8221; e che alle politiche di tre mesi dopo sono stati castigati dagli elettori.<br \/>\n&#8220;\u00c8 un sondaggio del livello attuale di discredito che si sono tirati addosso e un emetico per fermare l&#8217;emorragia di GRANDI ELETTORI e di voti verso la fronda di Bossi&#8221;, conclude l&#8217;osservatore alieno.<br \/>\nSi tratta dell&#8217;annuncio che il capo dei congiurati si candida a succedere alla sua vittima e che il Presidente del Consiglio comunale che lo ha marchiato a fuoco come &#8220;carbonaro&#8221; considera &#8220;di alto profilo&#8221; la sua candidatura.<br \/>\nBaby Yoda lo aveva previsto ieri, era la variante CIVICA della &#8220;Lista Scullino Sindaco&#8221;, che cos\u00ec si allontanerebbe da una definizione positiva gi\u00e0 al primo turno a beneficio della variante INDIPENDENTE che aggrega liste di entrambe le aree, un po&#8217; come Scajola senior sta facendo a Imperia, ipotesi comunque sicura vincente al secondo turno.<\/p>\n<p>*****<\/p>\n<p>\u201cLa maggior parte dei sudditi crede di essere tale perch\u00e9 il re \u00e8 il Re. Non si rende conto in realt\u00e0 che lui lo \u00e8 perch\u00e9 loro sono sudditi\u201d, scrive Marx con una riflessione che si adatta a pennello ai sindaci.<br \/>\nSu Saturno in questo sono marxisti per\u00f2 alla rovescia nel senso che la consapevolezza lass\u00f9 la misurano non sui sudditi ma sul Re e Baby Yoda adesso lo fa sul sindaco di Ventimiglia<br \/>\n\u201cGaetano Scullino detto Tano sar\u00e0 anche un tiranno con i suoi collaboratori\u201d, osserva l\u2019alieno, \u201cper\u00f2 con i suoi concittadini si \u00e8 sempre comportato da suddito, qualche volta indisciplinato, per\u00f2 sempre devoto a Sua Maest\u00e0 il Popolo Sovrano\u201d.<br \/>\nI leghisti \u201ccarbonari\u201d insubordinati in agguato dal notaio credevano di compiere un tirannicidio e invece pugnalavano un suddito e la vendetta di tutti gli altri sudditi si \u00e8 consumata alle elezioni politiche di settembre scorso.<br \/>\nIpse dixit.<\/p>\n<p>*****<\/p>\n<p>A questo punto ho chiesto a Baby Yoda: \u201cMa Scullino se da INDIPENDENTE si apre alla sinistra come la mette dopo il &lt;&lt;Sie ist das Opium des Volks&gt;&gt; di Marx con la Curia intemelia e con Monsignor Antonio Suetta?\u201d<br \/>\nE lui mi ha ricordato che per il Presule la religione non \u00e8 solo teologia, lui in Cielo con San Paolo sapr\u00e0 certamente \u201ccui credidit\u201d per\u00f2 sulla vostra Terra crede nella \u201cCaritas\u201d e in Tano che si \u00e8 immolato per averla difesa nel \u201cCampo Roya\u201d e poi per aver tentato di trasferirla nel \u201cValun da Sorba\u201d a Latte.<br \/>\n\u201cE poi Marx non era ateo\u201d, ha aggiunto, \u201c\u00e8 stato frainteso\u201d.<br \/>\nE qui Baby Yoga mi ha tradotto dal tedesco il brano testuale: \u201cLa religione \u00e8 il sospiro di una creatura oppressa, il cuore di un mondo senza cuore, cos\u00ec come \u00e8 lo spirito di un ordine senz&#8217;anima. La religione \u00e8 l&#8217;oppio del popolo\u201d.<br \/>\nQuindi oppio inteso in senso positivo come lo intendeva il teologo cristiano Charles Kingsley, cio\u00e8 un lenimento al dolore, come adesso la cannabis.<br \/>\nSe vince Bonaccini alle primarie e torna Claudio I\u00b0 e se la Paita come Salom\u00e8 far\u00e0 la danza del ventre a Scullino va a finire che lui come Erode Antipa le offrir\u00e0 la testa di San Giovanni\u201d, Berrino.<br \/>\nBibbia a parte, con il \u201ccarbonaro\u201d che tiene famiglia e da sistemare, chiaramente un pesce fuor d\u2019acqua al Nomentano, l\u2019Ufficio Collocamento di via Bellerio dovrebbe trovargli un altro reddito di cittadinanza perch\u00e9 qui a Ventimiglia neppure la pentastellata Silvia Malivindi \u00e8 disposta a darglielo.<br \/>\nBruno Giri<img loading=\"lazy\" decoding=\"async\" class=\"alignnone size-full wp-image-7229\" src=\"http:\/\/www.ventimigliablog.it\/blog\/wp-content\/uploads\/2023\/02\/giri-1.jpeg\" alt=\"\" width=\"605\" height=\"451\" srcset=\"https:\/\/www.ventimigliablog.it\/blog\/wp-content\/uploads\/2023\/02\/giri-1.jpeg 605w, https:\/\/www.ventimigliablog.it\/blog\/wp-content\/uploads\/2023\/02\/giri-1-300x224.jpeg 300w, https:\/\/www.ventimigliablog.it\/blog\/wp-content\/uploads\/2023\/02\/giri-1-402x300.jpeg 402w\" sizes=\"(max-width: 605px) 100vw, 605px\" \/><\/p>\n\t<div class=\"quickshare-container\">\r\n\t<ul class=\"quickshare-text qs-genericons quickshare-small\">\r\n\t\t<li class=\"quickshare-share\">Condividi :<\/li> \r\n\t\t<li><a href=\"https:\/\/facebook.com\/sharer.php?u=https%3A%2F%2Fwww.ventimigliablog.it%2Fblog%2F7228-2%2F&amp;t=+<+Ventimigliablog\" target=\"_blank\" title=\"Share on Facebook\"><span class=\"quickshare-facebook\">Facebook<\/span><\/a><\/li>\t\t<li><a href=\"https:\/\/twitter.com\/intent\/tweet?url=https%3A%2F%2Fwww.ventimigliablog.it%2Fblog%2F7228-2%2F&amp;text=+<+Ventimigliablog\" target=\"_blank\" title=\"Share on Twitter\"><span class=\"quickshare-twitter\">Twitter<\/span><\/a><\/li>\t\t\t\t\t\t<li><a href=\"https:\/\/plus.google.com\/share?url=https%3A%2F%2Fwww.ventimigliablog.it%2Fblog%2F7228-2%2F\" target=\"_blank\" title=\"Share on Google+\"><span class=\"quickshare-googleplus\">Google+<\/span><\/a><\/li>\t\t\t\t\t\t\t\t<li><a href=\"mailto:?subject=Ventimigliablog:+&amp;body=https%3A%2F%2Fwww.ventimigliablog.it%2Fblog%2F7228-2%2F\" target=\"_blank\" title=\"Share via Email\"><span class=\"quickshare-email\">Email<\/span><\/a><\/li>\t<\/ul>\r\n\t<\/div>\r\n","protected":false},"excerpt":{"rendered":"<p>Uno spettro si aggira per Ventimiglia, \u00e8 lo spettro di Mazzini e della Carboneria&#8221;, scherza Baby Yoda mentre chiude &#8220;Das Kapital&#8221; con la dedica autografa di Marx. \u00c8 il commento a un &#8220;ballon d&#8217;essai&#8221; lanciato dai leghisti &#8220;carbonari&#8221; che il &hellip; <a href=\"https:\/\/www.ventimigliablog.it\/blog\/7228-2\/\">Continua a leggere<span class=\"meta-nav\">&rarr;<\/span><\/a><\/p>\n","protected":false},"author":9,"featured_media":0,"comment_status":"open","ping_status":"closed","sticky":true,"template":"","format":"standard","meta":{"ngg_post_thumbnail":0,"footnotes":""},"categories":[1],"tags":[],"_links":{"self":[{"href":"https:\/\/www.ventimigliablog.it\/blog\/wp-json\/wp\/v2\/posts\/7228"}],"collection":[{"href":"https:\/\/www.ventimigliablog.it\/blog\/wp-json\/wp\/v2\/posts"}],"about":[{"href":"https:\/\/www.ventimigliablog.it\/blog\/wp-json\/wp\/v2\/types\/post"}],"author":[{"embeddable":true,"href":"https:\/\/www.ventimigliablog.it\/blog\/wp-json\/wp\/v2\/users\/9"}],"replies":[{"embeddable":true,"href":"https:\/\/www.ventimigliablog.it\/blog\/wp-json\/wp\/v2\/comments?post=7228"}],"version-history":[{"count":1,"href":"https:\/\/www.ventimigliablog.it\/blog\/wp-json\/wp\/v2\/posts\/7228\/revisions"}],"predecessor-version":[{"id":7230,"href":"https:\/\/www.ventimigliablog.it\/blog\/wp-json\/wp\/v2\/posts\/7228\/revisions\/7230"}],"wp:attachment":[{"href":"https:\/\/www.ventimigliablog.it\/blog\/wp-json\/wp\/v2\/media?parent=7228"}],"wp:term":[{"taxonomy":"category","embeddable":true,"href":"https:\/\/www.ventimigliablog.it\/blog\/wp-json\/wp\/v2\/categories?post=7228"},{"taxonomy":"post_tag","embeddable":true,"href":"https:\/\/www.ventimigliablog.it\/blog\/wp-json\/wp\/v2\/tags?post=7228"}],"curies":[{"name":"wp","href":"https:\/\/api.w.org\/{rel}","templated":true}]}}