{"id":7231,"date":"2023-02-07T17:55:34","date_gmt":"2023-02-07T16:55:34","guid":{"rendered":"http:\/\/www.ventimigliablog.it\/blog\/?p=7231"},"modified":"2023-02-07T17:55:34","modified_gmt":"2023-02-07T16:55:34","slug":"7231-2","status":"publish","type":"post","link":"https:\/\/www.ventimigliablog.it\/blog\/7231-2\/","title":{"rendered":""},"content":{"rendered":"<p><img loading=\"lazy\" decoding=\"async\" class=\"alignnone size-full wp-image-7232\" src=\"http:\/\/www.ventimigliablog.it\/blog\/wp-content\/uploads\/2023\/02\/giri-2.jpeg\" alt=\"\" width=\"550\" height=\"436\" srcset=\"https:\/\/www.ventimigliablog.it\/blog\/wp-content\/uploads\/2023\/02\/giri-2.jpeg 550w, https:\/\/www.ventimigliablog.it\/blog\/wp-content\/uploads\/2023\/02\/giri-2-300x238.jpeg 300w, https:\/\/www.ventimigliablog.it\/blog\/wp-content\/uploads\/2023\/02\/giri-2-378x300.jpeg 378w\" sizes=\"(max-width: 550px) 100vw, 550px\" \/><\/p>\n<p>Venerd\u00ec scorso 27 gennaio Baby Yoda mi ha spedito l\u2019Ordinanza n. 00324\/2023 con la quale la sezione quinta del Consiglio di Stato in sede giurisdizionale ha accolto l\u2019istanza cautelare di sospensione dell&#8217;esecutivit\u00e0 della sentenza dal TAR che ha annullato il procedimento di restyling di Porto Vecchio qui a Sanremo.<br \/>\nCapisco che c\u2019\u00e8 il Festival, che Zelenski \u00e8 pi\u00f9 importante di Piras, e \u201cubi maior minor cessat\u201d per\u00f2 almeno due righe potevano starci.<br \/>\nInvece niente, nemmeno sulla data di trattazione nel merito e in pubblica udienza del ricorso fissata, all\u2019insaputa generale, per gioved\u00ec 11 maggio 2023.<\/p>\n<p>*****<\/p>\n<p>Dopo una settimana di tenebra accendere una candela mi \u00e8 sembrato doveroso, se non altro per rispetto delle vittime di questo imbroglio e Baby Yoda non si \u00e8 sottratto al mio invito a farlo.<br \/>\n\u201c\u00c8 un enigma dentro un indovinello avvolto in un mistero\u201d la sua risposta.<br \/>\nAlla faccia della trasparenza.<br \/>\nL\u2019enigma, mi spiega usando le parole dell\u2019Ordinanza, riguarda \u201cla determinazione di AGGIUDICAZIONE conclusiva della procedura in contestazione\u201d la quale \u00e8 oggetto di \u201cimpegno assunto dal Comune di Sanremo, trasfuso in atti e puntualizzato in sede di discussione, di non FORMALIZZARE, prima della definizione nel merito della controversia\u201d, cio\u00e8 prima di gioved\u00ec 11 maggio prossimo.<br \/>\nNon sono bruscolini, il valore stimato, IVA esclusa, \u00e8 di \u20ac 636 885 000,00 avete letto bene, \u201cseicentotrentaseimilioniottocentoottantacinquemila euro virgola zerozero\u201d, non mi sono sbagliato e la durata \u00e8 di 780 mesi, una vita lunga 65 anni.<br \/>\nMa non \u00e8 questo il punto perch\u00e9 non siamo ancora alla conclusione, fissata alle nove di luned\u00ec 13 febbraio prossimo, quando si apriranno le buste delle offerte che avrebbero dovuto pervenire in Comune entro le 13 di luned\u00ec scorso 30 gennaio, termine fissato dal bando di gara europea.<br \/>\nIl punto \u00e8 il verbo \u201cFORMALIZZARE\u201d, il capolinea.<br \/>\nQuesto perch\u00e9 la forma \u00e8 l\u2019involucro della sostanza.<br \/>\nSostanza che in questo caso si chiama \u201caffidamento\u201d nella legittimit\u00e0 di una offerta all\u2019asta di chi, prima della sentenza del TAR, ha impegnato risorse in un contratto aleatorio ma non soggetto, dopo il suo annullamento, a una condizione risolutiva.<br \/>\n\u201cNon si cambiano le regole con la gara in corso\u201d, conclude Baby Yoda, \u201ce in questo caso le regole non cambiavano alle 13 di luned\u00ec 30 gennaio ma cambieranno se alla 9 di luned\u00ec prossimo 13 febbraio Biancheri aprir\u00e0 la\/e busta\/e anche senza \u201cFORMALIZZARE\u201d l\u2019esito della gara che per sua natura aleatoria non deve necessariamente concludersi con una \u201cAGGIUDICAZIONE\u201d (come si legge nell\u2019Ordinanza) ma pu\u00f2 andare deserta.<\/p>\n<p>*****<\/p>\n<p>\u201cL\u2019indovinello riguarda il comportamento di Portosole Club Nautico Internazionale Sanremo S.p.A.\u201d mi spiega Baby Yoda, \u201cla societ\u00e0 convenuta che non si \u00e8 costituita in giudizio per resistere al ricorso presentato contro di lei dalla societ\u00e0 che ha appena acquistato, ma che \u00e8 portatrice di un doppio affidamento, rispetto alla legittimit\u00e0 dell\u2019offerta in gara e anche di non aver comprato una patacca con vizi occulti.\u201d<br \/>\nBaby Yoda su questo punto non smetteva pi\u00f9 di ridere: \u201cHanno presentato buste separate? Oppure una sola? E in questo secondo caso, come annunciato, al ribasso? Prelazione al ribasso, non al rialzo come il rilancio a poker? E le varianti al ribasso non cambiano anche loro le regole in corso di gara?\u201d<br \/>\nIndovinala grillo.<\/p>\n<p>*****<\/p>\n<p>Il mistero che avvolge il tutto riguarda infine una curiosa espressione che si legge nell\u2019Ordinanza per giustificare la decisione di \u201cinibire, nelle more, l\u2019efficacia esecutiva della sentenza impugnata\u201d.<br \/>\nSi tratta del \u201cragionevole bilanciamento degli interessi in conflitto\u201d.<br \/>\nCuriosa perch\u00e9 di interesse dovrebbe essercene uno solo, quello PUBBLICO, che non deve essere bilanciato ma riconosciuto oppure escluso.<br \/>\nE questo per Baby Yoda \u00e8 il mistero.<br \/>\nTutte cose che nel buio e nel silenzio cosmico andavano dette, anche col Festival alle porte<br \/>\nBruno Giri<\/p>\n\t<div class=\"quickshare-container\">\r\n\t<ul class=\"quickshare-text qs-genericons quickshare-small\">\r\n\t\t<li class=\"quickshare-share\">Condividi :<\/li> \r\n\t\t<li><a href=\"https:\/\/facebook.com\/sharer.php?u=https%3A%2F%2Fwww.ventimigliablog.it%2Fblog%2F7231-2%2F&amp;t=+<+Ventimigliablog\" target=\"_blank\" title=\"Share on Facebook\"><span class=\"quickshare-facebook\">Facebook<\/span><\/a><\/li>\t\t<li><a href=\"https:\/\/twitter.com\/intent\/tweet?url=https%3A%2F%2Fwww.ventimigliablog.it%2Fblog%2F7231-2%2F&amp;text=+<+Ventimigliablog\" target=\"_blank\" title=\"Share on Twitter\"><span class=\"quickshare-twitter\">Twitter<\/span><\/a><\/li>\t\t\t\t\t\t<li><a href=\"https:\/\/plus.google.com\/share?url=https%3A%2F%2Fwww.ventimigliablog.it%2Fblog%2F7231-2%2F\" target=\"_blank\" title=\"Share on Google+\"><span class=\"quickshare-googleplus\">Google+<\/span><\/a><\/li>\t\t\t\t\t\t\t\t<li><a href=\"mailto:?subject=Ventimigliablog:+&amp;body=https%3A%2F%2Fwww.ventimigliablog.it%2Fblog%2F7231-2%2F\" target=\"_blank\" title=\"Share via Email\"><span class=\"quickshare-email\">Email<\/span><\/a><\/li>\t<\/ul>\r\n\t<\/div>\r\n","protected":false},"excerpt":{"rendered":"<p>Venerd\u00ec scorso 27 gennaio Baby Yoda mi ha spedito l\u2019Ordinanza n. 00324\/2023 con la quale la sezione quinta del Consiglio di Stato in sede giurisdizionale ha accolto l\u2019istanza cautelare di sospensione dell&#8217;esecutivit\u00e0 della sentenza dal TAR che ha annullato il &hellip; <a href=\"https:\/\/www.ventimigliablog.it\/blog\/7231-2\/\">Continua a leggere<span class=\"meta-nav\">&rarr;<\/span><\/a><\/p>\n","protected":false},"author":9,"featured_media":0,"comment_status":"open","ping_status":"closed","sticky":true,"template":"","format":"standard","meta":{"ngg_post_thumbnail":0,"footnotes":""},"categories":[1],"tags":[],"_links":{"self":[{"href":"https:\/\/www.ventimigliablog.it\/blog\/wp-json\/wp\/v2\/posts\/7231"}],"collection":[{"href":"https:\/\/www.ventimigliablog.it\/blog\/wp-json\/wp\/v2\/posts"}],"about":[{"href":"https:\/\/www.ventimigliablog.it\/blog\/wp-json\/wp\/v2\/types\/post"}],"author":[{"embeddable":true,"href":"https:\/\/www.ventimigliablog.it\/blog\/wp-json\/wp\/v2\/users\/9"}],"replies":[{"embeddable":true,"href":"https:\/\/www.ventimigliablog.it\/blog\/wp-json\/wp\/v2\/comments?post=7231"}],"version-history":[{"count":1,"href":"https:\/\/www.ventimigliablog.it\/blog\/wp-json\/wp\/v2\/posts\/7231\/revisions"}],"predecessor-version":[{"id":7233,"href":"https:\/\/www.ventimigliablog.it\/blog\/wp-json\/wp\/v2\/posts\/7231\/revisions\/7233"}],"wp:attachment":[{"href":"https:\/\/www.ventimigliablog.it\/blog\/wp-json\/wp\/v2\/media?parent=7231"}],"wp:term":[{"taxonomy":"category","embeddable":true,"href":"https:\/\/www.ventimigliablog.it\/blog\/wp-json\/wp\/v2\/categories?post=7231"},{"taxonomy":"post_tag","embeddable":true,"href":"https:\/\/www.ventimigliablog.it\/blog\/wp-json\/wp\/v2\/tags?post=7231"}],"curies":[{"name":"wp","href":"https:\/\/api.w.org\/{rel}","templated":true}]}}