{"id":7243,"date":"2023-02-07T18:05:06","date_gmt":"2023-02-07T17:05:06","guid":{"rendered":"http:\/\/www.ventimigliablog.it\/blog\/?p=7243"},"modified":"2023-02-07T18:05:06","modified_gmt":"2023-02-07T17:05:06","slug":"baby-yoda-free-lance","status":"publish","type":"post","link":"https:\/\/www.ventimigliablog.it\/blog\/baby-yoda-free-lance\/","title":{"rendered":"Baby Yoda free lance"},"content":{"rendered":"<div class=\"x11i5rnm xat24cr x1mh8g0r x1vvkbs xdj266r x126k92a\">\n<div dir=\"auto\">A partire da questa mattina, venerd\u00ec 3 febbraio 2023, e fino alla rielezione di Tano a Ventimiglia, l\u2019inviato speciale free lance Baby Yoda prende servizio come addetto alla rassegna stampa quotidiana con incarico specifico dei pro memoria e delle smentite. (Ordine di Servizio n. 1)<\/div>\n<div dir=\"auto\">*****<\/div>\n<div dir=\"auto\">Sanremonews 4 Febbraio 2023<\/div>\n<\/div>\n<div class=\"x11i5rnm xat24cr x1mh8g0r x1vvkbs xtlvy1s x126k92a\">\n<div dir=\"auto\">Ventimiglia, Toti: &#8220;Serve sindaco con maggioranza stabile che lavori molto per la citt\u00e0&#8221;<\/div>\n<div dir=\"auto\">&#8220;E&#8217; una citt\u00e0 che pu\u00f2 crescere moltissimo e serve un interlocutore al pi\u00f9 presto&#8221; &#8211; dice il presidente della Regione Liguria\u201d.<\/div>\n<\/div>\n<div class=\"x11i5rnm xat24cr x1mh8g0r x1vvkbs xtlvy1s x126k92a\">\n<div dir=\"auto\">*****<\/div>\n<\/div>\n<div class=\"x11i5rnm xat24cr x1mh8g0r x1vvkbs xtlvy1s x126k92a\">\n<div dir=\"auto\">Nous voil\u00e0, notre Pr\u00e9sident!<\/div>\n<div dir=\"auto\">Eccoci, nostro Presidente!<\/div>\n<div dir=\"auto\">Here we come, our President!<\/div>\n<div dir=\"auto\">Fasciu picin ma ben ligau, sci\u00f9 Presidente.<\/p>\n<p>Bruno Giri<\/p>\n<p><img loading=\"lazy\" decoding=\"async\" class=\"alignnone  wp-image-7236\" src=\"http:\/\/www.ventimigliablog.it\/blog\/wp-content\/uploads\/2023\/02\/giri-3.jpeg\" alt=\"\" width=\"570\" height=\"402\" \/><img loading=\"lazy\" decoding=\"async\" class=\"alignnone  wp-image-7241\" src=\"http:\/\/www.ventimigliablog.it\/blog\/wp-content\/uploads\/2023\/02\/giri-4.jpeg\" alt=\"\" width=\"243\" height=\"137\" \/><img loading=\"lazy\" decoding=\"async\" class=\"wp-image-7240 alignleft\" src=\"http:\/\/www.ventimigliablog.it\/blog\/wp-content\/uploads\/2023\/02\/giri2-2.jpeg\" alt=\"\" width=\"283\" height=\"214\" \/><\/div>\n<\/div>\n\t<div class=\"quickshare-container\">\r\n\t<ul class=\"quickshare-text qs-genericons quickshare-small\">\r\n\t\t<li class=\"quickshare-share\">Condividi :<\/li> \r\n\t\t<li><a href=\"https:\/\/facebook.com\/sharer.php?u=https%3A%2F%2Fwww.ventimigliablog.it%2Fblog%2Fbaby-yoda-free-lance%2F&amp;t=Baby+Yoda+free+lance+<+Ventimigliablog\" target=\"_blank\" title=\"Share on Facebook\"><span class=\"quickshare-facebook\">Facebook<\/span><\/a><\/li>\t\t<li><a href=\"https:\/\/twitter.com\/intent\/tweet?url=https%3A%2F%2Fwww.ventimigliablog.it%2Fblog%2Fbaby-yoda-free-lance%2F&amp;text=Baby+Yoda+free+lance+<+Ventimigliablog\" target=\"_blank\" title=\"Share on Twitter\"><span class=\"quickshare-twitter\">Twitter<\/span><\/a><\/li>\t\t\t\t\t\t<li><a href=\"https:\/\/plus.google.com\/share?url=https%3A%2F%2Fwww.ventimigliablog.it%2Fblog%2Fbaby-yoda-free-lance%2F\" target=\"_blank\" title=\"Share on Google+\"><span class=\"quickshare-googleplus\">Google+<\/span><\/a><\/li>\t\t\t\t\t\t\t\t<li><a href=\"mailto:?subject=Ventimigliablog:+Baby+Yoda+free+lance&amp;body=https%3A%2F%2Fwww.ventimigliablog.it%2Fblog%2Fbaby-yoda-free-lance%2F\" target=\"_blank\" title=\"Share via Email\"><span class=\"quickshare-email\">Email<\/span><\/a><\/li>\t<\/ul>\r\n\t<\/div>\r\n","protected":false},"excerpt":{"rendered":"<p>A partire da questa mattina, venerd\u00ec 3 febbraio 2023, e fino alla rielezione di Tano a Ventimiglia, l\u2019inviato speciale free lance Baby Yoda prende servizio come addetto alla rassegna stampa quotidiana con incarico specifico dei pro memoria e delle smentite. &hellip; <a href=\"https:\/\/www.ventimigliablog.it\/blog\/baby-yoda-free-lance\/\">Continua a leggere<span class=\"meta-nav\">&rarr;<\/span><\/a><\/p>\n","protected":false},"author":9,"featured_media":0,"comment_status":"open","ping_status":"closed","sticky":true,"template":"","format":"standard","meta":{"ngg_post_thumbnail":0,"footnotes":""},"categories":[1],"tags":[],"_links":{"self":[{"href":"https:\/\/www.ventimigliablog.it\/blog\/wp-json\/wp\/v2\/posts\/7243"}],"collection":[{"href":"https:\/\/www.ventimigliablog.it\/blog\/wp-json\/wp\/v2\/posts"}],"about":[{"href":"https:\/\/www.ventimigliablog.it\/blog\/wp-json\/wp\/v2\/types\/post"}],"author":[{"embeddable":true,"href":"https:\/\/www.ventimigliablog.it\/blog\/wp-json\/wp\/v2\/users\/9"}],"replies":[{"embeddable":true,"href":"https:\/\/www.ventimigliablog.it\/blog\/wp-json\/wp\/v2\/comments?post=7243"}],"version-history":[{"count":1,"href":"https:\/\/www.ventimigliablog.it\/blog\/wp-json\/wp\/v2\/posts\/7243\/revisions"}],"predecessor-version":[{"id":7244,"href":"https:\/\/www.ventimigliablog.it\/blog\/wp-json\/wp\/v2\/posts\/7243\/revisions\/7244"}],"wp:attachment":[{"href":"https:\/\/www.ventimigliablog.it\/blog\/wp-json\/wp\/v2\/media?parent=7243"}],"wp:term":[{"taxonomy":"category","embeddable":true,"href":"https:\/\/www.ventimigliablog.it\/blog\/wp-json\/wp\/v2\/categories?post=7243"},{"taxonomy":"post_tag","embeddable":true,"href":"https:\/\/www.ventimigliablog.it\/blog\/wp-json\/wp\/v2\/tags?post=7243"}],"curies":[{"name":"wp","href":"https:\/\/api.w.org\/{rel}","templated":true}]}}