{"id":7286,"date":"2023-03-27T15:31:39","date_gmt":"2023-03-27T13:31:39","guid":{"rendered":"http:\/\/www.ventimigliablog.it\/blog\/?p=7286"},"modified":"2023-03-27T15:31:39","modified_gmt":"2023-03-27T13:31:39","slug":"la-gatta-il-volpone-e-gli-altri-due-nel-campo-dei-miracoli-e-i-pinocchietti-con-la-scheda-e-la-matita-in-mano-il-quadretto","status":"publish","type":"post","link":"https:\/\/www.ventimigliablog.it\/blog\/la-gatta-il-volpone-e-gli-altri-due-nel-campo-dei-miracoli-e-i-pinocchietti-con-la-scheda-e-la-matita-in-mano-il-quadretto\/","title":{"rendered":"La Gatta, il Volpone e gli altri due nel &#8220;Campo dei Miracoli&#8221; e i Pinocchietti con la scheda e la matita  in mano, il quadretto."},"content":{"rendered":"<p>Dopo la sbornia elettorale chi paga il conto?<br \/>\nAll\u2019Elettore Medio di Ventimiglia non dovrebbe interessare il sesso del candidato sindaco e neppure che si tratti di una Fenice che rinasce dalle sue ceneri romane o che sia una salamandra sopravvissuta all\u2019incendio che ha incenerito la sinistra.<br \/>\nQuesta notte con l\u2019ora legale \u00e8 venuta l\u2019ora per l\u2019Elettore Medio di guardare in faccia la realt\u00e0 e di tirare le somme.<br \/>\nCovid, tempesta ALEX.1 e tanicidio hanno colpito duro e adesso arriva con ALEX.2 il colpo di grazia.<br \/>\nInvece il terzetto di candidati chiede all\u2019Elettore Medio di mettere la testa sotto la sabbia e lo struzzo \u00e8 d\u2019accordo perch\u00e9 ha altro da fare, \u00e8 impegnato a far quadrare i conti a casa sua.<br \/>\n\u201cOgnuno per s\u00e9 e Dio per tutti\u201d, risponde l\u2019Elettore Medio senza sapere che a Ventimiglia Dio si \u00e8 distratto.<br \/>\nIl terzetto di candidati sindaco nasconde la realt\u00e0 perch\u00e9 \u00e8 impotente a affrontarla e punta sul modesto livello di competenza dell\u2019Elettore Medio che gli impedisce di capirla fino in fondo.<br \/>\nQuando gliela spiego da \u201cimparato\u201d so di parlare ai sordi e di masturbare dei defunti per\u00f2 non rinuncio per una questione morale che mi impedisce di fingere di non vedere.<\/p>\n<p>*****<\/p>\n<p>Non sono io ma \u00e8 il Commissario straordinario a fare il conto degli assegni postdatati da coprire \u201ca Babbo morto\u201d e senza contare le cambiali in bianco da pagare che il prossimo sindaco eredita e si trova in portafoglio.<br \/>\nIl totale sulla carta, puramente ipotetico, \u00e8 quello del Triennale 2023-2024-2025 delle opere pubbliche approvato il 29 dicembre 2022 con i poteri sostitutivi di una Giunta che non c\u2019\u00e8: \u20ac 100.384.880,00 esatti di \u201cgiro d\u2019affari\u201d programmato al quale il privato dovrebbe contribuire con \u20ac 30.994.535,00 cio\u00e8 per circa un terzo e che quindi ridurrebbe a \u20ac 69.390.345 l\u2019onere a carico del Bilancio comunale<br \/>\n\u00c8 una \u201clenzuolata\u201d caritatevole e ingannevole di interventi che bisogna saper leggere e che \u00e8 arabo per l\u2019Elettore Medio al quale bisogna fare qualche esempio.<\/p>\n<p>*****<\/p>\n<p>Prendiamo i parcheggi, sigla Pk che \u201cante Tanum interdictum\u201d andava da 1 a 14 e che saltando il Pk5 erano tredici, quantitativo che il Commissario straordinario ha ridotto a otto Pk, numeri: 3 (Calvo), 4 (Torri), da 6 a 10 (in successione: San Secondo Nord, Roverino, piazza Costituente, via Veneto, piazza della Libert\u00e0) e 12 (Ponte san Lodovico).<br \/>\n*****<\/p>\n<p>Degli 8 Pk superstiti quello che pi\u00f9 aiuta l\u2019Elettore Medio a capire \u00e8 il Pk8, \u201cParcheggio interrato piazza Costituente &#8211; DGC 91\/21\u201d al quale la Delibera commissariale del 29 dicembre 2022 assegna \u201cpriorit\u00e0 minima\u201d.<br \/>\nInvece per la Gatta e il Volpone il parcheggio ha la \u201cpriorit\u00e0 massima\u201d, per i due dopo aver preso per il culo Geppetto Scullino in Comune adesso questo \u00e8 diventato il loro \u201cCampo dei Miracoli\u201d nel quale portare i Pinocchietti Medi a seppellire il voto.<br \/>\nIl costo del parcheggio \u00e8 di \u20ac 3.314.043,00 coperto dal privato in \u201cproject financing\u201d con un contributo di \u20ac 1.988.426,00 e con la differenza di \u20ac 1.325.617,15 a carico del Bilancio comunale.<br \/>\nCaro Pinocchietto Medio, su questo Pk8 beccati la prima bugia pietosa e caritatevole, perch\u00e9 per carit\u00e0 di Patria nasconde che due mesi e 26 giorni prima il \u201cproject financing\u201d era saltato a causa della tempesta ALEX.2 del 3 ottobre 2022 che ha annullato la variante al PUC e travolto il masterplan \u201cBorgo del Forte\u201d e il waterfront degli Scoglietti e della Marina di San Giuseppe.<br \/>\nBugia che \u00e8 pure ingannevole perch\u00e9 la delibera ha \u201cPRESO ATTO CHE \u2026tra gli interventi posti in programmazione triennale 2023 \/ 2025\u2026non \u00e8 prevista la realizzazione di opere attraverso contratti di concessione o di partenariato pubblico privato\u201d e nasconde l\u2019esatto contrario perch\u00e9 i \u201cproject financing\u201d sono addirittura sei, due impossibili e quattro col \u201cGratta e Vinci\u201d.<br \/>\nCio\u00e8 con l\u2019apertura a fisarmonica presso la Cassa Depositi e Prestiti di un prestito flessibile di \u20ac 15.530.827,52 approvata dal Consiglio comunale l\u20198 luglio 2021, parte del quale -appunto- per l\u2019importo di \u20ac 1.325.617,15 doveva servire alla copertura del 60% del costo del parcheggio di piazza Costituente da realizzare in partenariato pubblico-privato.<br \/>\nConclusione: per colpa di ALEX.2 e visto che il parcheggio di piazza Costituente Pk8 non si pu\u00f2 pi\u00f9 fare, ma quand\u2019anche -per assurdo- non fosse cos\u00ec, il suo costo sarebbe non pi\u00f9 di \u20ac 1.325.617,15 ma di \u20ac 3.314.043,00.<br \/>\nUn onere interamente a carico del Comune perch\u00e9 le condizioni del partenariato sono state annullate dal Decreto n. 6062 del 3 ottobre 2022 della Regione Liguria.<br \/>\nDi riflesso il contributo complessivo dei privati da \u20ac 30.994.535,00 scende a \u20ac 29.006.109,00 mentre sale a \u20ac 71.378.771 l\u2019onere a carico del Comune.<br \/>\nE non finisce l\u00ec, perch\u00e9 questo \u00e8 soltanto un esempio.<\/p>\n<p>*****<\/p>\n<p>Un secondo parcheggio, quello con la sigla Pk 10, \u00e8 in offerta speciale al privato al prezzo promozionale di \u20ac 8.000.000 sotto forma di \u201cproject financing\u201d ma si tratta di un pacco perch\u00e8 impossibile da realizzare.<br \/>\nAppartiene all\u2019archeologia amministrativa, risale a 14 anni fa quando il Consiglio comunale con deliberazione n. 22 lo ha approvato senza immaginare che con ALEX.2 piazza della Libert\u00e0 sarebbe finita in zona inondabile A di inedificabilit\u00e0 assoluta.<br \/>\nQuindi secondo le mie stime dopo ALEX.2 l\u2019onere per il Comune sale a \u20ac 79.378.771 e l\u2019apporto dei privati cala a \u20ac 21.006.109 cio\u00e8 da un terzo scende a un quinto del costo complessivo nel triennio delle opere pubbliche comunali.<br \/>\nLa differenza rispetto alla stima sotto la sabbia di \u20ac 30.994.535 fatta dal Commissario straordinario se si fermasse a questi due esempi sarebbe grasso che cola.<br \/>\nMa non \u00e8 cos\u00ec, il giorno della nomina del sindaco \u00e8 quello di scadenza delle 20 cambiali che il Commissario straordinario gli ha lasciato nel cassetto col timbro \u201cMassima urgenza\u201d per un totale di \u20ac 37.512.689 molte delle quali da pagare con soldi a destinazione vincolata per legge e con vincoli di consegna dei lavori entro termini oramai al lumicino dopo un anno sabbatico di commissariamento dell\u2019Ente.<br \/>\nNe cito qualcuno a caso: i sette milioni di via Freccero o i due del Centro Anziani o i due della protezione del litorale, tutti del PNRR senza dimenticare le urgenza collaterali, tipo i 5 milioni della \u201cCasa della Salute\u201d che l\u2019Asl1 rischia di dover restituire.<\/p>\n<p>*****<\/p>\n<p>Poi ci sono le cambiali da pagare a Madre Natura, dagli \u20ac 785.000 per intervenire in argine destro del Roya in via Trossarelli per metterla in sicurezza ai tre milioni per fare la stessa cosa in argine sinistro, dai 15 milioni della passerella al milione e mezzo di via Due Camini e alla massa di interventi alle Ville, a Grimaldi Superiore e ad affrontare criticit\u00e0 del fronte collinare un po\u2019 dappertutto.<br \/>\nTutte cose che \u00e8 meglio non si sappiano in giro e soprattutto che non lo vengano a saperle gli Elettori Medi ai quali bisogno raccontare la favola del Bene che trionfer\u00e0 sul Male, dove il Male \u00e8 l\u2019uomo solo al comando che disobbedisce ai Partiti e il Bene \u00e8 uno di loro tre, a scelta, l\u2019importante \u00e8 restare nel giro, l\u2019Ufficiale Giudiziario pu\u00f2 attendere, domani \u00e8 un altro giorno.<br \/>\nSappiatevelo.<br \/>\nBruno Giri<\/p>\n<p><img loading=\"lazy\" decoding=\"async\" class=\"alignnone size-full wp-image-7287\" src=\"http:\/\/www.ventimigliablog.it\/blog\/wp-content\/uploads\/2023\/03\/giri-2.jpeg\" alt=\"\" width=\"294\" height=\"297\" \/><\/p>\n\t<div class=\"quickshare-container\">\r\n\t<ul class=\"quickshare-text qs-genericons quickshare-small\">\r\n\t\t<li class=\"quickshare-share\">Condividi :<\/li> \r\n\t\t<li><a href=\"https:\/\/facebook.com\/sharer.php?u=https%3A%2F%2Fwww.ventimigliablog.it%2Fblog%2Fla-gatta-il-volpone-e-gli-altri-due-nel-campo-dei-miracoli-e-i-pinocchietti-con-la-scheda-e-la-matita-in-mano-il-quadretto%2F&amp;t=La+Gatta%2C+il+Volpone+e+gli+altri+due+nel+%26%238220%3BCampo+dei+Miracoli%26%238221%3B+e+i+Pinocchietti+con+la+scheda+e+la+matita++in+mano%2C+il+quadretto.+<+Ventimigliablog\" target=\"_blank\" title=\"Share on Facebook\"><span class=\"quickshare-facebook\">Facebook<\/span><\/a><\/li>\t\t<li><a href=\"https:\/\/twitter.com\/intent\/tweet?url=https%3A%2F%2Fwww.ventimigliablog.it%2Fblog%2Fla-gatta-il-volpone-e-gli-altri-due-nel-campo-dei-miracoli-e-i-pinocchietti-con-la-scheda-e-la-matita-in-mano-il-quadretto%2F&amp;text=La+Gatta%2C+il+Volpone+e+gli+altri+due+nel+%26%238220%3BCampo+dei+Miracoli%26%238221%3B+e+i+Pinocchietti+con+la+scheda+e+la+matita++in+mano%2C+il+quadretto.+<+Ventimigliablog\" target=\"_blank\" title=\"Share on Twitter\"><span class=\"quickshare-twitter\">Twitter<\/span><\/a><\/li>\t\t\t\t\t\t<li><a href=\"https:\/\/plus.google.com\/share?url=https%3A%2F%2Fwww.ventimigliablog.it%2Fblog%2Fla-gatta-il-volpone-e-gli-altri-due-nel-campo-dei-miracoli-e-i-pinocchietti-con-la-scheda-e-la-matita-in-mano-il-quadretto%2F\" target=\"_blank\" title=\"Share on Google+\"><span class=\"quickshare-googleplus\">Google+<\/span><\/a><\/li>\t\t\t\t\t\t\t\t<li><a href=\"mailto:?subject=Ventimigliablog:+La+Gatta%2C+il+Volpone+e+gli+altri+due+nel+%26%238220%3BCampo+dei+Miracoli%26%238221%3B+e+i+Pinocchietti+con+la+scheda+e+la+matita++in+mano%2C+il+quadretto.&amp;body=https%3A%2F%2Fwww.ventimigliablog.it%2Fblog%2Fla-gatta-il-volpone-e-gli-altri-due-nel-campo-dei-miracoli-e-i-pinocchietti-con-la-scheda-e-la-matita-in-mano-il-quadretto%2F\" target=\"_blank\" title=\"Share via Email\"><span class=\"quickshare-email\">Email<\/span><\/a><\/li>\t<\/ul>\r\n\t<\/div>\r\n","protected":false},"excerpt":{"rendered":"<p>Dopo la sbornia elettorale chi paga il conto? All\u2019Elettore Medio di Ventimiglia non dovrebbe interessare il sesso del candidato sindaco e neppure che si tratti di una Fenice che rinasce dalle sue ceneri romane o che sia una salamandra sopravvissuta &hellip; <a href=\"https:\/\/www.ventimigliablog.it\/blog\/la-gatta-il-volpone-e-gli-altri-due-nel-campo-dei-miracoli-e-i-pinocchietti-con-la-scheda-e-la-matita-in-mano-il-quadretto\/\">Continua a leggere<span class=\"meta-nav\">&rarr;<\/span><\/a><\/p>\n","protected":false},"author":9,"featured_media":0,"comment_status":"open","ping_status":"closed","sticky":true,"template":"","format":"standard","meta":{"ngg_post_thumbnail":0,"footnotes":""},"categories":[1],"tags":[],"_links":{"self":[{"href":"https:\/\/www.ventimigliablog.it\/blog\/wp-json\/wp\/v2\/posts\/7286"}],"collection":[{"href":"https:\/\/www.ventimigliablog.it\/blog\/wp-json\/wp\/v2\/posts"}],"about":[{"href":"https:\/\/www.ventimigliablog.it\/blog\/wp-json\/wp\/v2\/types\/post"}],"author":[{"embeddable":true,"href":"https:\/\/www.ventimigliablog.it\/blog\/wp-json\/wp\/v2\/users\/9"}],"replies":[{"embeddable":true,"href":"https:\/\/www.ventimigliablog.it\/blog\/wp-json\/wp\/v2\/comments?post=7286"}],"version-history":[{"count":1,"href":"https:\/\/www.ventimigliablog.it\/blog\/wp-json\/wp\/v2\/posts\/7286\/revisions"}],"predecessor-version":[{"id":7288,"href":"https:\/\/www.ventimigliablog.it\/blog\/wp-json\/wp\/v2\/posts\/7286\/revisions\/7288"}],"wp:attachment":[{"href":"https:\/\/www.ventimigliablog.it\/blog\/wp-json\/wp\/v2\/media?parent=7286"}],"wp:term":[{"taxonomy":"category","embeddable":true,"href":"https:\/\/www.ventimigliablog.it\/blog\/wp-json\/wp\/v2\/categories?post=7286"},{"taxonomy":"post_tag","embeddable":true,"href":"https:\/\/www.ventimigliablog.it\/blog\/wp-json\/wp\/v2\/tags?post=7286"}],"curies":[{"name":"wp","href":"https:\/\/api.w.org\/{rel}","templated":true}]}}