{"id":7427,"date":"2023-05-17T15:53:07","date_gmt":"2023-05-17T13:53:07","guid":{"rendered":"http:\/\/www.ventimigliablog.it\/blog\/?p=7427"},"modified":"2023-05-17T15:53:07","modified_gmt":"2023-05-17T13:53:07","slug":"7427-2","status":"publish","type":"post","link":"https:\/\/www.ventimigliablog.it\/blog\/7427-2\/","title":{"rendered":""},"content":{"rendered":"<p><a href=\"https:\/\/www.sanremonews.it\/2023\/05\/12\/leggi-notizia\/argomenti\/politica-1\/articolo\/ventimiglia-verso-le-amministrative-scullino-governero-con-medesimo-impegno-e-passione-foto.html\">https:\/\/www.sanremonews.it\/2023\/05\/12\/leggi-notizia\/argomenti\/politica-1\/articolo\/ventimiglia-verso-le-amministrative-scullino-governero-con-medesimo-impegno-e-passione-foto.html<\/a><a href=\"https:\/\/www.rivieratime.news\/\"><br \/>\n<\/a><\/p>\n<div class=\"csc-header\">\n<h3><span class=\"news-list-category-header\">POLITICA<\/span> | <span class=\"news-list-date-header\">12 maggio 2023, 07:31<\/span><\/h3>\n<\/div>\n<div class=\"news-single-item\">\n<h1 class=\"title\">Ventimiglia verso le amministrative, Scullino: &#8220;Governer\u00f2 con medesimo impegno e passione\u201d (Foto e video)<\/h1>\n<div class=\"a2a_kit a2a_kit_size_32 a2a_default_style\" data-a2a-url=\"\">\n<div><\/div>\n<\/div>\n<h2 class=\"subheader\">\u201cNon volevo lasciare nulla in sospeso. Se rivestir\u00f2 il ruolo di sindaco porter\u00f2 a termine tutti i progetti incompiuti\u201d &#8211; dice il candidato della citt\u00e0 di confine<\/h2>\n<div class=\"news-single-image\"><a href=\"https:\/\/www.sanremonews.it\/typo3temp\/pics\/G_4516abeb26.jpg\" rel=\"lightbox[lb1349067]\"><img loading=\"lazy\" decoding=\"async\" title=\"Ventimiglia verso le amministrative, Scullino: &amp;quot;Governer\u00f2 con medesimo impegno e passione\u201d (Foto e video)\" src=\"https:\/\/www.sanremonews.it\/typo3temp\/pics\/G_5116da5a09.jpg\" alt=\"Ventimiglia verso le amministrative, Scullino: &amp;quot;Governer\u00f2 con medesimo impegno e passione\u201d (Foto e video)\" width=\"510\" height=\"256\" border=\"0\" \/><\/a><\/div>\n<p><ins class=\"adsbygoogle\" data-ad-layout=\"in-article\" data-ad-format=\"fluid\" data-ad-client=\"ca-pub-6433461509023241\" data-ad-slot=\"2556045539\" data-adsbygoogle-status=\"done\" data-ad-status=\"filled\"><\/p>\n<div id=\"aswift_2_host\" tabindex=\"0\" title=\"Advertisement\" aria-label=\"Advertisement\"><\/div>\n<p><\/ins><\/p>\n<div class=\"news-single-content\">\n<p dir=\"ltr\"><i>\u201cMi sono ricandidato perch\u00e9 non mi sono sentito di abbandonare l\u2019impegno che avevo sottoscritto con i ventimigliesi&#8221; <\/i>&#8211; dice il<b> candidato sindaco di Ventimiglia Gaetano Scullino<\/b> &#8211;<i> \u201cSono di nuovo qui a richiedere a tutti i cittadini la fiducia e, se l\u2019avr\u00f2, <b>riprender\u00f2 a governare la citt\u00e0 con il medesimo spirito di servizio, il medesimo impegno e la medesima passione\u201d.<\/b><\/i><\/p>\n<p dir=\"ltr\">\n<div class=\"rwd-video\"><iframe loading=\"lazy\" src=\"https:\/\/www.youtube.com\/embed\/pni5ZW-nfss\" width=\"340\" height=\"191\" frameborder=\"0\" allowfullscreen=\"allowfullscreen\" data-mce-fragment=\"1\"><\/iframe><\/div>\n<p>&nbsp;<\/p>\n<p dir=\"ltr\"><i>\u201cNon volevo lasciare nulla in sospeso\u201d<\/i> &#8211; sottolinea <b>Scullino <\/b>in corsa alle elezioni amministrative del 14 e 15 maggio con tre liste (<b>Scullino Sindaco, Scelgo Ventimiglia Scullino Sindaco e Democrazia Cristiana)<\/b> e il supporto di <b>Liberali e Riformisti, il nuovo Psi, e Combatti per i diritti <\/b>&#8211;<i> \u201cIl 12 giugno del 2022 la Lega di Di Muro mi ha tolto la fiducia e si \u00e8 alleato con la sinistra facendo cadere l\u2019Amministrazione a due anni dalla fine del mandato. Naturalmente il programma che avevamo concordato con i ventimigliesi non si \u00e8 potuto concludere anche perch\u00e9 in questi tre anni di amministrazione abbiamo dovuto affrontare il problema del Covid e la tempesta Alex e, quindi, la priorit\u00e0 \u00e8 stata quella di ripristinare i servizi e la viabilit\u00e0\u201d.<\/i><\/p>\n<p dir=\"ltr\"><i>\u201cSi \u00e8 fermata la parte amministrativa, come la costruzione della passerella che la furia del Roja ci ha portato via. Non \u00e8 stato possibile completare i progetti che erano gi\u00e0 pronti perch\u00e9 si \u00e8 preferito avere il commissario prefettizio e, cos\u00ec, tutto si \u00e8 fermato. Se rivestir\u00f2 il ruolo di sindaco <b>porter\u00f2 a termine tutti i progetti che non ho potuto terminare\u201d<\/b><\/i>&#8211; conclude Scullino.<\/p>\n<\/div>\n<div class=\"news_single_gallery\">\n<div class=\"news_single_gallery_el\"><a href=\"https:\/\/www.sanremonews.it\/typo3temp\/pics\/G_5556c21ce4.jpg\" rel=\"lightbox[lb1349067]\"><img loading=\"lazy\" decoding=\"async\" title=\"\" src=\"https:\/\/www.sanremonews.it\/typo3temp\/pics\/G_7cb7b64cc2.jpg\" alt=\"\" width=\"113\" height=\"85\" border=\"0\" \/><\/a><\/div>\n<div class=\"news_single_gallery_el\"><a href=\"https:\/\/www.sanremonews.it\/typo3temp\/pics\/G_3fae94c6b4.jpg\" rel=\"lightbox[lb1349067]\"><img loading=\"lazy\" decoding=\"async\" title=\"\" src=\"https:\/\/www.sanremonews.it\/typo3temp\/pics\/G_fae4caac42.jpg\" alt=\"\" width=\"113\" height=\"85\" border=\"0\" \/><\/a><\/div>\n<div class=\"news_single_gallery_el\"><a href=\"https:\/\/www.sanremonews.it\/typo3temp\/pics\/G_690496b86d.jpg\" rel=\"lightbox[lb1349067]\"><img loading=\"lazy\" decoding=\"async\" title=\"\" src=\"https:\/\/www.sanremonews.it\/typo3temp\/pics\/G_c9ea9eef90.jpg\" alt=\"\" width=\"113\" height=\"85\" border=\"0\" \/><\/a><\/div>\n<div class=\"news_single_gallery_el\"><a href=\"https:\/\/www.sanremonews.it\/typo3temp\/pics\/G_a52d79b15f.jpg\" rel=\"lightbox[lb1349067]\"><img loading=\"lazy\" decoding=\"async\" title=\"\" src=\"https:\/\/www.sanremonews.it\/typo3temp\/pics\/G_8a0a320e37.jpg\" alt=\"\" width=\"113\" height=\"85\" border=\"0\" \/><\/a><\/div>\n<div class=\"news_single_gallery_el\"><a href=\"https:\/\/www.sanremonews.it\/typo3temp\/pics\/G_c536c4dd0e.jpg\" rel=\"lightbox[lb1349067]\"><img loading=\"lazy\" decoding=\"async\" title=\"\" src=\"https:\/\/www.sanremonews.it\/typo3temp\/pics\/G_60245c8e4b.jpg\" alt=\"\" width=\"113\" height=\"85\" border=\"0\" \/><\/a><\/div>\n<div class=\"news_single_gallery_el\"><a href=\"https:\/\/www.sanremonews.it\/typo3temp\/pics\/G_00940daa2e.jpg\" rel=\"lightbox[lb1349067]\"><img loading=\"lazy\" decoding=\"async\" title=\"\" src=\"https:\/\/www.sanremonews.it\/typo3temp\/pics\/G_42b90f7412.jpg\" alt=\"\" width=\"113\" height=\"85\" border=\"0\" \/><\/a><\/div>\n<div class=\"news_single_gallery_el\"><a href=\"https:\/\/www.sanremonews.it\/typo3temp\/pics\/G_ff05f4c060.jpg\" rel=\"lightbox[lb1349067]\"><img loading=\"lazy\" decoding=\"async\" title=\"\" src=\"https:\/\/www.sanremonews.it\/typo3temp\/pics\/G_107cb10ddc.jpg\" alt=\"\" width=\"113\" height=\"85\" border=\"0\" \/><\/a><\/div>\n<div class=\"news_single_gallery_el\"><a href=\"https:\/\/www.sanremonews.it\/typo3temp\/pics\/G_dc2a349f58.jpg\" rel=\"lightbox[lb1349067]\"><img loading=\"lazy\" decoding=\"async\" title=\"\" src=\"https:\/\/www.sanremonews.it\/typo3temp\/pics\/G_e17fb63313.jpg\" alt=\"\" width=\"113\" height=\"85\" border=\"0\" \/><\/a><\/div>\n<div class=\"news_single_gallery_el\"><a href=\"https:\/\/www.sanremonews.it\/typo3temp\/pics\/G_fbb29e3805.jpg\" rel=\"lightbox[lb1349067]\"><img loading=\"lazy\" decoding=\"async\" title=\"\" src=\"https:\/\/www.sanremonews.it\/typo3temp\/pics\/G_8e2a76487e.jpg\" alt=\"\" width=\"113\" height=\"85\" border=\"0\" \/><\/a><\/div>\n<div class=\"news_single_gallery_el\"><a href=\"https:\/\/www.sanremonews.it\/typo3temp\/pics\/G_e6497ea3ae.jpg\" rel=\"lightbox[lb1349067]\"><img loading=\"lazy\" decoding=\"async\" title=\"\" src=\"https:\/\/www.sanremonews.it\/typo3temp\/pics\/G_ee6b92b98a.jpg\" alt=\"\" width=\"113\" height=\"85\" border=\"0\" \/><\/a><\/div>\n<div class=\"news_single_gallery_el\"><a href=\"https:\/\/www.sanremonews.it\/typo3temp\/pics\/S_9715a5ead0.jpeg\" rel=\"lightbox[lb1349067]\"><img loading=\"lazy\" decoding=\"async\" title=\"\" src=\"https:\/\/www.sanremonews.it\/typo3temp\/pics\/S_410645ccbe.jpeg\" alt=\"\" width=\"113\" height=\"85\" border=\"0\" \/><\/a><\/div>\n<\/div>\n<div class=\"news-single-additional-info\"><\/div>\n<\/div>\n\t<div class=\"quickshare-container\">\r\n\t<ul class=\"quickshare-text qs-genericons quickshare-small\">\r\n\t\t<li class=\"quickshare-share\">Condividi :<\/li> \r\n\t\t<li><a href=\"https:\/\/facebook.com\/sharer.php?u=https%3A%2F%2Fwww.ventimigliablog.it%2Fblog%2F7427-2%2F&amp;t=+<+Ventimigliablog\" target=\"_blank\" title=\"Share on Facebook\"><span class=\"quickshare-facebook\">Facebook<\/span><\/a><\/li>\t\t<li><a href=\"https:\/\/twitter.com\/intent\/tweet?url=https%3A%2F%2Fwww.ventimigliablog.it%2Fblog%2F7427-2%2F&amp;text=+<+Ventimigliablog\" target=\"_blank\" title=\"Share on Twitter\"><span class=\"quickshare-twitter\">Twitter<\/span><\/a><\/li>\t\t\t\t\t\t<li><a href=\"https:\/\/plus.google.com\/share?url=https%3A%2F%2Fwww.ventimigliablog.it%2Fblog%2F7427-2%2F\" target=\"_blank\" title=\"Share on Google+\"><span class=\"quickshare-googleplus\">Google+<\/span><\/a><\/li>\t\t\t\t\t\t\t\t<li><a href=\"mailto:?subject=Ventimigliablog:+&amp;body=https%3A%2F%2Fwww.ventimigliablog.it%2Fblog%2F7427-2%2F\" target=\"_blank\" title=\"Share via Email\"><span class=\"quickshare-email\">Email<\/span><\/a><\/li>\t<\/ul>\r\n\t<\/div>\r\n","protected":false},"excerpt":{"rendered":"<p>https:\/\/www.sanremonews.it\/2023\/05\/12\/leggi-notizia\/argomenti\/politica-1\/articolo\/ventimiglia-verso-le-amministrative-scullino-governero-con-medesimo-impegno-e-passione-foto.html POLITICA | 12 maggio 2023, 07:31 Ventimiglia verso le amministrative, Scullino: &#8220;Governer\u00f2 con medesimo impegno e passione\u201d (Foto e video) \u201cNon volevo lasciare nulla in sospeso. Se rivestir\u00f2 il ruolo di sindaco porter\u00f2 a termine tutti i progetti incompiuti\u201d &hellip; <a href=\"https:\/\/www.ventimigliablog.it\/blog\/7427-2\/\">Continua a leggere<span class=\"meta-nav\">&rarr;<\/span><\/a><\/p>\n","protected":false},"author":9,"featured_media":0,"comment_status":"open","ping_status":"closed","sticky":true,"template":"","format":"standard","meta":{"ngg_post_thumbnail":0,"footnotes":""},"categories":[1],"tags":[],"_links":{"self":[{"href":"https:\/\/www.ventimigliablog.it\/blog\/wp-json\/wp\/v2\/posts\/7427"}],"collection":[{"href":"https:\/\/www.ventimigliablog.it\/blog\/wp-json\/wp\/v2\/posts"}],"about":[{"href":"https:\/\/www.ventimigliablog.it\/blog\/wp-json\/wp\/v2\/types\/post"}],"author":[{"embeddable":true,"href":"https:\/\/www.ventimigliablog.it\/blog\/wp-json\/wp\/v2\/users\/9"}],"replies":[{"embeddable":true,"href":"https:\/\/www.ventimigliablog.it\/blog\/wp-json\/wp\/v2\/comments?post=7427"}],"version-history":[{"count":1,"href":"https:\/\/www.ventimigliablog.it\/blog\/wp-json\/wp\/v2\/posts\/7427\/revisions"}],"predecessor-version":[{"id":7428,"href":"https:\/\/www.ventimigliablog.it\/blog\/wp-json\/wp\/v2\/posts\/7427\/revisions\/7428"}],"wp:attachment":[{"href":"https:\/\/www.ventimigliablog.it\/blog\/wp-json\/wp\/v2\/media?parent=7427"}],"wp:term":[{"taxonomy":"category","embeddable":true,"href":"https:\/\/www.ventimigliablog.it\/blog\/wp-json\/wp\/v2\/categories?post=7427"},{"taxonomy":"post_tag","embeddable":true,"href":"https:\/\/www.ventimigliablog.it\/blog\/wp-json\/wp\/v2\/tags?post=7427"}],"curies":[{"name":"wp","href":"https:\/\/api.w.org\/{rel}","templated":true}]}}