{"id":7464,"date":"2023-06-14T16:37:45","date_gmt":"2023-06-14T14:37:45","guid":{"rendered":"http:\/\/www.ventimigliablog.it\/blog\/?p=7464"},"modified":"2023-06-14T16:37:45","modified_gmt":"2023-06-14T14:37:45","slug":"in-memoria-di-silvio-berlusconi","status":"publish","type":"post","link":"https:\/\/www.ventimigliablog.it\/blog\/in-memoria-di-silvio-berlusconi\/","title":{"rendered":"In memoria di Silvio Berlusconi"},"content":{"rendered":"<div dir=\"auto\">Nel momento in cui tutta la Nazione \u00e8 scossa dalla notizia della morte di Silvio Berlusconi, ogni cittadino ed ogni collettivit\u00e0 non pu\u00f2 fare a meno di rivolgere il pensiero a chi, per almeno un quarantennio, ha avuto un impatto decisivo sulla vita del Paese. E quando dico impatto penso alla vita economica, sociale, politica di una comunit\u00e0.<\/div>\n<div dir=\"auto\">Di Silvio Berlusconi , in questi giorni, abbiamo conosciuto ogni risvolto, e questo ha messo in luce aspetti dell\u2019uomo che in altri momenti non erano apparsi o erano stati volutamente oscurati.<\/div>\n<div dir=\"auto\"><\/div>\n<div dir=\"auto\">Di lui voglio ricordare &#8211; e in questo contesto ritengo di essere la persona pi\u00f9 idonea a farlo &#8211; il grande impegno politico profuso nella fondazione del partito di Forza Italia, nel 1994, raccogliendo l\u2019 eredit\u00e0 dei partiti di centro -destra, a colmare un vuoto che poteva portare una deriva illiberale e antidemocratica. Con la sua capacita di leader, Berlusconi aggreg\u00f2 altre forme partitiche, componendo una alleanza innovativa ancora oggi riscontrabile nella vita politica italiana e , venendo a noi, nella congerie cittadina. Il principio unificatore era, per tutti, la rivendicazione del liberalismo, del riformismo, del conservatorismo moderato in cui trovava condivisione la dottrina sociale della Chiesa nel porre la famiglia a nucleo fondamentale della societ\u00e0 e la persona al centro dei suoi diritti individuali.<\/p>\n<\/div>\n<div dir=\"auto\">A Ventimiglia, si pu\u00f2 dire che il partito da lui fondato, e via via fatto crescere anche a livello locale, sia stato presente \u00a0con risultati positivi da allora e sino ad oggi, sempre largamente condiviso e con nuove e attuali alleanze e convergenze. Credo che la presenza di Silvio Berlusconi abbia segnato profondamente la vita economica italiana nonch\u00e9 la vita sociale.<\/div>\n<div dir=\"auto\">Voglio per questo richiamare la sua statura di imprenditore attraverso le grandi aziende che portano la sua firma e che occupano, a livello nazionale e internazionale, il mondo del lavoro, della comunicazione, dello sport, della finanza. \u00a0 Voglio anche sottolineare la sua presenza in ogni settore della vita pubblica, leader indiscusso e a volte vituperato, sempre attento ai cambiamenti, all\u2019 innovazione, alla sperimentazione. Sempre con coraggiosa, sottile ironia e fascino nell\u2019affrontare le sfide della vita.<\/div>\n<div dir=\"auto\">Per l\u2019unicit\u00e0 della persona e le sue grandi doti umane, per la sua rilevante presenza in ogni aspetto della societ\u00e0 civile, per la forza che a Ventimiglia ha avuto il suo pensiero politico e sociale<\/div>\n<div dir=\"auto\"><\/div>\n<div dir=\"auto\">Propongo<\/div>\n<h1 dir=\"auto\"><span style=\"font-weight: normal;\">Che la citt\u00e0 dedichi alla memoria di Silvio Berlusconi il belvedere del nuovo tratto di pista ciclo-pedonale in via di allestimento. Un nuovo chilometro che riassume in s\u00e8 l\u2019 invito al movimento , al guardare sempre verso l\u2019orizzonte, a ricaricarsi col riposo per percorrere fortemente un cammino.<br \/>\nE se questo fosse ritenuto riduttivo al confronto della personalit\u00e0 straordinaria di Berlusconi, si lascia comunque all\u2019Amministrazione la facolt\u00e0 di decidere altro luogo adatto a ricordare la grande statura politica, imprenditoriale, sportiva che Berlusconi ha evidenziato<\/span><\/h1>\n<h2 dir=\"auto\"><\/h2>\n<div dir=\"auto\">Gaetano Scullino<\/div>\n\t<div class=\"quickshare-container\">\r\n\t<ul class=\"quickshare-text qs-genericons quickshare-small\">\r\n\t\t<li class=\"quickshare-share\">Condividi :<\/li> \r\n\t\t<li><a href=\"https:\/\/facebook.com\/sharer.php?u=https%3A%2F%2Fwww.ventimigliablog.it%2Fblog%2Fin-memoria-di-silvio-berlusconi%2F&amp;t=In+memoria+di+Silvio+Berlusconi+<+Ventimigliablog\" target=\"_blank\" title=\"Share on Facebook\"><span class=\"quickshare-facebook\">Facebook<\/span><\/a><\/li>\t\t<li><a href=\"https:\/\/twitter.com\/intent\/tweet?url=https%3A%2F%2Fwww.ventimigliablog.it%2Fblog%2Fin-memoria-di-silvio-berlusconi%2F&amp;text=In+memoria+di+Silvio+Berlusconi+<+Ventimigliablog\" target=\"_blank\" title=\"Share on Twitter\"><span class=\"quickshare-twitter\">Twitter<\/span><\/a><\/li>\t\t\t\t\t\t<li><a href=\"https:\/\/plus.google.com\/share?url=https%3A%2F%2Fwww.ventimigliablog.it%2Fblog%2Fin-memoria-di-silvio-berlusconi%2F\" target=\"_blank\" title=\"Share on Google+\"><span class=\"quickshare-googleplus\">Google+<\/span><\/a><\/li>\t\t\t\t\t\t\t\t<li><a href=\"mailto:?subject=Ventimigliablog:+In+memoria+di+Silvio+Berlusconi&amp;body=https%3A%2F%2Fwww.ventimigliablog.it%2Fblog%2Fin-memoria-di-silvio-berlusconi%2F\" target=\"_blank\" title=\"Share via Email\"><span class=\"quickshare-email\">Email<\/span><\/a><\/li>\t<\/ul>\r\n\t<\/div>\r\n","protected":false},"excerpt":{"rendered":"<p>Nel momento in cui tutta la Nazione \u00e8 scossa dalla notizia della morte di Silvio Berlusconi, ogni cittadino ed ogni collettivit\u00e0 non pu\u00f2 fare a meno di rivolgere il pensiero a chi, per almeno un quarantennio, ha avuto un impatto &hellip; <a href=\"https:\/\/www.ventimigliablog.it\/blog\/in-memoria-di-silvio-berlusconi\/\">Continua a leggere<span class=\"meta-nav\">&rarr;<\/span><\/a><\/p>\n","protected":false},"author":9,"featured_media":0,"comment_status":"open","ping_status":"closed","sticky":true,"template":"","format":"standard","meta":{"ngg_post_thumbnail":0,"footnotes":""},"categories":[1],"tags":[],"_links":{"self":[{"href":"https:\/\/www.ventimigliablog.it\/blog\/wp-json\/wp\/v2\/posts\/7464"}],"collection":[{"href":"https:\/\/www.ventimigliablog.it\/blog\/wp-json\/wp\/v2\/posts"}],"about":[{"href":"https:\/\/www.ventimigliablog.it\/blog\/wp-json\/wp\/v2\/types\/post"}],"author":[{"embeddable":true,"href":"https:\/\/www.ventimigliablog.it\/blog\/wp-json\/wp\/v2\/users\/9"}],"replies":[{"embeddable":true,"href":"https:\/\/www.ventimigliablog.it\/blog\/wp-json\/wp\/v2\/comments?post=7464"}],"version-history":[{"count":1,"href":"https:\/\/www.ventimigliablog.it\/blog\/wp-json\/wp\/v2\/posts\/7464\/revisions"}],"predecessor-version":[{"id":7465,"href":"https:\/\/www.ventimigliablog.it\/blog\/wp-json\/wp\/v2\/posts\/7464\/revisions\/7465"}],"wp:attachment":[{"href":"https:\/\/www.ventimigliablog.it\/blog\/wp-json\/wp\/v2\/media?parent=7464"}],"wp:term":[{"taxonomy":"category","embeddable":true,"href":"https:\/\/www.ventimigliablog.it\/blog\/wp-json\/wp\/v2\/categories?post=7464"},{"taxonomy":"post_tag","embeddable":true,"href":"https:\/\/www.ventimigliablog.it\/blog\/wp-json\/wp\/v2\/tags?post=7464"}],"curies":[{"name":"wp","href":"https:\/\/api.w.org\/{rel}","templated":true}]}}