{"id":747,"date":"2013-01-05T13:42:34","date_gmt":"2013-01-05T12:42:34","guid":{"rendered":"http:\/\/www.ventimigliablog.it\/blog\/?p=747"},"modified":"2013-07-11T13:22:29","modified_gmt":"2013-07-11T11:22:29","slug":"dedicato-a-tutte-le-persone-gravemente-ammalate-la-fede-puo-curare-insieme-alla-medicina","status":"publish","type":"post","link":"https:\/\/www.ventimigliablog.it\/blog\/dedicato-a-tutte-le-persone-gravemente-ammalate-la-fede-puo-curare-insieme-alla-medicina\/","title":{"rendered":"Dedicato a tutte le persone gravemente ammalate: la fede puo&#8217; curare insieme alla medicina."},"content":{"rendered":"<h1>La fede puo&#8217; aiutare le persone malate ad accettare la malattia, ad essere piu&#8217; sereni, puo&#8217; curare ed aiutare la medicina.\u00a0 Siamo andati a cercare quanto aveva detto\u00a0il Pontefice Benedetto XVI,\u00a0rivolgendosi ai fedeli che affollavano Piazza San Pietro a Roma, nell\u2019introdurre la preghiera dell\u2019Angelus, nel febbaio 2011, ed uno studio\u00a0di un gruppo di ricercatori della Chicago University, Illinois, dopo aver intervistato circa 242 donne sopravvissute al tumore.\u00a0\u00a0<!--more--><\/h1>\n<div id=\"article\">\n<p>Secondo Benedetto XVI, \u00e8 paradossale, ma \u201cla malattia pu\u00f2 essere un momento salutare in cui si pu\u00f2 sperimentare l\u2019attenzione degli altri e donare attenzione agli altri!\u201d.<\/p>\n<p>\u201cLa malattia \u00e8 una prova &#8211; ha aggiunto il Pontefice &#8211; che pu\u00f2 diventare lunga e difficile e quando la guarigione non arriva e le sofferenze si prolungano, si pu\u00f2\u00a0 rimanere come schiacciati, isolati, e allora la nostra esistenza si deprime e si disumanizza\u201d.<\/p>\n<p>Alla domande su come reagire all\u2019attacco del male, Benedetto XVI ha ringraziato la medicina che \u201cha fatto passi da gigante\u201d ma \u201cla Parola di Dio ci insegna che c\u2019\u00e8 un atteggiamento decisivo e di fondo con cui affrontare la malattia ed \u00e8 quello della fede in Dio, nella sua bont\u00e0\u201d.<\/p>\n<p>\u201cLa tua fede ti ha salvato\u201d, dice Ges\u00f9 alle persone che ha guarito, e\u00a0 \u201cpersino di fronte alla morte, la fede pu\u00f2 rendere possibile ci\u00f2 che umanamente \u00e8 impossibile\u201d.<\/p>\n<p>Ma fede in che cosa? Il Pontefice ha replicato: \u201cNell\u2019amore di Dio. Ecco la vera risposta, che sconfigge radicalmente il Male. Come Ges\u00f9 ha affrontato il Maligno con la forza dell\u2019amore che gli veniva dal Padre, cos\u00ec anche noi possiamo affrontare e vincere la prova della malattia tenendo il nostro cuore immerso nell\u2019amore di Dio\u201d.<\/p>\n<p>Insieme alla fede il Papa ha chiesto amorevole carit\u00e0, \u201cnella malattia &#8211; ha sostenuto &#8211; abbiamo tutti bisogno di calore umano: per confortare una persona malata, pi\u00f9 che le parole, conta la vicinanza serena e sincera\u201d.<\/p>\n<p>Sull&#8217;importanza della fede come aiuto alla medicina, questo \u00e8 quanto afferma un gruppo di ricercatori della Chicago University, Illinois, dopo aver intervistato circa 242 donne sopravvissute al tumore.<\/p>\n<p>&#8220;Le donne affette da tumore al seno sono spesso sopraffatte dalla paura e dallo sconforto al momento della diagnosi, ma questo non accade a chi possiede una profonda fede o, comunque, una intensa vita spirituale.Il ruolo della fede nella vita delle persone appare sempre pi\u00f9 importante, ma diviene addirittura &#8220;terapeutico&#8221; quando si tratta di dover affrontare terribili malattie come, ad esempio, il cancro della mammella. Le pazienti intervistate infatti hanno affermato di sentirsi in pace con se stesse e di trovare un grande conforto nella spiritualit\u00e0. Gli studiosi hanno osservato che in questi soggetti lo stress, l&#8217;ansia e la depressione che di solito accompagnano diagnosi cos\u00ec dure erano praticamente assenti. Per molte persone questo significa un significativo miglioramento della prognosi. Ci sono molte spiegazioni per questo fenomeno: chi possiede una fede profonda \u00e8 convinto che la sua vita ha uno scopo ben definito e che \u00e8 possibile trovare un senso nella propria malattia. Appare evidente anche ai pi\u00f9 scettici che riuscire a rispondere a domande come &#8220;Perch\u00e9 questo \u00e8 capitato proprio a me?&#8221; e riuscire a vivere la malattia come un&#8217;opportunit\u00e0 per mettere alla prova la propria fede sia gi\u00e0 un ottimo punto di partenza per qualsiasi terapia o trattamento. Sembra che la fede aiuti a dare un senso a tutto quello che ci succede e proprio nella fede molte persone trovano il coraggio per accettare e superare le terribili sofferenze conseguenti ad una patologia come, appunto, il cancro.&#8221;<\/p>\n<p>5 gennaio 2012 &#8211; Marco Prestileo<\/p>\n<\/div>\n\t<div class=\"quickshare-container\">\r\n\t<ul class=\"quickshare-text qs-genericons quickshare-small\">\r\n\t\t<li class=\"quickshare-share\">Condividi :<\/li> \r\n\t\t<li><a href=\"https:\/\/facebook.com\/sharer.php?u=https%3A%2F%2Fwww.ventimigliablog.it%2Fblog%2Fdedicato-a-tutte-le-persone-gravemente-ammalate-la-fede-puo-curare-insieme-alla-medicina%2F&amp;t=Dedicato+a+tutte+le+persone+gravemente+ammalate%3A+la+fede+puo%26%238217%3B+curare+insieme+alla+medicina.+<+Ventimigliablog\" target=\"_blank\" title=\"Share on Facebook\"><span class=\"quickshare-facebook\">Facebook<\/span><\/a><\/li>\t\t<li><a href=\"https:\/\/twitter.com\/intent\/tweet?url=https%3A%2F%2Fwww.ventimigliablog.it%2Fblog%2Fdedicato-a-tutte-le-persone-gravemente-ammalate-la-fede-puo-curare-insieme-alla-medicina%2F&amp;text=Dedicato+a+tutte+le+persone+gravemente+ammalate%3A+la+fede+puo%26%238217%3B+curare+insieme+alla+medicina.+<+Ventimigliablog\" target=\"_blank\" title=\"Share on Twitter\"><span class=\"quickshare-twitter\">Twitter<\/span><\/a><\/li>\t\t\t\t\t\t<li><a href=\"https:\/\/plus.google.com\/share?url=https%3A%2F%2Fwww.ventimigliablog.it%2Fblog%2Fdedicato-a-tutte-le-persone-gravemente-ammalate-la-fede-puo-curare-insieme-alla-medicina%2F\" target=\"_blank\" title=\"Share on Google+\"><span class=\"quickshare-googleplus\">Google+<\/span><\/a><\/li>\t\t\t\t\t\t\t\t<li><a href=\"mailto:?subject=Ventimigliablog:+Dedicato+a+tutte+le+persone+gravemente+ammalate%3A+la+fede+puo%26%238217%3B+curare+insieme+alla+medicina.&amp;body=https%3A%2F%2Fwww.ventimigliablog.it%2Fblog%2Fdedicato-a-tutte-le-persone-gravemente-ammalate-la-fede-puo-curare-insieme-alla-medicina%2F\" target=\"_blank\" title=\"Share via Email\"><span class=\"quickshare-email\">Email<\/span><\/a><\/li>\t<\/ul>\r\n\t<\/div>\r\n","protected":false},"excerpt":{"rendered":"<p>La fede puo&#8217; aiutare le persone malate ad accettare la malattia, ad essere piu&#8217; sereni, puo&#8217; curare ed aiutare la medicina.\u00a0 Siamo andati a cercare quanto aveva detto\u00a0il Pontefice Benedetto XVI,\u00a0rivolgendosi ai fedeli che affollavano Piazza San Pietro a Roma, &hellip; <a href=\"https:\/\/www.ventimigliablog.it\/blog\/dedicato-a-tutte-le-persone-gravemente-ammalate-la-fede-puo-curare-insieme-alla-medicina\/\">Continua a leggere<span class=\"meta-nav\">&rarr;<\/span><\/a><\/p>\n","protected":false},"author":10,"featured_media":0,"comment_status":"open","ping_status":"closed","sticky":false,"template":"","format":"standard","meta":{"ngg_post_thumbnail":0,"footnotes":""},"categories":[1],"tags":[35],"_links":{"self":[{"href":"https:\/\/www.ventimigliablog.it\/blog\/wp-json\/wp\/v2\/posts\/747"}],"collection":[{"href":"https:\/\/www.ventimigliablog.it\/blog\/wp-json\/wp\/v2\/posts"}],"about":[{"href":"https:\/\/www.ventimigliablog.it\/blog\/wp-json\/wp\/v2\/types\/post"}],"author":[{"embeddable":true,"href":"https:\/\/www.ventimigliablog.it\/blog\/wp-json\/wp\/v2\/users\/10"}],"replies":[{"embeddable":true,"href":"https:\/\/www.ventimigliablog.it\/blog\/wp-json\/wp\/v2\/comments?post=747"}],"version-history":[{"count":0,"href":"https:\/\/www.ventimigliablog.it\/blog\/wp-json\/wp\/v2\/posts\/747\/revisions"}],"wp:attachment":[{"href":"https:\/\/www.ventimigliablog.it\/blog\/wp-json\/wp\/v2\/media?parent=747"}],"wp:term":[{"taxonomy":"category","embeddable":true,"href":"https:\/\/www.ventimigliablog.it\/blog\/wp-json\/wp\/v2\/categories?post=747"},{"taxonomy":"post_tag","embeddable":true,"href":"https:\/\/www.ventimigliablog.it\/blog\/wp-json\/wp\/v2\/tags?post=747"}],"curies":[{"name":"wp","href":"https:\/\/api.w.org\/{rel}","templated":true}]}}