{"id":7491,"date":"2023-09-02T11:40:40","date_gmt":"2023-09-02T09:40:40","guid":{"rendered":"http:\/\/www.ventimigliablog.it\/blog\/?p=7491"},"modified":"2023-09-02T11:40:40","modified_gmt":"2023-09-02T09:40:40","slug":"ventimiglia-lincompatibilita-di-ventrella-torna-in-consiglio-comunale-lex-sindaco-scullino-giustificazioni-ridicole","status":"publish","type":"post","link":"https:\/\/www.ventimigliablog.it\/blog\/ventimiglia-lincompatibilita-di-ventrella-torna-in-consiglio-comunale-lex-sindaco-scullino-giustificazioni-ridicole\/","title":{"rendered":"Ventimiglia, l&#8217;incompatibilit\u00e0 di Ventrella torna in consiglio comunale, l&#8217;ex sindaco Scullino: &#8220;Giustificazioni ridicole&#8221;"},"content":{"rendered":"<p><img loading=\"lazy\" decoding=\"async\" class=\"alignnone size-full wp-image-7492\" src=\"http:\/\/www.ventimigliablog.it\/blog\/wp-content\/uploads\/2023\/09\/sanremonews2.jpg\" alt=\"\" width=\"493\" height=\"114\" srcset=\"https:\/\/www.ventimigliablog.it\/blog\/wp-content\/uploads\/2023\/09\/sanremonews2.jpg 493w, https:\/\/www.ventimigliablog.it\/blog\/wp-content\/uploads\/2023\/09\/sanremonews2-300x69.jpg 300w\" sizes=\"(max-width: 493px) 100vw, 493px\" \/><\/p>\n<p>Ventimiglia, l&#8217;incompatibilit\u00e0 di Ventrella torna in consiglio comunale, l&#8217;ex sindaco Scullino: &#8220;Giustificazioni ridicole&#8221;<\/p>\n<div class=\"a2a_kit a2a_kit_size_32 a2a_default_style\" data-a2a-url=\"\"><a class=\"a2a_button_email\" href=\"https:\/\/www.sanremonews.it\/#email\" target=\"_blank\" rel=\"nofollow noopener noreferrer\"><span class=\"a2a_label\">Email<\/span><\/a><\/p>\n<div><\/div>\n<\/div>\n<h2 class=\"subheader\">Si preannuncia una seduta calda<\/h2>\n<div class=\"news-single-image\"><a href=\"https:\/\/www.sanremonews.it\/typo3temp\/pics\/C_9270e4dfdc.jpg\" rel=\"lightbox[lb1504660]\"><img loading=\"lazy\" decoding=\"async\" title=\"Ventimiglia, l'incompatibilit\u00e0 di Ventrella torna in consiglio comunale, l'ex sindaco Scullino: &amp;quot;Giustificazioni ridicole&amp;quot;\" src=\"https:\/\/www.sanremonews.it\/typo3temp\/pics\/C_722ac969cb.jpg\" alt=\"Ventimiglia, l'incompatibilit\u00e0 di Ventrella torna in consiglio comunale, l'ex sindaco Scullino: &amp;quot;Giustificazioni ridicole&amp;quot;\" width=\"510\" height=\"288\" border=\"0\" \/><\/a><\/div>\n<div class=\"news-single-content\">\n<p dir=\"ltr\"><b>L&#8217;incompatibilit\u00e0 del consigliere comunale\u00a0Franco Ventrella <\/b>sar\u00e0 al centro del prossimo <b>consiglio comunale di Ventimiglia <\/b>che andr\u00e0 in scena <b>luned\u00ec prossimo\u00a0alle 19.\u00a0<\/b>Un argomento che aveva accesso l&#8217;ultima\u00a0seduta del parlamentino\u00a0della <b>Citt\u00e0 di confine<\/b> durante il quale era stata contestata al consigliere l&#8217; incompatibilit\u00e0 a ricoprire la carica di consigliere comunale\u00a0 a causa\u00a0di una lite pendente con il\u00a0Comune e la Regione Liguria e nei confronti di Talea Spa e Coop Liguria S.C.C.<\/p>\n<p dir=\"ltr\"><b>Ventrella<\/b>, a fine 2022, ha, infatti, sottoscritto con\u00a0altri 52 cittadini una delega per un mandato collettivo per la presentazione\u00a0 di un ricorso al Tar contro il progetto di <b>Coop\u00a0&#8211; Talea<\/b> per l&#8217;apertura di un nuovo supermercato. Ieri mattina il &#8216;caso&#8217;\u00a0\u00e8 stato discusso in commissione consiliare dove <b>Ventrella<\/b> ha esposto\u00a0le proprie osservazioni e giustificazioni, votate favorevolmente dalla maggioranza<i>.<\/i><\/p>\n<p dir=\"ltr\">Unica voce fuori dal coro quella\u00a0dell&#8217;ex sindaco\u00a0<b>Gaetano Scullino<\/b> che ha votato contro mentre il resto della minoranza si \u00e8 astenuto:\u00a0<i><b>&#8220;La sua giustificazione \u00e8 ridicola.<\/b>\u00a0<\/i><i>Nella percezione di Ventrella<\/i><i>\u00a0l&#8217;azione era indirizzata contro Coop-Talea e non contro altri\u00a0<\/i><i>e, inoltre, ha detto che ha prestato il suo sostegno\u00a0<\/i><i>solo per rafforzare l&#8217;azione dei privati proprietari, tra cui sua moglie, proprietaria di una porzione immobiliare nella zona dove era previsto l&#8217;interventi di Coop-Talea.\u00a0<\/i><i><b>Non \u00e8 possibile che non sapesse che la causa fosse indirettamente contro il Comune <\/b>e che dopo aver aderito all&#8217;azione giudiziaria si sia totalmente disinteressato della vicenda&#8221;<\/i> &#8211; commenta l&#8217;ex sindaco e attuale consigliere comunale di minoranza<b> Gaetano Scullino &#8211;<\/b><i> &#8220;Comunque non lo esime dalle eventuali conseguenze pregiudizievoli derivanti dall&#8217;incauta sottoscrizione di una dichiarazione prestampata&#8221;.<\/i><\/p>\n<p dir=\"ltr\">La <b>pratica sbarca<\/b><b>\u00a0nuovamente in consiglio comunale.<\/b>\u00a0Sar\u00e0, infatti, il primo punto all&#8217;ordine del giorno della prossima seduta.\u00a0 Il consiglio proseguir\u00e0\u00a0con la\u00a0lettura e l&#8217;approvazione dei verbali del 28 luglio, \u201cquestion time\u201d, mozioni, interpellanze ed interrogazioni e una pratica finanziaria relativa ad una variazione di bilancio.<\/p>\n<\/div>\n\t<div class=\"quickshare-container\">\r\n\t<ul class=\"quickshare-text qs-genericons quickshare-small\">\r\n\t\t<li class=\"quickshare-share\">Condividi :<\/li> \r\n\t\t<li><a href=\"https:\/\/facebook.com\/sharer.php?u=https%3A%2F%2Fwww.ventimigliablog.it%2Fblog%2Fventimiglia-lincompatibilita-di-ventrella-torna-in-consiglio-comunale-lex-sindaco-scullino-giustificazioni-ridicole%2F&amp;t=Ventimiglia%2C+l%26%238217%3Bincompatibilit%C3%A0+di+Ventrella+torna+in+consiglio+comunale%2C+l%26%238217%3Bex+sindaco+Scullino%3A+%26%238220%3BGiustificazioni+ridicole%26%238221%3B+<+Ventimigliablog\" target=\"_blank\" title=\"Share on Facebook\"><span class=\"quickshare-facebook\">Facebook<\/span><\/a><\/li>\t\t<li><a href=\"https:\/\/twitter.com\/intent\/tweet?url=https%3A%2F%2Fwww.ventimigliablog.it%2Fblog%2Fventimiglia-lincompatibilita-di-ventrella-torna-in-consiglio-comunale-lex-sindaco-scullino-giustificazioni-ridicole%2F&amp;text=Ventimiglia%2C+l%26%238217%3Bincompatibilit%C3%A0+di+Ventrella+torna+in+consiglio+comunale%2C+l%26%238217%3Bex+sindaco+Scullino%3A+%26%238220%3BGiustificazioni+ridicole%26%238221%3B+<+Ventimigliablog\" target=\"_blank\" title=\"Share on Twitter\"><span class=\"quickshare-twitter\">Twitter<\/span><\/a><\/li>\t\t\t\t\t\t<li><a href=\"https:\/\/plus.google.com\/share?url=https%3A%2F%2Fwww.ventimigliablog.it%2Fblog%2Fventimiglia-lincompatibilita-di-ventrella-torna-in-consiglio-comunale-lex-sindaco-scullino-giustificazioni-ridicole%2F\" target=\"_blank\" title=\"Share on Google+\"><span class=\"quickshare-googleplus\">Google+<\/span><\/a><\/li>\t\t\t\t\t\t\t\t<li><a href=\"mailto:?subject=Ventimigliablog:+Ventimiglia%2C+l%26%238217%3Bincompatibilit%C3%A0+di+Ventrella+torna+in+consiglio+comunale%2C+l%26%238217%3Bex+sindaco+Scullino%3A+%26%238220%3BGiustificazioni+ridicole%26%238221%3B&amp;body=https%3A%2F%2Fwww.ventimigliablog.it%2Fblog%2Fventimiglia-lincompatibilita-di-ventrella-torna-in-consiglio-comunale-lex-sindaco-scullino-giustificazioni-ridicole%2F\" target=\"_blank\" title=\"Share via Email\"><span class=\"quickshare-email\">Email<\/span><\/a><\/li>\t<\/ul>\r\n\t<\/div>\r\n","protected":false},"excerpt":{"rendered":"<p>Ventimiglia, l&#8217;incompatibilit\u00e0 di Ventrella torna in consiglio comunale, l&#8217;ex sindaco Scullino: &#8220;Giustificazioni ridicole&#8221; Email Si preannuncia una seduta calda L&#8217;incompatibilit\u00e0 del consigliere comunale\u00a0Franco Ventrella sar\u00e0 al centro del prossimo consiglio comunale di Ventimiglia che andr\u00e0 in scena luned\u00ec prossimo\u00a0alle 19.\u00a0Un &hellip; <a href=\"https:\/\/www.ventimigliablog.it\/blog\/ventimiglia-lincompatibilita-di-ventrella-torna-in-consiglio-comunale-lex-sindaco-scullino-giustificazioni-ridicole\/\">Continua a leggere<span class=\"meta-nav\">&rarr;<\/span><\/a><\/p>\n","protected":false},"author":9,"featured_media":0,"comment_status":"open","ping_status":"closed","sticky":true,"template":"","format":"standard","meta":{"ngg_post_thumbnail":0,"footnotes":""},"categories":[1],"tags":[],"_links":{"self":[{"href":"https:\/\/www.ventimigliablog.it\/blog\/wp-json\/wp\/v2\/posts\/7491"}],"collection":[{"href":"https:\/\/www.ventimigliablog.it\/blog\/wp-json\/wp\/v2\/posts"}],"about":[{"href":"https:\/\/www.ventimigliablog.it\/blog\/wp-json\/wp\/v2\/types\/post"}],"author":[{"embeddable":true,"href":"https:\/\/www.ventimigliablog.it\/blog\/wp-json\/wp\/v2\/users\/9"}],"replies":[{"embeddable":true,"href":"https:\/\/www.ventimigliablog.it\/blog\/wp-json\/wp\/v2\/comments?post=7491"}],"version-history":[{"count":1,"href":"https:\/\/www.ventimigliablog.it\/blog\/wp-json\/wp\/v2\/posts\/7491\/revisions"}],"predecessor-version":[{"id":7493,"href":"https:\/\/www.ventimigliablog.it\/blog\/wp-json\/wp\/v2\/posts\/7491\/revisions\/7493"}],"wp:attachment":[{"href":"https:\/\/www.ventimigliablog.it\/blog\/wp-json\/wp\/v2\/media?parent=7491"}],"wp:term":[{"taxonomy":"category","embeddable":true,"href":"https:\/\/www.ventimigliablog.it\/blog\/wp-json\/wp\/v2\/categories?post=7491"},{"taxonomy":"post_tag","embeddable":true,"href":"https:\/\/www.ventimigliablog.it\/blog\/wp-json\/wp\/v2\/tags?post=7491"}],"curies":[{"name":"wp","href":"https:\/\/api.w.org\/{rel}","templated":true}]}}