{"id":762,"date":"2013-01-12T15:49:58","date_gmt":"2013-01-12T14:49:58","guid":{"rendered":"http:\/\/www.ventimigliablog.it\/blog\/?p=762"},"modified":"2013-07-11T13:22:48","modified_gmt":"2013-07-11T11:22:48","slug":"accolto-il-ricorso-contro-lo-scioglimento-del-consiglio-comunale-di-bordighera-scullino-per-bosio-compleanno-che-non-dimentichera-mai","status":"publish","type":"post","link":"https:\/\/www.ventimigliablog.it\/blog\/accolto-il-ricorso-contro-lo-scioglimento-del-consiglio-comunale-di-bordighera-scullino-per-bosio-compleanno-che-non-dimentichera-mai\/","title":{"rendered":"Accolto il ricorso contro lo scioglimento del Consiglio comunale di Bordighera. Intervista a caldo a Scullino sul caso Ventimiglia."},"content":{"rendered":"<p><em>Caro Giovanni, quello di oggi \u00e8 un compleanno che sicuramente ti ricorderai per tutta la vita. Sono felice per te, ma soprattutto per la tua famiglia, siccome sto vivendo la tua stessa situazione<\/em>&#8220;. <!--more--><br \/>\nCos\u00ec, l&#8217;ex sindaco di Ventimiglia, <strong>Gaetano Scullino<\/strong>\u00a0commenta l&#8217;accoglimento del ricorso presentato dal suo collega, l&#8217;ex sindaco\u00a0Giovanni Bosio, contro lo scioglimento del vicino Comune di Bordighera.<br \/>\n&#8220;<em>Innanzitutto<\/em> &#8211; ha aggiunto Scullino &#8211; <em>mi complimento con lui, la sua amministrazione e la sua Giunta. Ma il mio primo pensiero va alla sua famiglia, ai suoi cari. Il secondo pensiero \u00e8 alla citt\u00e0 di Bordighera e ai suoi concittadini, che riconquistano cos\u00ec un&#8217;immagine pulita messa in discussione impropriamente in questi anni<\/em>&#8220;.\ufffd<br \/>\nContinua Scullino: &#8220;<em>Per Ventimiglia staremo a vedere come andr\u00e0 il ricorso al TAR Lazio da me presentato. Con il ricorso ho solo voluto spiegare, a chi aveva voglia di comprendere,\u00a0che noi non abbiamo mai avuto condizionamenti da nessuno, mai una minaccia e che la nostra azione amministrativa \u00e8 sempre stata corretta e basata sulla buona fede e voglia di cambiare in meglio la Citt\u00e0, facendo risparmiare i cittadini sulle opere pubbliche. Solo una grande voglia di fare, considerata da molti troppo determinata ma certamente incisiva. Lo dicono i fatti, lo dimostrano le opere fatte e quelle decise e finanziate che stanno partenendo in questi giorni. Tutto il resto sono\u00a0malintesi, facili ed errate conclusioni della Commissione d&#8217;accesso portate avanti senza contraddittorio, in un clima avvelenato e\u00a0cosparso di\u00a0false verit\u00e0. Questa \u00e8 la realt\u00e0 amministrativa. Vedremo cosa dir\u00e0 il TAR Lazio e poi il consiglio di Stato.<\/em><\/p>\n<p><em>\u00a0Per quanto riguarda, invece, le indagini in corso,\u00a0non intendo dichiarare nulla,\u00a0aspettiamo gli esiti finali, molti sono atti dovuti, certo che la giustizia trionfer\u00e0.&#8221;\u00a0\u00a0<\/em><br \/>\n12 gennaio 2013 &#8211; Ventimigliablog<\/p>\n\t<div class=\"quickshare-container\">\r\n\t<ul class=\"quickshare-text qs-genericons quickshare-small\">\r\n\t\t<li class=\"quickshare-share\">Condividi :<\/li> \r\n\t\t<li><a href=\"https:\/\/facebook.com\/sharer.php?u=https%3A%2F%2Fwww.ventimigliablog.it%2Fblog%2Faccolto-il-ricorso-contro-lo-scioglimento-del-consiglio-comunale-di-bordighera-scullino-per-bosio-compleanno-che-non-dimentichera-mai%2F&amp;t=Accolto+il+ricorso+contro+lo+scioglimento+del+Consiglio+comunale+di+Bordighera.+Intervista+a+caldo+a+Scullino+sul+caso+Ventimiglia.+<+Ventimigliablog\" target=\"_blank\" title=\"Share on Facebook\"><span class=\"quickshare-facebook\">Facebook<\/span><\/a><\/li>\t\t<li><a href=\"https:\/\/twitter.com\/intent\/tweet?url=https%3A%2F%2Fwww.ventimigliablog.it%2Fblog%2Faccolto-il-ricorso-contro-lo-scioglimento-del-consiglio-comunale-di-bordighera-scullino-per-bosio-compleanno-che-non-dimentichera-mai%2F&amp;text=Accolto+il+ricorso+contro+lo+scioglimento+del+Consiglio+comunale+di+Bordighera.+Intervista+a+caldo+a+Scullino+sul+caso+Ventimiglia.+<+Ventimigliablog\" target=\"_blank\" title=\"Share on Twitter\"><span class=\"quickshare-twitter\">Twitter<\/span><\/a><\/li>\t\t\t\t\t\t<li><a href=\"https:\/\/plus.google.com\/share?url=https%3A%2F%2Fwww.ventimigliablog.it%2Fblog%2Faccolto-il-ricorso-contro-lo-scioglimento-del-consiglio-comunale-di-bordighera-scullino-per-bosio-compleanno-che-non-dimentichera-mai%2F\" target=\"_blank\" title=\"Share on Google+\"><span class=\"quickshare-googleplus\">Google+<\/span><\/a><\/li>\t\t\t\t\t\t\t\t<li><a href=\"mailto:?subject=Ventimigliablog:+Accolto+il+ricorso+contro+lo+scioglimento+del+Consiglio+comunale+di+Bordighera.+Intervista+a+caldo+a+Scullino+sul+caso+Ventimiglia.&amp;body=https%3A%2F%2Fwww.ventimigliablog.it%2Fblog%2Faccolto-il-ricorso-contro-lo-scioglimento-del-consiglio-comunale-di-bordighera-scullino-per-bosio-compleanno-che-non-dimentichera-mai%2F\" target=\"_blank\" title=\"Share via Email\"><span class=\"quickshare-email\">Email<\/span><\/a><\/li>\t<\/ul>\r\n\t<\/div>\r\n","protected":false},"excerpt":{"rendered":"<p>Caro Giovanni, quello di oggi \u00e8 un compleanno che sicuramente ti ricorderai per tutta la vita. Sono felice per te, ma soprattutto per la tua famiglia, siccome sto vivendo la tua stessa situazione&#8220;.<\/p>\n","protected":false},"author":10,"featured_media":0,"comment_status":"open","ping_status":"closed","sticky":false,"template":"","format":"standard","meta":{"ngg_post_thumbnail":0,"footnotes":""},"categories":[1,6,10],"tags":[],"_links":{"self":[{"href":"https:\/\/www.ventimigliablog.it\/blog\/wp-json\/wp\/v2\/posts\/762"}],"collection":[{"href":"https:\/\/www.ventimigliablog.it\/blog\/wp-json\/wp\/v2\/posts"}],"about":[{"href":"https:\/\/www.ventimigliablog.it\/blog\/wp-json\/wp\/v2\/types\/post"}],"author":[{"embeddable":true,"href":"https:\/\/www.ventimigliablog.it\/blog\/wp-json\/wp\/v2\/users\/10"}],"replies":[{"embeddable":true,"href":"https:\/\/www.ventimigliablog.it\/blog\/wp-json\/wp\/v2\/comments?post=762"}],"version-history":[{"count":0,"href":"https:\/\/www.ventimigliablog.it\/blog\/wp-json\/wp\/v2\/posts\/762\/revisions"}],"wp:attachment":[{"href":"https:\/\/www.ventimigliablog.it\/blog\/wp-json\/wp\/v2\/media?parent=762"}],"wp:term":[{"taxonomy":"category","embeddable":true,"href":"https:\/\/www.ventimigliablog.it\/blog\/wp-json\/wp\/v2\/categories?post=762"},{"taxonomy":"post_tag","embeddable":true,"href":"https:\/\/www.ventimigliablog.it\/blog\/wp-json\/wp\/v2\/tags?post=762"}],"curies":[{"name":"wp","href":"https:\/\/api.w.org\/{rel}","templated":true}]}}