{"id":7679,"date":"2024-05-09T09:20:19","date_gmt":"2024-05-09T07:20:19","guid":{"rendered":"http:\/\/www.ventimigliablog.it\/blog\/?p=7679"},"modified":"2024-05-09T09:20:19","modified_gmt":"2024-05-09T07:20:19","slug":"la-puntina-di-massimiliano-lussana","status":"publish","type":"post","link":"https:\/\/www.ventimigliablog.it\/blog\/la-puntina-di-massimiliano-lussana\/","title":{"rendered":"LA PUNTINA \u00a0di Massimiliano Lussana\u00a0"},"content":{"rendered":"<p>LA PUNTINA \u00a0di Massimiliano Lussana<\/p>\n<p>L&#8217;OSCENO BANCHETTO DEL TRIBUNALE DEI SOCIAL SUL CADAVERE (POLITICO) DI TOTI<\/p>\n<p>Oggi riparlo del caso Toti, ma non per analizzare di capi d\u2019accusa, intercettazioni, gossip ameni, varie ed eventuali.<\/p>\n<p>Credo che sia materia per la magistratura e non per imbastire processi sommari, n\u00e8 con condanne preventive, n\u00e9 con assoluzioni a prescindere.<br \/>\nCi\u00f2 che pens\u00f2 dal punto di vista giudiziario e politico l\u2019ho scritto ampiamente ieri e, anzi, lo ribadisco oggi dopo aver parlato con un po\u2019 di penalisti. Insomma, considerare i versamenti tracciati a favore della fondazione di Giovanni Toti alla stregua di \u201ctangenti\u201d, come fossero soldi consegnati di notte in una scatola di scarpe con un doppio fondo, \u00e8 esercizio da verificare con il proseguimento dell\u2019inchiesta. Ma comunque, soprattutto se non si dimostrasse il rapporto causa-effetto, il reato sarebbe tutto da dimostrare. Il problema dei costi della politica dopo l\u2019abolizione del finanziamento pubblico \u00e8 un problema reale e troppo semplice per essere liquidato con un\u2019alzata di spalle, chiunque sia il finanziatore, da Soros al pi\u00f9 piccolo contributo ai banchetti. E far finta che non esista il problema, certo non lo risolve.<\/p>\n<p>Per\u00f2, detto che dai faldoni non emerge il migliore dei mondi possibili, dico anche che io personalmente se dovessi sia chiedere che pagare una tangente \u2013 scusatemi, ma non ho praticit\u00e0 con questo esercizio e quindi non sono un esperto \u2013 difficilmente lo farei con l\u2019IBAN. E se fossi il presidente di una Regione e decidessi di mettere in vendita il mio ruolo forse 74mila euro, ma anche il doppio, sinceramente mi sembrerebbero una cifra troppo economica. Ovviamente, scherzo, prima che qualcuno mi accusi di fare il tariffario della corruzione, ma spero che il concetto sia chiaro.<br \/>\nInsomma, ho la massima stima e rispetto della magistratura e non condivido le critiche aprioristiche a questa inchiesta, il garantismo \u00e8 una cosa troppo seria per difendere a prescindere chiunque. Amici e avversari.<\/p>\n<p>Per\u00f2 penso che un arresto alle 3 di notte sia qualcosa che si riserva solitamente a Matteo Messina Denaro o simili e forse nemmeno a loro. E non credo che Giovanni Toti sia nulla di tutto questo. Soprattutto, credo che se ha commesso un reato vero quello sia il reato di \u201cubris\u201d, una certa ubriacatura di potere, come spesso capita ai politici. Ma umanamente, anche e soprattutto oggi, non merita nulla di ci\u00f2 che sta subendo da parte dei leoni da tastiera o degli scandalizzati del giorno dopo. Non mi iscrivo a questo partito, cos\u00ec come non sono iscritto a nessun partito.<br \/>\nComunque per una lettura giuridica di questa storia consiglio l\u2019articolo di Mattia Feltri che posto qui sotto, perch\u00e9 dimostra che non tutti abdicano all\u2019esercizio del pensiero.<br \/>\nHo anche scritto ci\u00f2 che penso politicamente e penso che sarebbe drammatico per tutti noi se insieme a Toti venisse arrestato lo sviluppo della Liguria che sta (stava?) provando a volare, sbocco al mare dell\u2019Italia e dell\u2019Europa continentale alle nostre spalle.<br \/>\nSoprattutto, ed \u00e8 ci\u00f2 a cui tengo di pi\u00f9, spero che non si fermino le politiche sociali di questa giunta, l\u2019aiuto ai pi\u00f9 deboli, non ai ricchi. Le ripeto perch\u00e9 penso siano il lascito politico principale di Toti: abbattimento dell\u2019addizionale Irpef per le fasce deboli, asili nido gratis, treni gratis in tutta la regione e studentati per gli universitari, rigenerazione urbana e demolizione dei ghetti come Begato. Poi, certo, la sanit\u00e0 \u00e8 in difficolt\u00e0 e le liste d\u2019attesa per alcune specialit\u00e0 sono lunghissime, anche se l\u2019acquisto di prestazioni dai privati per alcune specialit\u00e0 ha migliorato le cose.<br \/>\nNon siamo in Paradiso, ma certo la regione da nove anni \u00e8 viva e attrattiva di investimenti, non di sussidi, che sono l\u2019assicurazione sulla vita di un territorio e del futuro.<br \/>\nInsomma, questo \u00e8 il riassunto della Puntina di ieri, che vi ringrazio per aver amato, nella maggior parte dei casi, ma anche odiato. Va bene tutto, perch\u00e9 il dibattito e la diversit\u00e0 di opinioni arricchiscono sempre e l\u2019unico vero pericolo \u00e8 l\u2019assuefazione, l\u2019indifferenza.<br \/>\nPer\u00f2 una cosa lasciatemela dire: vedendo quelli che infieriscono in rete (in alcuni casi addirittura i beneficiati da Toti o quelli che pietivano bussando alla sua porta e tanto dovrebbe bastare per un giudizio umano su questa gente), gli unici che in qualche modo comprendo solo quelli come Ferruccio Sansa. Che sui finanziamenti a Toti \u00e8 da anni che fa la sua battaglia politica, che io non condivido come non ho condiviso l\u2019abolizione del finanziamento pubblico ai partiti, e che ho sempre contestato politicamente dicendogli che non era la mia battaglia. Ma, vivaddio, almeno lui ci mette la faccia e l\u2019ha sempre detto. Cos\u00ec come Luca Pirondini.<br \/>\nMa, appunto, a parte questa critica politico-giudiziaria, che non \u00e8 la mia, ma almeno \u00e8 costante negli anni, quello che vedo \u00e8 un tribunale dei social che sta distruggendo un uomo. Lo sta letteralmente ammazzando, con i post e la gogna social, con pensieri e parole di una violenza inaudita e indegna.<br \/>\nE questo, sinceramente, mi fa schifo, letteralmente schifo. E mi tengo morbido.<br \/>\nToti comunque, persino se dovesse essere immediatamente prosciolto, \u00e8 politicamente finito, almeno per un po\u2019, perch\u00e9 comunque \u00e8 difficile riemergere dalla melma, vera o falsa che sia.<br \/>\nGiovanni \u2013 s\u00ec mi piace chiamarlo per nome, come ho sempre fatto, proprio qui, proprio oggi, in mezzo a gente squallida che sbavava per entrare nei selfie e oggi finge di non conoscerlo \u2013 non credo che meriti questa gogna e queste tricoteuses che applaudono sotto la ghigliottina, che danno i calci a un uomo a terra.<br \/>\nProbabilmente Toti \u00e8 morto politicamente, almeno oggi \u00e8 cos\u00ec, domani non lo so, perch\u00e9 credo che abbia le qualit\u00e0 per riemergere. Ma, ovviamente, il problema del terzo mandato finisce qui, con una soluzione esterna, non sgradita anche a molti della sua stessa maggioranza.<br \/>\nMa l\u2019accanimento, l\u2019odio, la rivalsa, la bava alla bocca, qualificano chi li mette in essere, anche se fanno male a chi li subisce.<br \/>\nE ci tengo a lasciare le ultime parole a una persona con cui talvolta non sono d\u2019accordo, ma che stimo molto, umanamente e professionalmente, oltre che ovviamente artisticamente, Daniele Raco.<br \/>\nLui, anche facendo l\u2019attore, non ha mai nascosto le sue idee, le sue passioni ed ha \u201crischiato\u201d anche di diventare senatore della Repubblica candidandosi alle \u201cparlamentarie\u201d del MoVimento Cinque Stelle.<br \/>\nCredo che Daniele, commentando ieri la Puntina abbia scritto la cosa pi\u00f9 bella e mi piace condividerla con voi: \u201cE\u2019 semplicemente il fatto della settimana e allora ci tocca assistere alla pioggia di meme pi\u00f9 o meno divertenti. Ho fatto un paio di post anche io che teoricamente facendo il comico di mestiere sto appunto, facendo il mio mestiere. Sui quelli che fino a ieri lo chiamavano Giova e ora quasi in maniera ossessiva, ne prendono le distanze ti do ragione. Ma non \u00e8 per lui nello specifico, \u00e8 l\u2019atteggiamento diffuso su tutto ormai. \u00c8 il gossip di serie C sull\u2019altare del quale siamo disposti a sacrificare anche amicizie decennali. \u00c8 successo nel proprio piccolo ad ognuno di noi. La galera non si augura a nessuno, i domiciliari nemmeno. \u00c8 roba brutta e chi si riempie la bocca non sa nemmeno di cosa stia parlando.<\/p>\n<p>Ultima cosa, non l\u2019ho mai votato, anzi, ho sempre militato in qualche modo all\u2019opposizione. Ma l\u2019ho sempre chiamato presidente ogni volta che l\u2019ho incontrato. Una sera qualcuno mi ha detto che non capiva perch\u00e9 proprio io lo chiamassi cos\u00ec, ho risposto che era anche il mio presidente, perch\u00e9 eletto e perch\u00e9 che mi piacesse o meno, rappresentava la terra dove vivo. E per questo da uomo, sono dispiaciuto. Come comico continuo a fare il mio lavoro\u201d.<\/p>\n<p>Ecco, cos\u00ec.<\/p>\n<p>Grazie Daniele, di averci fatto respirare aria pura.<\/p>\n<p>Serviva, oggi.<img loading=\"lazy\" decoding=\"async\" class=\"alignnone size-full wp-image-7680\" src=\"http:\/\/www.ventimigliablog.it\/blog\/wp-content\/uploads\/2024\/05\/IMG_3749.jpeg\" alt=\"\" width=\"919\" height=\"382\" srcset=\"https:\/\/www.ventimigliablog.it\/blog\/wp-content\/uploads\/2024\/05\/IMG_3749.jpeg 919w, https:\/\/www.ventimigliablog.it\/blog\/wp-content\/uploads\/2024\/05\/IMG_3749-300x125.jpeg 300w, https:\/\/www.ventimigliablog.it\/blog\/wp-content\/uploads\/2024\/05\/IMG_3749-768x319.jpeg 768w, https:\/\/www.ventimigliablog.it\/blog\/wp-content\/uploads\/2024\/05\/IMG_3749-500x208.jpeg 500w\" sizes=\"(max-width: 919px) 100vw, 919px\" \/><\/p>\n\t<div class=\"quickshare-container\">\r\n\t<ul class=\"quickshare-text qs-genericons quickshare-small\">\r\n\t\t<li class=\"quickshare-share\">Condividi :<\/li> \r\n\t\t<li><a href=\"https:\/\/facebook.com\/sharer.php?u=https%3A%2F%2Fwww.ventimigliablog.it%2Fblog%2Fla-puntina-di-massimiliano-lussana%2F&amp;t=LA+PUNTINA+%C2%A0di+Massimiliano+Lussana%C2%A0+<+Ventimigliablog\" target=\"_blank\" title=\"Share on Facebook\"><span class=\"quickshare-facebook\">Facebook<\/span><\/a><\/li>\t\t<li><a href=\"https:\/\/twitter.com\/intent\/tweet?url=https%3A%2F%2Fwww.ventimigliablog.it%2Fblog%2Fla-puntina-di-massimiliano-lussana%2F&amp;text=LA+PUNTINA+%C2%A0di+Massimiliano+Lussana%C2%A0+<+Ventimigliablog\" target=\"_blank\" title=\"Share on Twitter\"><span class=\"quickshare-twitter\">Twitter<\/span><\/a><\/li>\t\t\t\t\t\t<li><a href=\"https:\/\/plus.google.com\/share?url=https%3A%2F%2Fwww.ventimigliablog.it%2Fblog%2Fla-puntina-di-massimiliano-lussana%2F\" target=\"_blank\" title=\"Share on Google+\"><span class=\"quickshare-googleplus\">Google+<\/span><\/a><\/li>\t\t\t\t\t\t\t\t<li><a href=\"mailto:?subject=Ventimigliablog:+LA+PUNTINA+%C2%A0di+Massimiliano+Lussana%C2%A0&amp;body=https%3A%2F%2Fwww.ventimigliablog.it%2Fblog%2Fla-puntina-di-massimiliano-lussana%2F\" target=\"_blank\" title=\"Share via Email\"><span class=\"quickshare-email\">Email<\/span><\/a><\/li>\t<\/ul>\r\n\t<\/div>\r\n","protected":false},"excerpt":{"rendered":"<p>LA PUNTINA \u00a0di Massimiliano Lussana L&#8217;OSCENO BANCHETTO DEL TRIBUNALE DEI SOCIAL SUL CADAVERE (POLITICO) DI TOTI Oggi riparlo del caso Toti, ma non per analizzare di capi d\u2019accusa, intercettazioni, gossip ameni, varie ed eventuali. Credo che sia materia per la &hellip; <a href=\"https:\/\/www.ventimigliablog.it\/blog\/la-puntina-di-massimiliano-lussana\/\">Continua a leggere<span class=\"meta-nav\">&rarr;<\/span><\/a><\/p>\n","protected":false},"author":9,"featured_media":0,"comment_status":"open","ping_status":"closed","sticky":true,"template":"","format":"standard","meta":{"ngg_post_thumbnail":0,"footnotes":""},"categories":[1],"tags":[],"_links":{"self":[{"href":"https:\/\/www.ventimigliablog.it\/blog\/wp-json\/wp\/v2\/posts\/7679"}],"collection":[{"href":"https:\/\/www.ventimigliablog.it\/blog\/wp-json\/wp\/v2\/posts"}],"about":[{"href":"https:\/\/www.ventimigliablog.it\/blog\/wp-json\/wp\/v2\/types\/post"}],"author":[{"embeddable":true,"href":"https:\/\/www.ventimigliablog.it\/blog\/wp-json\/wp\/v2\/users\/9"}],"replies":[{"embeddable":true,"href":"https:\/\/www.ventimigliablog.it\/blog\/wp-json\/wp\/v2\/comments?post=7679"}],"version-history":[{"count":1,"href":"https:\/\/www.ventimigliablog.it\/blog\/wp-json\/wp\/v2\/posts\/7679\/revisions"}],"predecessor-version":[{"id":7681,"href":"https:\/\/www.ventimigliablog.it\/blog\/wp-json\/wp\/v2\/posts\/7679\/revisions\/7681"}],"wp:attachment":[{"href":"https:\/\/www.ventimigliablog.it\/blog\/wp-json\/wp\/v2\/media?parent=7679"}],"wp:term":[{"taxonomy":"category","embeddable":true,"href":"https:\/\/www.ventimigliablog.it\/blog\/wp-json\/wp\/v2\/categories?post=7679"},{"taxonomy":"post_tag","embeddable":true,"href":"https:\/\/www.ventimigliablog.it\/blog\/wp-json\/wp\/v2\/tags?post=7679"}],"curies":[{"name":"wp","href":"https:\/\/api.w.org\/{rel}","templated":true}]}}