{"id":7702,"date":"2024-06-05T16:52:16","date_gmt":"2024-06-05T14:52:16","guid":{"rendered":"http:\/\/www.ventimigliablog.it\/blog\/?p=7702"},"modified":"2024-06-05T16:52:16","modified_gmt":"2024-06-05T14:52:16","slug":"scuola-francese-richiesta-di-precisazioni-nuovo-accordo-con-il-comune-di-mentone","status":"publish","type":"post","link":"https:\/\/www.ventimigliablog.it\/blog\/scuola-francese-richiesta-di-precisazioni-nuovo-accordo-con-il-comune-di-mentone\/","title":{"rendered":"SCUOLA FRANCESE: richiesta di precisazioni, nuovo accordo con il Comune di Mentone"},"content":{"rendered":"<p style=\"text-align: left;\">Gaetano Antonio Scullino<br \/>\n18039 ventimiglia<\/p>\n<p>al Dott. Flavio Di Muro<br \/>\nSINDACO<br \/>\nAl signor Roberto Nazzari<br \/>\nINTERROGAZIONE<br \/>\nPRESIDENTE del CONSIGLIO COMUNALE<br \/>\nSEDE<\/p>\n<p>Ogg.tto: SCUOLA FRANCESE: richiesta di precisazioni, nuovo accordo con il Comune di Mentone, per l&#8217;immobile di P.zza xx settembre di propriet\u00e0 della Civitas s.r.l in liquidazione.<br \/>\nPREMESSO CHE,<br \/>\ncon la deliberazione della Giunta Comunale n. 134 del 23\/05\/2019, esecutiva, avente ad oggetto: &#8220;Scuola Francese e ufficio consolare, proroga comodato d&#8217;uso locali piazza XX Settembre&#8221; \u00e8 stato confermato il rilevante interesse pubblico alla continuazione dell&#8217;attivit\u00e0 di scuola francese e ufficio di consolato onorario e conseguentemente \u00e8 stata concessa al Comune di Mentone per la durata di anni cinque, la proroga del comodato d&#8217;uso gratuito per l&#8217;utilizzo di una porzione dell&#8217;ex Liceo Classico di piazza xx settembre, censito a catasto al fg. 65 mapp. 52, corrispondente ai locali attualmente occupati dalla scuola materna ed elementare e dei locali utilizzati come uffici consolari onorari al piano terra-escluso l&#8217;ingresso su via Hanbury, porzione piano terra con antistante giardino, tutto il primo piano, e parte del secondo piano, fatta salva comunque la possibilit\u00e0 di risolvere anticipatamente il contratto con preavviso di sei mesi, a richiesta della Societ\u00e0 Civitas S.r.L. in liquidazione, a cui l&#8217;immobile \u00e8 stato a suo tempo conferito.<br \/>\nRILEVATO CHE<br \/>\ncon nota del 02 Luglio 2019 prot. 29366 a firma del Arch. Marco Marchesi, ha seguito l&#8217;approfondimento istruttorio, aveva evidenziato l&#8217;opportunit\u00e0 e la necessit\u00e0 di disporre un planning economico-finanziario che tenesse conto dei contratti in essere che vedevano coinvolto il Comune di Mentone e poter congruamente valutare, alla luce di un quadro economico generale, il permanere del reale equilibrio dei rapporti.<br \/>\nNello specifico il funzionario rilevava che la convenzione, risultava non pi\u00f9 bilanciata dal momento che con la realizzazione e messa in servizio della nuova fognatura del ponente, lo smaltimento delle acque reflue verso il depuratore nel territorio francese (costo annuale di euro 280.000 circa) si era sensibile ridotto, e quindi si doveva rideterminate l&#8217;importo annuale, per il raggiungimento di una logica reciprocit\u00e0.<br \/>\nCONSIDERATO CHE<br \/>\nnel 2019 il liquidatore della societ\u00e0 Civitas srl in liquidazione, evidenziava da parte sua riserve sulla modalit\u00e0 di concessione dell&#8217;immobile attraverso l&#8217;istituto del comodato gratuito nella forma indicata<br \/>\nravvisando profili di danno erariale, per la mancanza della redditivit\u00e0.<br \/>\nPRESO ATTO CHE<br \/>\n-il Comune di Mentone ha deciso di non farsi pi\u00f9 carico degli oneri di manutenzione, sia ordinario che straordinario, rimanendo a loro carico soltanto l&#8217;incombenza del costo degli insegnanti, e di un &#8220;presunto&#8221;<br \/>\ncanone di affitto di Euro 1.000 mensili;<br \/>\n-il Comune di Ventimiglia per il tramite della controllata Civitas srl dovr\u00e0 prevedere la presa in carico totale dell&#8217;edificio e anche delle responsabilit\u00e0 connesse: in quanto scuola materna ed elementare franco\/italiana, con circa 100 piccoli bambini e personale impiegato, che giornalmente la frequentano, presidio scolastico importantissimo per la comunit\u00e0 Ventimigliese, e quindi immobile deve necessariamente corrispondere alla normativa in materia di sicurezza e agibilit\u00e0 dei luoghi;<br \/>\nACCERTATO CHE<br \/>\ndurante la seduta del Consiglio Comunale del 28 Maggio 2024 i partiti di maggioranza, con la sola esclusione della lista Cambiamo, hanno presentato una mozione di impegno al Sindaco e alla Giunta, di adoperarsi per mantenere aperta la Scuola Franco\/Italiana in quanto eccellenza della nostra Citta; tale permanenza \u00e8 stata, condivisa anche da tutti i consiglieri di minoranza.<br \/>\nSI RICHIEDE<br \/>\nrelazione da parte del liquidatore Dott. Massimo Rossano, circa la sussistenza o meno delle condizioni economiche per:<br \/>\na) il mantenimento del comodato gratuito dell&#8217;immobile a favore del Comune di Mentone e l&#8217;adeguamento della struttura agli usi richiesti, nel contesto economico e giuridico di Civitas srl;<br \/>\nb) relazione della commissione per l&#8217;esercizio del controllo analogo in termini di opportunit\u00e0, efficienza ed efficacia dell&#8217;azione di tale scelta, come previsto dall&#8217;art. 24 del vigente statuto;<br \/>\nc) copia del bilancio di esercizio chiuso al 31 dicembre 2023 dal quale risulti il valore dell\u2019immobile &#8220;Scuole Francesi&#8221;, e dal quale si possono accertare i valori economici\/reddituali.\u2028Dall&#8217;interrogazione della banca dati del registro imprese, il suddetto bilancio non risulta consultabile nonostante siano gia ampiamente decorsi i termini del deposito;\u2028d). copia della relazione di revisione al suddetto bilancio ivi compresa la valutazione degli immobili e, in particolare &#8220;scuole francesi&#8221; rilasciata dal revisore nominato Dott. Domenico Abbo.\u2028 ALLA AMMINISTRAZIONE SI RICHIEDE\u2028e) copia della delibera di giunta esplicativa di come l&#8217;amministrazione comunale intende procedere tecnicamente per adeguare la struttura agli usi richiesti, e se l&#8217;immobile ha i sotto elencati requisiti per affrontare in estrema sicurezza il nuovo anno scolastico 2024\/25:<br \/>\nf) copia della certificazione della conformit\u00e0 dellimpianto elettrico;<br \/>\ng) copia della certificazione della conformit\u00e0 dell&#8217;impianto antincendio;<br \/>\nh) copia della certificazione della conformit\u00e0 dell&#8217;impianto idraulico;\u2028i) copia della conformit\u00e0 e accessibilit\u00e0 dei disabili nonch\u00e9 dei servizi igienici a norma;<br \/>\nJ) copia della certificazione della agibilit\u00e0 dell&#8217;edificio;<br \/>\nk) copia della certificazione strutturale antisismica dell&#8217;edificio;<br \/>\nl) copia del nuovo importo annuale liquidato al Comune di Mentone relativo alla fognatura del ponente;<br \/>\nm) intendimento dell&#8217;attuale amministrazione, attraverso una deliberazione di giunta, rispetto alla concessione a titolo esclusivo e gratuito degli ampi uffici al piano terra e di due parcheggi oggi riservati all&#8217;ex console onorario, in pensione da anni, con ulteriore aggravio dei costi per la Civitas srl.<br \/>\nUna occupazione senza titolo e inaccettabile, che ha obbligato il nuovo Console Onorario di Francia Avv. Luca Fucini di trasferirsi presso i suoi uffici di Sanremo, per espletare le molteplici incombenze burocratiche consolari.<br \/>\nSi richiede risposta scritta, copia delle citate certificazioni, oltre al dibattito in Consiglio Comunale.<br \/>\nVentimiglia 29 Maggio 2024<br \/>\nGaetano A. Scullino<\/p>\n\t<div class=\"quickshare-container\">\r\n\t<ul class=\"quickshare-text qs-genericons quickshare-small\">\r\n\t\t<li class=\"quickshare-share\">Condividi :<\/li> \r\n\t\t<li><a href=\"https:\/\/facebook.com\/sharer.php?u=https%3A%2F%2Fwww.ventimigliablog.it%2Fblog%2Fscuola-francese-richiesta-di-precisazioni-nuovo-accordo-con-il-comune-di-mentone%2F&amp;t=SCUOLA+FRANCESE%3A+richiesta+di+precisazioni%2C+nuovo+accordo+con+il+Comune+di+Mentone+<+Ventimigliablog\" target=\"_blank\" title=\"Share on Facebook\"><span class=\"quickshare-facebook\">Facebook<\/span><\/a><\/li>\t\t<li><a href=\"https:\/\/twitter.com\/intent\/tweet?url=https%3A%2F%2Fwww.ventimigliablog.it%2Fblog%2Fscuola-francese-richiesta-di-precisazioni-nuovo-accordo-con-il-comune-di-mentone%2F&amp;text=SCUOLA+FRANCESE%3A+richiesta+di+precisazioni%2C+nuovo+accordo+con+il+Comune+di+Mentone+<+Ventimigliablog\" target=\"_blank\" title=\"Share on Twitter\"><span class=\"quickshare-twitter\">Twitter<\/span><\/a><\/li>\t\t\t\t\t\t<li><a href=\"https:\/\/plus.google.com\/share?url=https%3A%2F%2Fwww.ventimigliablog.it%2Fblog%2Fscuola-francese-richiesta-di-precisazioni-nuovo-accordo-con-il-comune-di-mentone%2F\" target=\"_blank\" title=\"Share on Google+\"><span class=\"quickshare-googleplus\">Google+<\/span><\/a><\/li>\t\t\t\t\t\t\t\t<li><a href=\"mailto:?subject=Ventimigliablog:+SCUOLA+FRANCESE%3A+richiesta+di+precisazioni%2C+nuovo+accordo+con+il+Comune+di+Mentone&amp;body=https%3A%2F%2Fwww.ventimigliablog.it%2Fblog%2Fscuola-francese-richiesta-di-precisazioni-nuovo-accordo-con-il-comune-di-mentone%2F\" target=\"_blank\" title=\"Share via Email\"><span class=\"quickshare-email\">Email<\/span><\/a><\/li>\t<\/ul>\r\n\t<\/div>\r\n","protected":false},"excerpt":{"rendered":"<p>Gaetano Antonio Scullino 18039 ventimiglia al Dott. Flavio Di Muro SINDACO Al signor Roberto Nazzari INTERROGAZIONE PRESIDENTE del CONSIGLIO COMUNALE SEDE Ogg.tto: SCUOLA FRANCESE: richiesta di precisazioni, nuovo accordo con il Comune di Mentone, per l&#8217;immobile di P.zza xx settembre &hellip; <a href=\"https:\/\/www.ventimigliablog.it\/blog\/scuola-francese-richiesta-di-precisazioni-nuovo-accordo-con-il-comune-di-mentone\/\">Continua a leggere<span class=\"meta-nav\">&rarr;<\/span><\/a><\/p>\n","protected":false},"author":9,"featured_media":0,"comment_status":"open","ping_status":"closed","sticky":true,"template":"","format":"standard","meta":{"ngg_post_thumbnail":0,"footnotes":""},"categories":[1],"tags":[],"_links":{"self":[{"href":"https:\/\/www.ventimigliablog.it\/blog\/wp-json\/wp\/v2\/posts\/7702"}],"collection":[{"href":"https:\/\/www.ventimigliablog.it\/blog\/wp-json\/wp\/v2\/posts"}],"about":[{"href":"https:\/\/www.ventimigliablog.it\/blog\/wp-json\/wp\/v2\/types\/post"}],"author":[{"embeddable":true,"href":"https:\/\/www.ventimigliablog.it\/blog\/wp-json\/wp\/v2\/users\/9"}],"replies":[{"embeddable":true,"href":"https:\/\/www.ventimigliablog.it\/blog\/wp-json\/wp\/v2\/comments?post=7702"}],"version-history":[{"count":3,"href":"https:\/\/www.ventimigliablog.it\/blog\/wp-json\/wp\/v2\/posts\/7702\/revisions"}],"predecessor-version":[{"id":7705,"href":"https:\/\/www.ventimigliablog.it\/blog\/wp-json\/wp\/v2\/posts\/7702\/revisions\/7705"}],"wp:attachment":[{"href":"https:\/\/www.ventimigliablog.it\/blog\/wp-json\/wp\/v2\/media?parent=7702"}],"wp:term":[{"taxonomy":"category","embeddable":true,"href":"https:\/\/www.ventimigliablog.it\/blog\/wp-json\/wp\/v2\/categories?post=7702"},{"taxonomy":"post_tag","embeddable":true,"href":"https:\/\/www.ventimigliablog.it\/blog\/wp-json\/wp\/v2\/tags?post=7702"}],"curies":[{"name":"wp","href":"https:\/\/api.w.org\/{rel}","templated":true}]}}