{"id":782,"date":"2013-01-25T12:34:57","date_gmt":"2013-01-25T11:34:57","guid":{"rendered":"http:\/\/www.ventimigliablog.it\/blog\/?p=782"},"modified":"2013-07-11T13:25:03","modified_gmt":"2013-07-11T11:25:03","slug":"frontalieri-acconti-senza-franchigia-quali-conseguenze","status":"publish","type":"post","link":"https:\/\/www.ventimigliablog.it\/blog\/frontalieri-acconti-senza-franchigia-quali-conseguenze\/","title":{"rendered":"Frontalieri: acconti senza franchigia, quali conseguenze?"},"content":{"rendered":"<div>\n<div>La <strong>Legge di Stabilit\u00e0 per il 2013<\/strong> (L. 228\/2012) ha prorogato il beneficio fiscale per i soggetti che svolgono la propria attivit\u00e0 all&#8217;estero in zone di frontiera.<br \/>\nIn particolare,<strong> il comma 549, dell\u2019art. 1, della Legge di Stabilit\u00e0 per il 2013 <\/strong>ha prorogato per il 2013 l\u2019applicazione del limite di 6.700. Di conseguenza, al di sotto di tale soglia non ci sar\u00e0 alcuna imposizione.<\/div>\n<div>La norma ha per\u00f2 un&#8217;anomalia che \u00e8 bene evidenziare al fine di evitare in futuro equivoci e magari porvi immediato rimedio. <!--more--><\/div>\n<div>Prima di analizzare la piccola anomalia della norma interna in tema di lavoratori frontalieri, \u00e8 bene precisare che nonostante le indicazioni del Modello OCSE 2010 sanciscano per i redditi dei lavoratori frontalieri una potest\u00e0 impositiva concorrente tra il Paese di residenza del lavoratore e il Paese in cui il reddito viene generato, <span style=\"text-decoration: underline;\">spesso le Convenzioni stipulate dall\u2019Italia prevedono criteri diversi.<\/span><br \/>\n<strong>La Convenzione Italia <\/strong>\u2013 <strong>Francia,\u00a0<\/strong><strong>contro le doppie imposizioni,\u00a0ad esempio, prevede all\u2019art. 15, par. 4<\/strong>,\u00a0la potest\u00e0 impositiva esclusiva del paese in cui il soggetto \u00e8 residente. Qundi per i nostri frontalieri residenti a Ventimiglia che si recano a lavorare in Francia, la potest\u00e0 impositiva spetta al Fisco italiano.\ufffd<br \/>\n<strong>Invece\u00a0la convenzione Italia \u2013 Svizzera<\/strong> , all&#8217;art.<strong> 15, comma 4, si <\/strong>dispone che \u201c<em>il regime fiscale applicabile ai redditi ricevuti in corrispettivo di un\u2019attivit\u00e0 dipendente dei lavoratori frontalieri \u00e8 regolato dall\u2019Accordo tra l\u2019Italia e la Svizzera relativo alla imposizione dei lavoratori frontalieri ed alla compensazione finanziaria a favore dei comuni italiani di confine, del 3 ottobre 1974, i cui articoli da 1 a 5 costituiscono parte integrante della presente Convenzione\u201d. <\/em><br \/>\nIn particolare, ai sensi <strong>dell\u2019art. 1 del citato accordo del 3 ottobre 1974, <\/strong>si prevede espressamente che <em>\u201ci salari, gli stipendi e gli altri elementi facenti parte della remunerazione che un lavoratore frontaliero riceve in corrispettivo di un\u2019attivit\u00e0 dipendente sono imponibili soltanto nello Stato in cui tale attivit\u00e0 \u00e8 svolta\u201d.<\/em><br \/>\nDi conseguenza, diversamente dalle indicazioni del Modello OCSE 2010 e dalla Convenzione stipulate dall\u2019Italia con la Francia, i lavoratori italiani che si recano quotidianamente in Svizzera in quanto vi svolgono attivit\u00e0 di lavoro dipendente, vedranno tassati quei redditi in Svizzera e non dovranno preoccuparsi della tassazione italiana.<\/div>\n<div>Com\u2019\u00e8\u00a0semplice comprendere dai casi esposti, la determinazione della potest\u00e0 impositiva sui redditi dei lavoratori frontalieri non \u00e8 standard, ma varia in ciascuna Convenzione contro le doppie imposizioni stipulata dall\u2019Italia.<br \/>\n<strong>Ma dicevamo che esiste un\u2019anomalia<\/strong> nella norma in commento. In tutti i casi in cui spetter\u00e0 all\u2019Italia l\u2019esercizio della potest\u00e0 impositiva sui redditi dei lavoratori dei frontalieri, come nel caso dei frontalieri che lavorano in Francia, \u00e8 bene tener presente che il <strong>comma 549, dell\u2019art. 1, della Legge di Stabilit\u00e0 per il 2013 <\/strong><span style=\"text-decoration: underline;\">dispone che la franchigia non deve essere considerata ai fini del calcolo dell&#8217;acconto Irpef per gli anni 2013 e 2014<\/span>.<br \/>\nQuindi quando i nostri frontalieri ventimigliesi si troveranno a pagare le imposte per gli anni sopra indicati, se la norma rimane cos\u00ec, dovranno pagare gli acconti sul 100% del loro reddito, senza tener conto della franchigia di euro 6.700. Di conseguenza, i lavoratori frontalieri si troveranno ad anticipare la tassazione da recuperare in sede di saldo.<br \/>\nNulla di preoccupante, si potrebbe dire, visto che non sono maggiori imposte pagate ma &#8220;solo&#8221; un&#8217;anticipazione, se non fosse per gli effetti finanziari penalizzanti, soprattutto in un periodo di crisi economica come quello che stiamo attraversando.<\/div>\n<div>25 gennaio 2013 &#8211; Marco Prestileo<\/div>\n<\/div>\n<h5><strong><\/strong><\/h5>\n\t<div class=\"quickshare-container\">\r\n\t<ul class=\"quickshare-text qs-genericons quickshare-small\">\r\n\t\t<li class=\"quickshare-share\">Condividi :<\/li> \r\n\t\t<li><a href=\"https:\/\/facebook.com\/sharer.php?u=https%3A%2F%2Fwww.ventimigliablog.it%2Fblog%2Ffrontalieri-acconti-senza-franchigia-quali-conseguenze%2F&amp;t=Frontalieri%3A+acconti+senza+franchigia%2C+quali+conseguenze%3F+<+Ventimigliablog\" target=\"_blank\" title=\"Share on Facebook\"><span class=\"quickshare-facebook\">Facebook<\/span><\/a><\/li>\t\t<li><a href=\"https:\/\/twitter.com\/intent\/tweet?url=https%3A%2F%2Fwww.ventimigliablog.it%2Fblog%2Ffrontalieri-acconti-senza-franchigia-quali-conseguenze%2F&amp;text=Frontalieri%3A+acconti+senza+franchigia%2C+quali+conseguenze%3F+<+Ventimigliablog\" target=\"_blank\" title=\"Share on Twitter\"><span class=\"quickshare-twitter\">Twitter<\/span><\/a><\/li>\t\t\t\t\t\t<li><a href=\"https:\/\/plus.google.com\/share?url=https%3A%2F%2Fwww.ventimigliablog.it%2Fblog%2Ffrontalieri-acconti-senza-franchigia-quali-conseguenze%2F\" target=\"_blank\" title=\"Share on Google+\"><span class=\"quickshare-googleplus\">Google+<\/span><\/a><\/li>\t\t\t\t\t\t\t\t<li><a href=\"mailto:?subject=Ventimigliablog:+Frontalieri%3A+acconti+senza+franchigia%2C+quali+conseguenze%3F&amp;body=https%3A%2F%2Fwww.ventimigliablog.it%2Fblog%2Ffrontalieri-acconti-senza-franchigia-quali-conseguenze%2F\" target=\"_blank\" title=\"Share via Email\"><span class=\"quickshare-email\">Email<\/span><\/a><\/li>\t<\/ul>\r\n\t<\/div>\r\n","protected":false},"excerpt":{"rendered":"<p>La Legge di Stabilit\u00e0 per il 2013 (L. 228\/2012) ha prorogato il beneficio fiscale per i soggetti che svolgono la propria attivit\u00e0 all&#8217;estero in zone di frontiera. In particolare, il comma 549, dell\u2019art. 1, della Legge di Stabilit\u00e0 per il &hellip; <a href=\"https:\/\/www.ventimigliablog.it\/blog\/frontalieri-acconti-senza-franchigia-quali-conseguenze\/\">Continua a leggere<span class=\"meta-nav\">&rarr;<\/span><\/a><\/p>\n","protected":false},"author":10,"featured_media":0,"comment_status":"open","ping_status":"closed","sticky":false,"template":"","format":"standard","meta":{"ngg_post_thumbnail":0,"footnotes":""},"categories":[9,1,6,10],"tags":[35],"_links":{"self":[{"href":"https:\/\/www.ventimigliablog.it\/blog\/wp-json\/wp\/v2\/posts\/782"}],"collection":[{"href":"https:\/\/www.ventimigliablog.it\/blog\/wp-json\/wp\/v2\/posts"}],"about":[{"href":"https:\/\/www.ventimigliablog.it\/blog\/wp-json\/wp\/v2\/types\/post"}],"author":[{"embeddable":true,"href":"https:\/\/www.ventimigliablog.it\/blog\/wp-json\/wp\/v2\/users\/10"}],"replies":[{"embeddable":true,"href":"https:\/\/www.ventimigliablog.it\/blog\/wp-json\/wp\/v2\/comments?post=782"}],"version-history":[{"count":0,"href":"https:\/\/www.ventimigliablog.it\/blog\/wp-json\/wp\/v2\/posts\/782\/revisions"}],"wp:attachment":[{"href":"https:\/\/www.ventimigliablog.it\/blog\/wp-json\/wp\/v2\/media?parent=782"}],"wp:term":[{"taxonomy":"category","embeddable":true,"href":"https:\/\/www.ventimigliablog.it\/blog\/wp-json\/wp\/v2\/categories?post=782"},{"taxonomy":"post_tag","embeddable":true,"href":"https:\/\/www.ventimigliablog.it\/blog\/wp-json\/wp\/v2\/tags?post=782"}],"curies":[{"name":"wp","href":"https:\/\/api.w.org\/{rel}","templated":true}]}}