{"id":786,"date":"2013-01-28T19:10:17","date_gmt":"2013-01-28T18:10:17","guid":{"rendered":"http:\/\/www.ventimigliablog.it\/blog\/?p=786"},"modified":"2013-07-11T13:25:22","modified_gmt":"2013-07-11T11:25:22","slug":"langolo-del-veterinario-gli-acciacchi-delleta-lartrosi","status":"publish","type":"post","link":"https:\/\/www.ventimigliablog.it\/blog\/langolo-del-veterinario-gli-acciacchi-delleta-lartrosi\/","title":{"rendered":"L&#8217;ANGOLO DEL VETERINARIO: GLI ACCIACCHI DELL&#8217;ETA&#8217;&#8230;.L&#8217;ARTROSI"},"content":{"rendered":"<p>Ricordo ancora un&#8217;immagine della mia nonnina che, indaffarata nel suo fare nulla durante i miei lunghi pomeriggi di studio invernale, con una mano si strofinava energicamente le dita dell&#8217;altra mano ormai accartocciate dal tempo e, mimando un dolore sempre pi\u00f9 crescente, guardava fuori dalla finestra preannunciando, solenne : <em>&#8216; Scangia u tempu!&#8217;<!--more--><\/em><\/p>\n<p><em>&#8216;S\u00ec, nonna&#8217;<\/em> rispondevo svogliatamente <em>&#8216;poi guardiamo su Internet se domani piove&#8217;.<\/em><\/p>\n<p>Ma le sue dita raggrinzite non mentivano, per cui colta da un impellente bisogno di fare scorta di legna per il giorno seguente, si alzava di scatto (!), ma quella gamba martoriata da anni di lavoro in campagna e ora assopita non riusciva a seguire il suo ritmo n\u00e9 a sostenere il suo peso, seppur ridotto, ed il suo viso, sempre pi\u00f9 rugoso, riusciva solo a esprimere dolore ed una previsione meteo pi\u00f9 che accurata &#8216;<em>Sci, sci, ti verai che duman ciove!!&#8217;<\/em><\/p>\n<p>Ecco, situazioni simili accadono anche ai nostri animali quando sono affetti da OSTEOARTROSI : non si lamentano (non lo fanno mai), ma ci fanno capire che provano dolore&#8230;come? Si muovono a rilento, soprattutto al mattino (alcuni proprietari parlano di <strong><em>&#8216;cani-diesel&#8217;<\/em><\/strong> che hanno bisogno di riscaldarsi per partire&#8230;), si rifiutano o tentennano di fronte un ostacolo, sia esso il cofano della macchina, il divano o le scale, preferiscono stare accucciati per un tempo pi\u00f9 lungo del solito, magari si alimentano meno, a volte zoppicano e hanno un <em>visus<\/em> sofferente.<\/p>\n<p>E anche loro diventano bravi esperti meteo, in quanto il freddo e l&#8217;umidit\u00e0 accentuano ulteriormente i sintomi.<\/p>\n<p>Ma cosa si pu\u00f2 fare contro una patologia degenerativa e fondamentalmente incurabile?<\/p>\n<p><em>&#8216;Una pastiglietta ogni tanto, quando ha male, e lui riparte!&#8217;<\/em><\/p>\n<p>Certo, ma per una corretta gestione a lungo termine si pu\u00f2 fare molto di pi\u00f9, intervenendo con tutte le armi a disposizione in quel circolo vizioso dove il <strong>dolore<\/strong> la fa da padrone : la degenerazione articolare, infatti, provoca dolore, il quale riduce il movimento e la resistenza muscolare per cui peggiora la degenerazione articolare portando altro dolore che continua\u00a0 a provocare ipotrofia muscolare e cos\u00ec via.<\/p>\n<p>Per cui riducendo il dolore con farmaci tradizionali, ma anche con l&#8217; omeopatia e soprattutto l&#8217; <strong>agopuntura<\/strong>, e migliorando l&#8217;attivit\u00e0 muscolare con esercizi di <strong>fisioterapia<\/strong> e idroterapia, il nostro cane ci ringrazier\u00e0 sicuramente e anche se ha 12 o 14 anni potr\u00e0 godersi serenamente e senza dolore la sua meritata pensione.<\/p>\n<p><strong><em>La vecchiaia non \u00e8 una malattia<\/em><\/strong> e questo vale per tutti : anche la nonnina, operata di protesi all&#8217;anca all&#8217;et\u00e0 di 82 anni, ha potuto continuare a mettere legna nel caminetto e serenit\u00e0 nei miei studi&#8230;<\/p>\n<p>Dr. Ambesi Matteo<\/p>\n\t<div class=\"quickshare-container\">\r\n\t<ul class=\"quickshare-text qs-genericons quickshare-small\">\r\n\t\t<li class=\"quickshare-share\">Condividi :<\/li> \r\n\t\t<li><a href=\"https:\/\/facebook.com\/sharer.php?u=https%3A%2F%2Fwww.ventimigliablog.it%2Fblog%2Flangolo-del-veterinario-gli-acciacchi-delleta-lartrosi%2F&amp;t=L%26%238217%3BANGOLO+DEL+VETERINARIO%3A+GLI+ACCIACCHI+DELL%26%238217%3BETA%26%238217%3B%26%238230%3B.L%26%238217%3BARTROSI+<+Ventimigliablog\" target=\"_blank\" title=\"Share on Facebook\"><span class=\"quickshare-facebook\">Facebook<\/span><\/a><\/li>\t\t<li><a href=\"https:\/\/twitter.com\/intent\/tweet?url=https%3A%2F%2Fwww.ventimigliablog.it%2Fblog%2Flangolo-del-veterinario-gli-acciacchi-delleta-lartrosi%2F&amp;text=L%26%238217%3BANGOLO+DEL+VETERINARIO%3A+GLI+ACCIACCHI+DELL%26%238217%3BETA%26%238217%3B%26%238230%3B.L%26%238217%3BARTROSI+<+Ventimigliablog\" target=\"_blank\" title=\"Share on Twitter\"><span class=\"quickshare-twitter\">Twitter<\/span><\/a><\/li>\t\t\t\t\t\t<li><a href=\"https:\/\/plus.google.com\/share?url=https%3A%2F%2Fwww.ventimigliablog.it%2Fblog%2Flangolo-del-veterinario-gli-acciacchi-delleta-lartrosi%2F\" target=\"_blank\" title=\"Share on Google+\"><span class=\"quickshare-googleplus\">Google+<\/span><\/a><\/li>\t\t\t\t\t\t\t\t<li><a href=\"mailto:?subject=Ventimigliablog:+L%26%238217%3BANGOLO+DEL+VETERINARIO%3A+GLI+ACCIACCHI+DELL%26%238217%3BETA%26%238217%3B%26%238230%3B.L%26%238217%3BARTROSI&amp;body=https%3A%2F%2Fwww.ventimigliablog.it%2Fblog%2Flangolo-del-veterinario-gli-acciacchi-delleta-lartrosi%2F\" target=\"_blank\" title=\"Share via Email\"><span class=\"quickshare-email\">Email<\/span><\/a><\/li>\t<\/ul>\r\n\t<\/div>\r\n","protected":false},"excerpt":{"rendered":"<p>Ricordo ancora un&#8217;immagine della mia nonnina che, indaffarata nel suo fare nulla durante i miei lunghi pomeriggi di studio invernale, con una mano si strofinava energicamente le dita dell&#8217;altra mano ormai accartocciate dal tempo e, mimando un dolore sempre pi\u00f9 &hellip; <a href=\"https:\/\/www.ventimigliablog.it\/blog\/langolo-del-veterinario-gli-acciacchi-delleta-lartrosi\/\">Continua a leggere<span class=\"meta-nav\">&rarr;<\/span><\/a><\/p>\n","protected":false},"author":10,"featured_media":0,"comment_status":"open","ping_status":"closed","sticky":false,"template":"","format":"standard","meta":{"ngg_post_thumbnail":0,"footnotes":""},"categories":[1,7],"tags":[],"_links":{"self":[{"href":"https:\/\/www.ventimigliablog.it\/blog\/wp-json\/wp\/v2\/posts\/786"}],"collection":[{"href":"https:\/\/www.ventimigliablog.it\/blog\/wp-json\/wp\/v2\/posts"}],"about":[{"href":"https:\/\/www.ventimigliablog.it\/blog\/wp-json\/wp\/v2\/types\/post"}],"author":[{"embeddable":true,"href":"https:\/\/www.ventimigliablog.it\/blog\/wp-json\/wp\/v2\/users\/10"}],"replies":[{"embeddable":true,"href":"https:\/\/www.ventimigliablog.it\/blog\/wp-json\/wp\/v2\/comments?post=786"}],"version-history":[{"count":0,"href":"https:\/\/www.ventimigliablog.it\/blog\/wp-json\/wp\/v2\/posts\/786\/revisions"}],"wp:attachment":[{"href":"https:\/\/www.ventimigliablog.it\/blog\/wp-json\/wp\/v2\/media?parent=786"}],"wp:term":[{"taxonomy":"category","embeddable":true,"href":"https:\/\/www.ventimigliablog.it\/blog\/wp-json\/wp\/v2\/categories?post=786"},{"taxonomy":"post_tag","embeddable":true,"href":"https:\/\/www.ventimigliablog.it\/blog\/wp-json\/wp\/v2\/tags?post=786"}],"curies":[{"name":"wp","href":"https:\/\/api.w.org\/{rel}","templated":true}]}}