{"id":979,"date":"2013-03-20T13:05:55","date_gmt":"2013-03-20T12:05:55","guid":{"rendered":"http:\/\/www.ventimigliablog.it\/blog\/?p=979"},"modified":"2013-07-11T13:41:11","modified_gmt":"2013-07-11T11:41:11","slug":"gli-stipendi-dei-presidenti","status":"publish","type":"post","link":"https:\/\/www.ventimigliablog.it\/blog\/gli-stipendi-dei-presidenti\/","title":{"rendered":"Gli stipendi dei Presidenti."},"content":{"rendered":"<p>I nuovi Presidenti di Camera e Senato si sono ridotti lo stipendio del 30%. Un&#8217;iniziativa ammirevole ed un primo passo concreto verso la riduzione del costo della politica. Un altro passo, anche, del Partito Democratico di avvicinamento verso i grillini.\u00a0<!--more--><\/p>\n<p>Applicata allo stipendio dei loro due predecessori, Fini e Schifani, la riduzione del 30% corrisponde a circa euro 4500 mensili netti. Dopo la citata riduzione rimangono per i predetti Presidenti circa 11.000 euro netti mensili, pi\u00f9 i vari privilegi. \u00c8 tanto o \u00e8 poco? Tutto \u00e8 relativo,\u00a0qualunque somma pagata pu\u00f2 essere eccessiva o insufficiente a seconda dell&#8217;effettivo lavoro che sar\u00e0 svolto ed ai vantaggi che ne deriveranno per il sistema Paese e per i cittadini. Valuteremo dopo.<\/p>\n<p>20 marzo 2013 &#8211; Gaetano Scullino<\/p>\n\t<div class=\"quickshare-container\">\r\n\t<ul class=\"quickshare-text qs-genericons quickshare-small\">\r\n\t\t<li class=\"quickshare-share\">Condividi :<\/li> \r\n\t\t<li><a href=\"https:\/\/facebook.com\/sharer.php?u=https%3A%2F%2Fwww.ventimigliablog.it%2Fblog%2Fgli-stipendi-dei-presidenti%2F&amp;t=Gli+stipendi+dei+Presidenti.+<+Ventimigliablog\" target=\"_blank\" title=\"Share on Facebook\"><span class=\"quickshare-facebook\">Facebook<\/span><\/a><\/li>\t\t<li><a href=\"https:\/\/twitter.com\/intent\/tweet?url=https%3A%2F%2Fwww.ventimigliablog.it%2Fblog%2Fgli-stipendi-dei-presidenti%2F&amp;text=Gli+stipendi+dei+Presidenti.+<+Ventimigliablog\" target=\"_blank\" title=\"Share on Twitter\"><span class=\"quickshare-twitter\">Twitter<\/span><\/a><\/li>\t\t\t\t\t\t<li><a href=\"https:\/\/plus.google.com\/share?url=https%3A%2F%2Fwww.ventimigliablog.it%2Fblog%2Fgli-stipendi-dei-presidenti%2F\" target=\"_blank\" title=\"Share on Google+\"><span class=\"quickshare-googleplus\">Google+<\/span><\/a><\/li>\t\t\t\t\t\t\t\t<li><a href=\"mailto:?subject=Ventimigliablog:+Gli+stipendi+dei+Presidenti.&amp;body=https%3A%2F%2Fwww.ventimigliablog.it%2Fblog%2Fgli-stipendi-dei-presidenti%2F\" target=\"_blank\" title=\"Share via Email\"><span class=\"quickshare-email\">Email<\/span><\/a><\/li>\t<\/ul>\r\n\t<\/div>\r\n","protected":false},"excerpt":{"rendered":"<p>I nuovi Presidenti di Camera e Senato si sono ridotti lo stipendio del 30%. Un&#8217;iniziativa ammirevole ed un primo passo concreto verso la riduzione del costo della politica. Un altro passo, anche, del Partito Democratico di avvicinamento verso i grillini.\u00a0<\/p>\n","protected":false},"author":10,"featured_media":0,"comment_status":"open","ping_status":"closed","sticky":false,"template":"","format":"standard","meta":{"ngg_post_thumbnail":0,"footnotes":""},"categories":[3,1],"tags":[],"_links":{"self":[{"href":"https:\/\/www.ventimigliablog.it\/blog\/wp-json\/wp\/v2\/posts\/979"}],"collection":[{"href":"https:\/\/www.ventimigliablog.it\/blog\/wp-json\/wp\/v2\/posts"}],"about":[{"href":"https:\/\/www.ventimigliablog.it\/blog\/wp-json\/wp\/v2\/types\/post"}],"author":[{"embeddable":true,"href":"https:\/\/www.ventimigliablog.it\/blog\/wp-json\/wp\/v2\/users\/10"}],"replies":[{"embeddable":true,"href":"https:\/\/www.ventimigliablog.it\/blog\/wp-json\/wp\/v2\/comments?post=979"}],"version-history":[{"count":0,"href":"https:\/\/www.ventimigliablog.it\/blog\/wp-json\/wp\/v2\/posts\/979\/revisions"}],"wp:attachment":[{"href":"https:\/\/www.ventimigliablog.it\/blog\/wp-json\/wp\/v2\/media?parent=979"}],"wp:term":[{"taxonomy":"category","embeddable":true,"href":"https:\/\/www.ventimigliablog.it\/blog\/wp-json\/wp\/v2\/categories?post=979"},{"taxonomy":"post_tag","embeddable":true,"href":"https:\/\/www.ventimigliablog.it\/blog\/wp-json\/wp\/v2\/tags?post=979"}],"curies":[{"name":"wp","href":"https:\/\/api.w.org\/{rel}","templated":true}]}}